{"id":98754,"date":"2021-11-05T13:30:40","date_gmt":"2021-11-05T12:30:40","guid":{"rendered":"https:\/\/www.monaco-tribune.com\/2021\/11\/europa-league-las-monaco-resta-imbattuto-contro-il-psv-eindhoven\/"},"modified":"2021-11-05T13:30:44","modified_gmt":"2021-11-05T12:30:44","slug":"europa-league-las-monaco-resta-imbattuto-contro-il-psv-eindhoven","status":"publish","type":"post","link":"https:\/\/www.monaco-tribune.com\/it\/2021\/11\/europa-league-las-monaco-resta-imbattuto-contro-il-psv-eindhoven\/","title":{"rendered":"Europa League: l&#8217;AS Monaco resta imbattuto contro il PSV Eindhoven"},"content":{"rendered":"\n<p><strong>Gioved\u00ec sera, allo stadio Louis II,\u00a0 il match tra l&#8217;AS Monaco e il PSV Eindhoven, nella quarta giornata di Europa League, \u00e8 terminato in un pareggio.<\/strong><\/p>\n\n<h2 class=\"wp-block-heading\">La partita: un Monaco dalla doppia faccia<\/h2>\n\n<p>Leader del gruppo B e vincitori nei Paesi Bassi, gioved\u00ec sera i monegaschi hanno ospitato al Louis II una squadra olandese assetata di vendetta. Alla fine di un primo tempo poco eccitante, senza alcuna occasione n\u00e9 da una n\u00e9 dall&#8217;altra parte, la partita ha cambiato direzione al ritorno dagli spogliatoi, soprattutto grazie al cambio di tattica di Niko Kovac (vedi sotto).<\/p>\n\n<p><strong>&gt;&gt; LEGGI ANCHE: <\/strong><a href=\"https:\/\/www.monaco-tribune.com\/it\/2021\/10\/intervista-a-youssouf-fofana-as-monaco-le-sconfitte-mi-hanno-reso-piu-forte\/\">Intervista a Youssouf Fofana (AS Monaco): \u201cLe sconfitte mi hanno reso pi\u00f9 forte\u201d<\/a><\/p>\n\n<p>Incapaci di creare situazioni interessanti nei primi 45 minuti, i compagni di squadra di Youssouf Fofana hanno atteso solo 5 minuti dall&#8217;inizio del secondo tempo per procurarsi la prima azione calda del match. Con una deviazione perfetta all&#8217;entrata dell&#8217;area di rigore, Sofiane Diop ha servito Myron Boadu che, tuttavia, non \u00e8 riuscito a mettere la palla in porta (50&#8242;).<\/p>\n\n<p>Una prima iniziativa che ne ha chiamate altre, come il colpo di testa di Aur\u00e9lien Tchouam\u00e9ni che ha sfiorato la porta (67&#8242;). Anche il PSV Eindhoven \u00e8 riuscito a procurarsi qualche occasione su alcune sviste monegasche, ma i Rossobianchi non hanno ceduto e si sono assicurati il pareggio, restando ancora imbattuti in questa stagione di Europa League.<\/p>\n\n<p><strong>&gt;&gt; LEGGI ANCHE: <\/strong><a href=\"https:\/\/www.monaco-tribune.com\/it\/2021\/09\/chi-sono-le-3-squadre-avversarie-dellas-monac-nella-fase-a-gironi-delleuropa-league\/\">Chi sono le 3 squadre avversarie dell\u2019AS Monaco nella fase a gironi dell\u2019Europa League?<\/a><\/p>\n\n<p>Con 8 punti e ancora due partite da giocare, l&#8217;AS Monaco raggiunger\u00e0 con tutta probabilit\u00e0 le fasi finali. Una vittoria contro il Real Sociedad nella prossima giornata permetter\u00e0 al Monaco di finire primo nel girone e raggiungere direttamente gli ottavi di finale.<\/p>\n\n<h2 class=\"wp-block-heading\" id=\"h-le-fait-de-jeu-le-trio-sidib-diop-golovin-a-failli-tout-changer\">La strategia: il trio Sidib\u00e9-Diop-Golovin ha quasi cambiato la situazione<\/h2>\n\n<p>Dopo un primo tempo passivo, a met\u00e0 tempo Niko Kovac ha preso delle decisioni forti. Prima, cambiando schema (il 3-5-2 ha lasciato il posto al 4-4-2), e poi facendo entrare in campo contemporaneamente Djibril Sidib\u00e9, Sofiane Diop e Aleksandr Golovin. Entrambe le scelte hanno ripagato, visto che questi tre hanno completamente trasformato il volto dell&#8217;ASM.<\/p>\n\n<p>Sidib\u00e9 ha usato la sua potenza e la sua esperienza in difesa, mentre Diop e Golovin hanno sfoggiato un&#8217;incredibile tecnica, completamente assente nel primo tempo. Non \u00e8 stato abbastanza, tuttavia, per far abbassare la guardia a Jo\u00ebl Drommel.<\/p>\n\n<h2 class=\"wp-block-heading\">Il giocatore: Caio Henrique ha dato il meglio<\/h2>\n\n<p>Instancabile nel suo corridoio sinistro, il calciatore brasiliano U23 \u00e8 stato l&#8217;unico a spingersi verso la porta avversaria nel primo tempo. Caio Henrique ha effettuato passaggi degni di nota, ma con qualche difficolt\u00e0 a trovare un destinatario.<\/p>\n\n<p>Severo e attento in difesa, il terzino sinistro monegasco non ha smesso di correre nel suo corridoio, cercando soluzioni offensive. Se c&#8217;\u00e8 un giocatore che ha inzuppato la maglia di sudore, \u00e8 proprio lui.<\/p>\n\n<h2 class=\"wp-block-heading\">Il numero: 0<\/h2>\n\n<p>Come il numero dei tiri tentati dal PSV Eindhoven in questo incontro. Per Alexander N\u00fcbel \u00e8 stata una serata (molto) tranquilla.<\/p>\n\n<h2 class=\"wp-block-heading\">La dichiarazione: &#8220;Sempre al primo posto del nostro gruppo&#8221;<\/h2>\n\n<p>Beno\u00eet Badiashile: &#8220;Siamo sempre al primo posto del nostro gruppo in questa Europa League, questa \u00e8 la cosa importante. Sappiamo che la nostra performance non \u00e8 stata ottima, ma ci accontentiamo del fatto di non aver incassato neanche un goal&#8221;.<\/p>\n","protected":false},"excerpt":{"rendered":"<p>Gioved\u00ec sera, allo stadio Louis II,\u00a0 il match tra l&#8217;AS Monaco e il PSV Eindhoven, nella quarta giornata di Europa [&hellip;]<\/p>\n","protected":false},"author":24,"featured_media":98704,"comment_status":"closed","ping_status":"closed","sticky":false,"template":"","format":"standard","meta":{"_acf_changed":false,"footnotes":""},"categories":[1738,1743],"tags":[2846],"post_sectags":[],"post_format":[2486],"class_list":["post-98754","post","type-post","status-publish","format-standard","has-post-thumbnail","hentry","category-notizie","category-sport-it","tag-as-monaco-it-2","format-servizio"],"acf":[],"yoast_head":"<!-- This site is optimized with the Yoast SEO Premium plugin v26.8 (Yoast SEO v27.5) - https:\/\/yoast.com\/product\/yoast-seo-premium-wordpress\/ -->\n<title>Europa League: l&#039;AS Monaco resta imbattuto contro il PSV Eindhoven<\/title>\n<meta name=\"description\" content=\"Gioved\u00ec sera, allo stadio Louis II,\u00a0 il match tra l&#039;AS Monaco e il PSV Eindhoven, nella quarta giornata di Europa League, \u00e8 terminato in un pareggio. La\" \/>\n<meta name=\"robots\" content=\"index, follow, max-snippet:-1, max-image-preview:large, max-video-preview:-1\" \/>\n<link rel=\"canonical\" href=\"https:\/\/www.monaco-tribune.com\/it\/2021\/11\/europa-league-las-monaco-resta-imbattuto-contro-il-psv-eindhoven\/\" \/>\n<meta property=\"og:locale\" content=\"it_IT\" \/>\n<meta property=\"og:type\" content=\"article\" \/>\n<meta property=\"og:title\" content=\"Europa League: l&#039;AS Monaco resta imbattuto contro il PSV Eindhoven - Monaco Tribune\" \/>\n<meta property=\"og:description\" content=\"Gioved\u00ec sera, allo stadio Louis II,\u00a0 il match tra l&#039;AS Monaco e il PSV Eindhoven, nella quarta giornata di Europa League, \u00e8 terminato in un pareggio. La\" \/>\n<meta property=\"og:url\" content=\"https:\/\/www.monaco-tribune.com\/it\/2021\/11\/europa-league-las-monaco-resta-imbattuto-contro-il-psv-eindhoven\/\" \/>\n<meta property=\"og:site_name\" content=\"Monaco Tribune\" \/>\n<meta property=\"article:publisher\" content=\"https:\/\/www.facebook.com\/MonacoTribune\" \/>\n<meta property=\"article:published_time\" content=\"2021-11-05T12:30:40+00:00\" \/>\n<meta property=\"article:modified_time\" content=\"2021-11-05T12:30:44+00:00\" \/>\n<meta property=\"og:image\" content=\"https:\/\/www.monaco-tribune.com\/wp-content\/uploads\/2021\/11\/axel-disasi-as-monaco.jpeg\" \/>\n\t<meta property=\"og:image:width\" content=\"1024\" \/>\n\t<meta property=\"og:image:height\" content=\"633\" \/>\n\t<meta property=\"og:image:type\" content=\"image\/jpeg\" \/>\n<meta name=\"author\" content=\"Romain Boisaubert\" \/>\n<meta name=\"twitter:card\" content=\"summary_large_image\" \/>\n<meta name=\"twitter:creator\" content=\"@MonacoTribune\" \/>\n<meta name=\"twitter:site\" content=\"@MonacoTribune\" \/>\n<script type=\"application\/ld+json\" class=\"yoast-schema-graph\">{\"@context\":\"https:\\\/\\\/schema.org\",\"@graph\":[{\"@type\":\"NewsArticle\",\"@id\":\"https:\\\/\\\/www.monaco-tribune.com\\\/it\\\/2021\\\/11\\\/europa-league-las-monaco-resta-imbattuto-contro-il-psv-eindhoven\\\/#article\",\"isPartOf\":{\"@id\":\"https:\\\/\\\/www.monaco-tribune.com\\\/it\\\/2021\\\/11\\\/europa-league-las-monaco-resta-imbattuto-contro-il-psv-eindhoven\\\/\"},\"author\":{\"name\":\"Romain Boisaubert\",\"@id\":\"https:\\\/\\\/www.monaco-tribune.com\\\/it\\\/#\\\/schema\\\/person\\\/330a3732947cf8cb41b2533a0eadd62e\"},\"headline\":\"Europa League: l&#8217;AS Monaco resta imbattuto contro il PSV Eindhoven\",\"datePublished\":\"2021-11-05T12:30:40+00:00\",\"dateModified\":\"2021-11-05T12:30:44+00:00\",\"mainEntityOfPage\":{\"@id\":\"https:\\\/\\\/www.monaco-tribune.com\\\/it\\\/2021\\\/11\\\/europa-league-las-monaco-resta-imbattuto-contro-il-psv-eindhoven\\\/\"},\"wordCount\":556,\"publisher\":{\"@id\":\"https:\\\/\\\/www.monaco-tribune.com\\\/it\\\/#organization\"},\"image\":{\"@id\":\"https:\\\/\\\/www.monaco-tribune.com\\\/it\\\/2021\\\/11\\\/europa-league-las-monaco-resta-imbattuto-contro-il-psv-eindhoven\\\/#primaryimage\"},\"thumbnailUrl\":\"https:\\\/\\\/www.monaco-tribune.com\\\/wp-content\\\/uploads\\\/2021\\\/11\\\/axel-disasi-as-monaco.jpeg\",\"keywords\":[\"AS Monaco\"],\"articleSection\":[\"Notizie\",\"Sport\"],\"inLanguage\":\"it-IT\",\"copyrightYear\":\"2021\",\"copyrightHolder\":{\"@id\":\"https:\\\/\\\/www.monaco-tribune.com\\\/#organization\"}},{\"@type\":\"WebPage\",\"@id\":\"https:\\\/\\\/www.monaco-tribune.com\\\/it\\\/2021\\\/11\\\/europa-league-las-monaco-resta-imbattuto-contro-il-psv-eindhoven\\\/\",\"url\":\"https:\\\/\\\/www.monaco-tribune.com\\\/it\\\/2021\\\/11\\\/europa-league-las-monaco-resta-imbattuto-contro-il-psv-eindhoven\\\/\",\"name\":\"Europa League: l'AS Monaco resta imbattuto contro il PSV Eindhoven\",\"isPartOf\":{\"@id\":\"https:\\\/\\\/www.monaco-tribune.com\\\/it\\\/#website\"},\"primaryImageOfPage\":{\"@id\":\"https:\\\/\\\/www.monaco-tribune.com\\\/it\\\/2021\\\/11\\\/europa-league-las-monaco-resta-imbattuto-contro-il-psv-eindhoven\\\/#primaryimage\"},\"image\":{\"@id\":\"https:\\\/\\\/www.monaco-tribune.com\\\/it\\\/2021\\\/11\\\/europa-league-las-monaco-resta-imbattuto-contro-il-psv-eindhoven\\\/#primaryimage\"},\"thumbnailUrl\":\"https:\\\/\\\/www.monaco-tribune.com\\\/wp-content\\\/uploads\\\/2021\\\/11\\\/axel-disasi-as-monaco.jpeg\",\"datePublished\":\"2021-11-05T12:30:40+00:00\",\"dateModified\":\"2021-11-05T12:30:44+00:00\",\"description\":\"Gioved\u00ec sera, allo stadio Louis II,\u00a0 il match tra l'AS Monaco e il PSV Eindhoven, nella quarta giornata di Europa League, \u00e8 terminato in un pareggio. La\",\"breadcrumb\":{\"@id\":\"https:\\\/\\\/www.monaco-tribune.com\\\/it\\\/2021\\\/11\\\/europa-league-las-monaco-resta-imbattuto-contro-il-psv-eindhoven\\\/#breadcrumb\"},\"inLanguage\":\"it-IT\",\"potentialAction\":[{\"@type\":\"ReadAction\",\"target\":[\"https:\\\/\\\/www.monaco-tribune.com\\\/it\\\/2021\\\/11\\\/europa-league-las-monaco-resta-imbattuto-contro-il-psv-eindhoven\\\/\"]}]},{\"@type\":\"ImageObject\",\"inLanguage\":\"it-IT\",\"@id\":\"https:\\\/\\\/www.monaco-tribune.com\\\/it\\\/2021\\\/11\\\/europa-league-las-monaco-resta-imbattuto-contro-il-psv-eindhoven\\\/#primaryimage\",\"url\":\"https:\\\/\\\/www.monaco-tribune.com\\\/wp-content\\\/uploads\\\/2021\\\/11\\\/axel-disasi-as-monaco.jpeg\",\"contentUrl\":\"https:\\\/\\\/www.monaco-tribune.com\\\/wp-content\\\/uploads\\\/2021\\\/11\\\/axel-disasi-as-monaco.jpeg\",\"width\":1024,\"height\":633,\"caption\":\"PSV Eindhoven\"},{\"@type\":\"BreadcrumbList\",\"@id\":\"https:\\\/\\\/www.monaco-tribune.com\\\/it\\\/2021\\\/11\\\/europa-league-las-monaco-resta-imbattuto-contro-il-psv-eindhoven\\\/#breadcrumb\",\"itemListElement\":[{\"@type\":\"ListItem\",\"position\":1,\"name\":\"Accueil\",\"item\":\"https:\\\/\\\/www.monaco-tribune.com\\\/it\\\/\"},{\"@type\":\"ListItem\",\"position\":2,\"name\":\"Europa League: l&rsquo;AS Monaco resta imbattuto contro il PSV Eindhoven\"}]},{\"@type\":\"WebSite\",\"@id\":\"https:\\\/\\\/www.monaco-tribune.com\\\/it\\\/#website\",\"url\":\"https:\\\/\\\/www.monaco-tribune.com\\\/it\\\/\",\"name\":\"Monaco Tribune\",\"description\":\"Monaco : actualit\u00e9s \u00e9conomiques, politiques, culturelles et sportives de Monaco et de la French Riviera.\",\"publisher\":{\"@id\":\"https:\\\/\\\/www.monaco-tribune.com\\\/it\\\/#organization\"},\"potentialAction\":[{\"@type\":\"SearchAction\",\"target\":{\"@type\":\"EntryPoint\",\"urlTemplate\":\"https:\\\/\\\/www.monaco-tribune.com\\\/it\\\/?s={search_term_string}\"},\"query-input\":{\"@type\":\"PropertyValueSpecification\",\"valueRequired\":true,\"valueName\":\"search_term_string\"}}],\"inLanguage\":\"it-IT\"},{\"@type\":\"Organization\",\"@id\":\"https:\\\/\\\/www.monaco-tribune.com\\\/it\\\/#organization\",\"name\":\"Monaco Tribune\",\"url\":\"https:\\\/\\\/www.monaco-tribune.com\\\/it\\\/\",\"logo\":{\"@type\":\"ImageObject\",\"inLanguage\":\"it-IT\",\"@id\":\"https:\\\/\\\/www.monaco-tribune.com\\\/it\\\/#\\\/schema\\\/logo\\\/image\\\/\",\"url\":\"https:\\\/\\\/www.monaco-tribune.com\\\/wp-content\\\/uploads\\\/2022\\\/11\\\/logo-monaco-tribune.png\",\"contentUrl\":\"https:\\\/\\\/www.monaco-tribune.com\\\/wp-content\\\/uploads\\\/2022\\\/11\\\/logo-monaco-tribune.png\",\"width\":1548,\"height\":600,\"caption\":\"Monaco Tribune\"},\"image\":{\"@id\":\"https:\\\/\\\/www.monaco-tribune.com\\\/it\\\/#\\\/schema\\\/logo\\\/image\\\/\"},\"sameAs\":[\"https:\\\/\\\/www.facebook.com\\\/MonacoTribune\",\"https:\\\/\\\/x.com\\\/MonacoTribune\",\"https:\\\/\\\/www.instagram.com\\\/monacotribune\\\/\",\"https:\\\/\\\/www.linkedin.com\\\/company\\\/monaco-tribune\",\"https:\\\/\\\/www.youtube.com\\\/channel\\\/UCHle1MnG6hw1y4lWKijVbMA\"]},{\"@type\":\"Person\",\"@id\":\"https:\\\/\\\/www.monaco-tribune.com\\\/it\\\/#\\\/schema\\\/person\\\/330a3732947cf8cb41b2533a0eadd62e\",\"name\":\"Romain Boisaubert\",\"image\":{\"@type\":\"ImageObject\",\"inLanguage\":\"it-IT\",\"@id\":\"https:\\\/\\\/secure.gravatar.com\\\/avatar\\\/f8b90d41f1eabd1cbe4cf59e09d8db41a697d51919bf2dfe727589a24a4a4d54?s=96&d=mm&r=g\",\"url\":\"https:\\\/\\\/secure.gravatar.com\\\/avatar\\\/f8b90d41f1eabd1cbe4cf59e09d8db41a697d51919bf2dfe727589a24a4a4d54?s=96&d=mm&r=g\",\"contentUrl\":\"https:\\\/\\\/secure.gravatar.com\\\/avatar\\\/f8b90d41f1eabd1cbe4cf59e09d8db41a697d51919bf2dfe727589a24a4a4d54?s=96&d=mm&r=g\",\"caption\":\"Romain Boisaubert\"},\"description\":\"Test bio\",\"url\":\"https:\\\/\\\/www.monaco-tribune.com\\\/it\\\/author\\\/romain-boisaubert\\\/\"}]}<\/script>\n<!-- \/ Yoast SEO Premium plugin. -->","yoast_head_json":{"title":"Europa League: l'AS Monaco resta imbattuto contro il PSV Eindhoven","description":"Gioved\u00ec sera, allo stadio Louis II,\u00a0 il match tra l'AS Monaco e il PSV Eindhoven, nella quarta giornata di Europa League, \u00e8 terminato in un pareggio. La","robots":{"index":"index","follow":"follow","max-snippet":"max-snippet:-1","max-image-preview":"max-image-preview:large","max-video-preview":"max-video-preview:-1"},"canonical":"https:\/\/www.monaco-tribune.com\/it\/2021\/11\/europa-league-las-monaco-resta-imbattuto-contro-il-psv-eindhoven\/","og_locale":"it_IT","og_type":"article","og_title":"Europa League: l'AS Monaco resta imbattuto contro il PSV Eindhoven - Monaco Tribune","og_description":"Gioved\u00ec sera, allo stadio Louis II,\u00a0 il match tra l'AS Monaco e il PSV Eindhoven, nella quarta giornata di Europa League, \u00e8 terminato in un pareggio. La","og_url":"https:\/\/www.monaco-tribune.com\/it\/2021\/11\/europa-league-las-monaco-resta-imbattuto-contro-il-psv-eindhoven\/","og_site_name":"Monaco Tribune","article_publisher":"https:\/\/www.facebook.com\/MonacoTribune","article_published_time":"2021-11-05T12:30:40+00:00","article_modified_time":"2021-11-05T12:30:44+00:00","og_image":[{"width":1024,"height":633,"url":"https:\/\/www.monaco-tribune.com\/wp-content\/uploads\/2021\/11\/axel-disasi-as-monaco.jpeg","type":"image\/jpeg"}],"author":"Romain Boisaubert","twitter_card":"summary_large_image","twitter_creator":"@MonacoTribune","twitter_site":"@MonacoTribune","schema":{"@context":"https:\/\/schema.org","@graph":[{"@type":"NewsArticle","@id":"https:\/\/www.monaco-tribune.com\/it\/2021\/11\/europa-league-las-monaco-resta-imbattuto-contro-il-psv-eindhoven\/#article","isPartOf":{"@id":"https:\/\/www.monaco-tribune.com\/it\/2021\/11\/europa-league-las-monaco-resta-imbattuto-contro-il-psv-eindhoven\/"},"author":{"name":"Romain Boisaubert","@id":"https:\/\/www.monaco-tribune.com\/it\/#\/schema\/person\/330a3732947cf8cb41b2533a0eadd62e"},"headline":"Europa League: l&#8217;AS Monaco resta imbattuto contro il PSV Eindhoven","datePublished":"2021-11-05T12:30:40+00:00","dateModified":"2021-11-05T12:30:44+00:00","mainEntityOfPage":{"@id":"https:\/\/www.monaco-tribune.com\/it\/2021\/11\/europa-league-las-monaco-resta-imbattuto-contro-il-psv-eindhoven\/"},"wordCount":556,"publisher":{"@id":"https:\/\/www.monaco-tribune.com\/it\/#organization"},"image":{"@id":"https:\/\/www.monaco-tribune.com\/it\/2021\/11\/europa-league-las-monaco-resta-imbattuto-contro-il-psv-eindhoven\/#primaryimage"},"thumbnailUrl":"https:\/\/www.monaco-tribune.com\/wp-content\/uploads\/2021\/11\/axel-disasi-as-monaco.jpeg","keywords":["AS Monaco"],"articleSection":["Notizie","Sport"],"inLanguage":"it-IT","copyrightYear":"2021","copyrightHolder":{"@id":"https:\/\/www.monaco-tribune.com\/#organization"}},{"@type":"WebPage","@id":"https:\/\/www.monaco-tribune.com\/it\/2021\/11\/europa-league-las-monaco-resta-imbattuto-contro-il-psv-eindhoven\/","url":"https:\/\/www.monaco-tribune.com\/it\/2021\/11\/europa-league-las-monaco-resta-imbattuto-contro-il-psv-eindhoven\/","name":"Europa League: l'AS Monaco resta imbattuto contro il PSV Eindhoven","isPartOf":{"@id":"https:\/\/www.monaco-tribune.com\/it\/#website"},"primaryImageOfPage":{"@id":"https:\/\/www.monaco-tribune.com\/it\/2021\/11\/europa-league-las-monaco-resta-imbattuto-contro-il-psv-eindhoven\/#primaryimage"},"image":{"@id":"https:\/\/www.monaco-tribune.com\/it\/2021\/11\/europa-league-las-monaco-resta-imbattuto-contro-il-psv-eindhoven\/#primaryimage"},"thumbnailUrl":"https:\/\/www.monaco-tribune.com\/wp-content\/uploads\/2021\/11\/axel-disasi-as-monaco.jpeg","datePublished":"2021-11-05T12:30:40+00:00","dateModified":"2021-11-05T12:30:44+00:00","description":"Gioved\u00ec sera, allo stadio Louis II,\u00a0 il match tra l'AS Monaco e il PSV Eindhoven, nella quarta giornata di Europa League, \u00e8 terminato in un pareggio. La","breadcrumb":{"@id":"https:\/\/www.monaco-tribune.com\/it\/2021\/11\/europa-league-las-monaco-resta-imbattuto-contro-il-psv-eindhoven\/#breadcrumb"},"inLanguage":"it-IT","potentialAction":[{"@type":"ReadAction","target":["https:\/\/www.monaco-tribune.com\/it\/2021\/11\/europa-league-las-monaco-resta-imbattuto-contro-il-psv-eindhoven\/"]}]},{"@type":"ImageObject","inLanguage":"it-IT","@id":"https:\/\/www.monaco-tribune.com\/it\/2021\/11\/europa-league-las-monaco-resta-imbattuto-contro-il-psv-eindhoven\/#primaryimage","url":"https:\/\/www.monaco-tribune.com\/wp-content\/uploads\/2021\/11\/axel-disasi-as-monaco.jpeg","contentUrl":"https:\/\/www.monaco-tribune.com\/wp-content\/uploads\/2021\/11\/axel-disasi-as-monaco.jpeg","width":1024,"height":633,"caption":"PSV Eindhoven"},{"@type":"BreadcrumbList","@id":"https:\/\/www.monaco-tribune.com\/it\/2021\/11\/europa-league-las-monaco-resta-imbattuto-contro-il-psv-eindhoven\/#breadcrumb","itemListElement":[{"@type":"ListItem","position":1,"name":"Accueil","item":"https:\/\/www.monaco-tribune.com\/it\/"},{"@type":"ListItem","position":2,"name":"Europa League: l&rsquo;AS Monaco resta imbattuto contro il PSV Eindhoven"}]},{"@type":"WebSite","@id":"https:\/\/www.monaco-tribune.com\/it\/#website","url":"https:\/\/www.monaco-tribune.com\/it\/","name":"Monaco Tribune","description":"Monaco : actualit\u00e9s \u00e9conomiques, politiques, culturelles et sportives de Monaco et de la French Riviera.","publisher":{"@id":"https:\/\/www.monaco-tribune.com\/it\/#organization"},"potentialAction":[{"@type":"SearchAction","target":{"@type":"EntryPoint","urlTemplate":"https:\/\/www.monaco-tribune.com\/it\/?s={search_term_string}"},"query-input":{"@type":"PropertyValueSpecification","valueRequired":true,"valueName":"search_term_string"}}],"inLanguage":"it-IT"},{"@type":"Organization","@id":"https:\/\/www.monaco-tribune.com\/it\/#organization","name":"Monaco Tribune","url":"https:\/\/www.monaco-tribune.com\/it\/","logo":{"@type":"ImageObject","inLanguage":"it-IT","@id":"https:\/\/www.monaco-tribune.com\/it\/#\/schema\/logo\/image\/","url":"https:\/\/www.monaco-tribune.com\/wp-content\/uploads\/2022\/11\/logo-monaco-tribune.png","contentUrl":"https:\/\/www.monaco-tribune.com\/wp-content\/uploads\/2022\/11\/logo-monaco-tribune.png","width":1548,"height":600,"caption":"Monaco Tribune"},"image":{"@id":"https:\/\/www.monaco-tribune.com\/it\/#\/schema\/logo\/image\/"},"sameAs":["https:\/\/www.facebook.com\/MonacoTribune","https:\/\/x.com\/MonacoTribune","https:\/\/www.instagram.com\/monacotribune\/","https:\/\/www.linkedin.com\/company\/monaco-tribune","https:\/\/www.youtube.com\/channel\/UCHle1MnG6hw1y4lWKijVbMA"]},{"@type":"Person","@id":"https:\/\/www.monaco-tribune.com\/it\/#\/schema\/person\/330a3732947cf8cb41b2533a0eadd62e","name":"Romain Boisaubert","image":{"@type":"ImageObject","inLanguage":"it-IT","@id":"https:\/\/secure.gravatar.com\/avatar\/f8b90d41f1eabd1cbe4cf59e09d8db41a697d51919bf2dfe727589a24a4a4d54?s=96&d=mm&r=g","url":"https:\/\/secure.gravatar.com\/avatar\/f8b90d41f1eabd1cbe4cf59e09d8db41a697d51919bf2dfe727589a24a4a4d54?s=96&d=mm&r=g","contentUrl":"https:\/\/secure.gravatar.com\/avatar\/f8b90d41f1eabd1cbe4cf59e09d8db41a697d51919bf2dfe727589a24a4a4d54?s=96&d=mm&r=g","caption":"Romain Boisaubert"},"description":"Test bio","url":"https:\/\/www.monaco-tribune.com\/it\/author\/romain-boisaubert\/"}]}},"_links":{"self":[{"href":"https:\/\/www.monaco-tribune.com\/it\/wp-json\/wp\/v2\/posts\/98754","targetHints":{"allow":["GET"]}}],"collection":[{"href":"https:\/\/www.monaco-tribune.com\/it\/wp-json\/wp\/v2\/posts"}],"about":[{"href":"https:\/\/www.monaco-tribune.com\/it\/wp-json\/wp\/v2\/types\/post"}],"author":[{"embeddable":true,"href":"https:\/\/www.monaco-tribune.com\/it\/wp-json\/wp\/v2\/users\/24"}],"replies":[{"embeddable":true,"href":"https:\/\/www.monaco-tribune.com\/it\/wp-json\/wp\/v2\/comments?post=98754"}],"version-history":[{"count":0,"href":"https:\/\/www.monaco-tribune.com\/it\/wp-json\/wp\/v2\/posts\/98754\/revisions"}],"wp:featuredmedia":[{"embeddable":true,"href":"https:\/\/www.monaco-tribune.com\/it\/wp-json\/wp\/v2\/media\/98704"}],"wp:attachment":[{"href":"https:\/\/www.monaco-tribune.com\/it\/wp-json\/wp\/v2\/media?parent=98754"}],"wp:term":[{"taxonomy":"category","embeddable":true,"href":"https:\/\/www.monaco-tribune.com\/it\/wp-json\/wp\/v2\/categories?post=98754"},{"taxonomy":"post_tag","embeddable":true,"href":"https:\/\/www.monaco-tribune.com\/it\/wp-json\/wp\/v2\/tags?post=98754"},{"taxonomy":"sectag","embeddable":true,"href":"https:\/\/www.monaco-tribune.com\/it\/wp-json\/wp\/v2\/post_sectags?post=98754"},{"taxonomy":"format","embeddable":true,"href":"https:\/\/www.monaco-tribune.com\/it\/wp-json\/wp\/v2\/post_format?post=98754"}],"curies":[{"name":"wp","href":"https:\/\/api.w.org\/{rel}","templated":true}]}}