{"id":98826,"date":"2021-11-05T17:05:18","date_gmt":"2021-11-05T16:05:18","guid":{"rendered":"https:\/\/www.monaco-tribune.com\/2021\/11\/naufragio-automobile-club-monte-carlo-jazz-festival-le-notizie-piu-importanti-di-questo-venerdi\/"},"modified":"2021-11-05T17:05:25","modified_gmt":"2021-11-05T16:05:25","slug":"naufragio-automobile-club-monte-carlo-jazz-festival-le-notizie-piu-importanti-di-questo-venerdi","status":"publish","type":"post","link":"https:\/\/www.monaco-tribune.com\/it\/2021\/11\/naufragio-automobile-club-monte-carlo-jazz-festival-le-notizie-piu-importanti-di-questo-venerdi\/","title":{"rendered":"Naufragio, Automobile Club, Monte-Carlo Jazz Festival&#8230; le notizie pi\u00f9 importanti di questo venerd\u00ec"},"content":{"rendered":"\n<p><strong>Facciamo il punto sulle notizie pi\u00f9 importanti di questo venerd\u00ec 5 novembre 2021.<\/strong><\/p>\n\n<p><strong>Naufragio di un&#8217;imbarcazione nel porto di Fontvieille<\/strong> &#8211; La \u201cVieux Crabe\u201d, una barca di 16 metri, \u00e8 affondata nel porto di Fontvieille nella notte tra domenica e luned\u00ec. La Societ\u00e0 di gestione portuale di Monaco (SEPM) ha notato la sua assenza durante l&#8217;ispezione mattutina.<\/p>\n\n<p>Per motivi ancora poco chiari, l&#8217;imbarcazione \u00e8 completamente affondata a una profondit\u00e0 di 7 metri, perdendo tra i 50 e i 100 litri di gasolio in mare. Si \u00e8 fatto ricorso ai sommozzatori per svuotare il serbatoio dal carburante rimasto.<\/p>\n\n<p>Classificata come barca d&#8217;interesse patrimoniale dal Patrimonio marittimo e fluviale, la &#8220;Vieux Crabe&#8221; non sar\u00e0 estratta dall&#8217;acqua nell&#8217;immediato per motivi finanziari.<\/p>\n\n<p><strong>Rielezione del presidente dell\u2019Automobile Club de Monaco\u00a0<\/strong>&#8211; Marted\u00ec 12 ottobre, i membri dell&#8217;Automobile Club de Monaco hanno deciso di rieleggere Michel Boeri. Sar\u00e0 presidente del Consiglio di Amministrazione e del Comitato organizzativo per i prossimi cinque anni.<\/p>\n\n<p><strong>&gt;&gt; LEGGI ANCHE: <\/strong><a href=\"https:\/\/www.monaco-tribune.com\/it\/2021\/09\/automobile-club-de-monaco-le-date-da-non-perdere-della-stagione-2022\/\">Automobile Club de Monaco: le date da non perdere della stagione 2022<\/a><\/p>\n\n<p><strong>Programmazione del Monte-Carlo Jazz Festival &#8211;\u00a0<\/strong>La 15esima edizione del<a href=\"https:\/\/www.montecarlosbm.com\/fr\/spectacles\/monte-carlo-jazz-festival\"> Monte-Carlo Jazz Festival<\/a> si terr\u00e0 dal 23 novembre al 4 dicembre all&#8217;Op\u00e9ra Garnier. In programma, Avishai Cohen Trio, Jamie Cullum, Steve Hackett, Gregory Porter, Chucho Vald\u00e9s Quartet featuring Yilian Ca\u00f1izares, Paul Personne e David Hallyday per la prima volta in assoluto.<\/p>\n\n<p><strong>&gt;&gt; LEGGI ANCHE: <\/strong><a href=\"https:\/\/www.monaco-tribune.com\/it\/2021\/10\/programma-del-monte-carlo-jazz-festival-2021\/\">Il programma del Monte-Carlo Jazz Festival 2021<\/a><\/p>\n\n<p><strong>La Principessa di Hannover visita un&#8217;associazione che aiuta i giovani<\/strong> &#8211; Il 4 ottobre, la Principessa di Hannover ha fatto visita all&#8217;associazione\u00a0<a href=\"https:\/\/www.jeunejecoute.mc\/\">Jeune J\u2019\u00e9coute<\/a>. Ha incontrato il consiglio di amministrazione, il personale e i giovani supportati dall&#8217;organizzazione, finanziata al 90% dal Governo. L&#8217;obiettivo \u00e8 quello di aiutare i minori di 26 anni del Principato che soffrono di problematiche psicologiche.<\/p>\n","protected":false},"excerpt":{"rendered":"<p>Facciamo il punto sulle notizie pi\u00f9 importanti di questo venerd\u00ec 5 novembre 2021. Naufragio di un&#8217;imbarcazione nel porto di Fontvieille [&hellip;]<\/p>\n","protected":false},"author":57,"featured_media":98747,"comment_status":"closed","ping_status":"closed","sticky":false,"template":"","format":"standard","meta":{"_acf_changed":false,"footnotes":""},"categories":[1826,1738,1752],"tags":[],"post_sectags":[],"post_format":[2478],"class_list":["post-98826","post","type-post","status-publish","format-standard","has-post-thumbnail","hentry","category-la-nostra-scelta","category-notizie","category-societa","format-notizia"],"acf":[],"yoast_head":"<!-- This site is optimized with the Yoast SEO Premium plugin v26.8 (Yoast SEO v27.4) - https:\/\/yoast.com\/product\/yoast-seo-premium-wordpress\/ -->\n<title>Naufragio, Automobile Club, Monte-Carlo Jazz Festival... le notizie pi\u00f9 importanti di questo venerd\u00ec<\/title>\n<meta name=\"description\" content=\"Facciamo il punto sulle notizie pi\u00f9 importanti di questo venerd\u00ec 5 novembre 2021. Naufragio di un&#039;imbarcazione nel porto di Fontvieille - La \u201cVieux\" \/>\n<meta name=\"robots\" content=\"index, follow, max-snippet:-1, max-image-preview:large, max-video-preview:-1\" \/>\n<link rel=\"canonical\" href=\"https:\/\/www.monaco-tribune.com\/it\/2021\/11\/naufragio-automobile-club-monte-carlo-jazz-festival-le-notizie-piu-importanti-di-questo-venerdi\/\" \/>\n<meta property=\"og:locale\" content=\"it_IT\" \/>\n<meta property=\"og:type\" content=\"article\" \/>\n<meta property=\"og:title\" content=\"Naufragio, Automobile Club, Monte-Carlo Jazz Festival... le notizie pi\u00f9 importanti di questo venerd\u00ec - Monaco Tribune\" \/>\n<meta property=\"og:description\" content=\"Facciamo il punto sulle notizie pi\u00f9 importanti di questo venerd\u00ec 5 novembre 2021. Naufragio di un&#039;imbarcazione nel porto di Fontvieille - La \u201cVieux\" \/>\n<meta property=\"og:url\" content=\"https:\/\/www.monaco-tribune.com\/it\/2021\/11\/naufragio-automobile-club-monte-carlo-jazz-festival-le-notizie-piu-importanti-di-questo-venerdi\/\" \/>\n<meta property=\"og:site_name\" content=\"Monaco Tribune\" \/>\n<meta property=\"article:publisher\" content=\"https:\/\/www.facebook.com\/MonacoTribune\" \/>\n<meta property=\"article:published_time\" content=\"2021-11-05T16:05:18+00:00\" \/>\n<meta property=\"article:modified_time\" content=\"2021-11-05T16:05:25+00:00\" \/>\n<meta property=\"og:image\" content=\"https:\/\/www.monaco-tribune.com\/wp-content\/uploads\/2021\/11\/port-fontvieille-min.jpg\" \/>\n\t<meta property=\"og:image:width\" content=\"1000\" \/>\n\t<meta property=\"og:image:height\" content=\"667\" \/>\n\t<meta property=\"og:image:type\" content=\"image\/jpeg\" \/>\n<meta name=\"author\" content=\"Josepha Toquereau\" \/>\n<meta name=\"twitter:card\" content=\"summary_large_image\" \/>\n<meta name=\"twitter:creator\" content=\"@MonacoTribune\" \/>\n<meta name=\"twitter:site\" content=\"@MonacoTribune\" \/>\n<script type=\"application\/ld+json\" class=\"yoast-schema-graph\">{\"@context\":\"https:\\\/\\\/schema.org\",\"@graph\":[{\"@type\":\"NewsArticle\",\"@id\":\"https:\\\/\\\/www.monaco-tribune.com\\\/it\\\/2021\\\/11\\\/naufragio-automobile-club-monte-carlo-jazz-festival-le-notizie-piu-importanti-di-questo-venerdi\\\/#article\",\"isPartOf\":{\"@id\":\"https:\\\/\\\/www.monaco-tribune.com\\\/it\\\/2021\\\/11\\\/naufragio-automobile-club-monte-carlo-jazz-festival-le-notizie-piu-importanti-di-questo-venerdi\\\/\"},\"author\":{\"name\":\"Josepha Toquereau\",\"@id\":\"https:\\\/\\\/www.monaco-tribune.com\\\/it\\\/#\\\/schema\\\/person\\\/c8eeb5e36b6ed3782736273e5eb7d764\"},\"headline\":\"Naufragio, Automobile Club, Monte-Carlo Jazz Festival&#8230; le notizie pi\u00f9 importanti di questo venerd\u00ec\",\"datePublished\":\"2021-11-05T16:05:18+00:00\",\"dateModified\":\"2021-11-05T16:05:25+00:00\",\"mainEntityOfPage\":{\"@id\":\"https:\\\/\\\/www.monaco-tribune.com\\\/it\\\/2021\\\/11\\\/naufragio-automobile-club-monte-carlo-jazz-festival-le-notizie-piu-importanti-di-questo-venerdi\\\/\"},\"wordCount\":305,\"publisher\":{\"@id\":\"https:\\\/\\\/www.monaco-tribune.com\\\/it\\\/#organization\"},\"image\":{\"@id\":\"https:\\\/\\\/www.monaco-tribune.com\\\/it\\\/2021\\\/11\\\/naufragio-automobile-club-monte-carlo-jazz-festival-le-notizie-piu-importanti-di-questo-venerdi\\\/#primaryimage\"},\"thumbnailUrl\":\"https:\\\/\\\/www.monaco-tribune.com\\\/wp-content\\\/uploads\\\/2021\\\/11\\\/port-fontvieille-min.jpg\",\"articleSection\":[\"La nostra scelta\",\"Notizie\",\"Societ\u00e0\"],\"inLanguage\":\"it-IT\",\"copyrightYear\":\"2021\",\"copyrightHolder\":{\"@id\":\"https:\\\/\\\/www.monaco-tribune.com\\\/#organization\"}},{\"@type\":\"WebPage\",\"@id\":\"https:\\\/\\\/www.monaco-tribune.com\\\/it\\\/2021\\\/11\\\/naufragio-automobile-club-monte-carlo-jazz-festival-le-notizie-piu-importanti-di-questo-venerdi\\\/\",\"url\":\"https:\\\/\\\/www.monaco-tribune.com\\\/it\\\/2021\\\/11\\\/naufragio-automobile-club-monte-carlo-jazz-festival-le-notizie-piu-importanti-di-questo-venerdi\\\/\",\"name\":\"Naufragio, Automobile Club, Monte-Carlo Jazz Festival... le notizie pi\u00f9 importanti di questo venerd\u00ec\",\"isPartOf\":{\"@id\":\"https:\\\/\\\/www.monaco-tribune.com\\\/it\\\/#website\"},\"primaryImageOfPage\":{\"@id\":\"https:\\\/\\\/www.monaco-tribune.com\\\/it\\\/2021\\\/11\\\/naufragio-automobile-club-monte-carlo-jazz-festival-le-notizie-piu-importanti-di-questo-venerdi\\\/#primaryimage\"},\"image\":{\"@id\":\"https:\\\/\\\/www.monaco-tribune.com\\\/it\\\/2021\\\/11\\\/naufragio-automobile-club-monte-carlo-jazz-festival-le-notizie-piu-importanti-di-questo-venerdi\\\/#primaryimage\"},\"thumbnailUrl\":\"https:\\\/\\\/www.monaco-tribune.com\\\/wp-content\\\/uploads\\\/2021\\\/11\\\/port-fontvieille-min.jpg\",\"datePublished\":\"2021-11-05T16:05:18+00:00\",\"dateModified\":\"2021-11-05T16:05:25+00:00\",\"description\":\"Facciamo il punto sulle notizie pi\u00f9 importanti di questo venerd\u00ec 5 novembre 2021. Naufragio di un'imbarcazione nel porto di Fontvieille - La \u201cVieux\",\"breadcrumb\":{\"@id\":\"https:\\\/\\\/www.monaco-tribune.com\\\/it\\\/2021\\\/11\\\/naufragio-automobile-club-monte-carlo-jazz-festival-le-notizie-piu-importanti-di-questo-venerdi\\\/#breadcrumb\"},\"inLanguage\":\"it-IT\",\"potentialAction\":[{\"@type\":\"ReadAction\",\"target\":[\"https:\\\/\\\/www.monaco-tribune.com\\\/it\\\/2021\\\/11\\\/naufragio-automobile-club-monte-carlo-jazz-festival-le-notizie-piu-importanti-di-questo-venerdi\\\/\"]}]},{\"@type\":\"ImageObject\",\"inLanguage\":\"it-IT\",\"@id\":\"https:\\\/\\\/www.monaco-tribune.com\\\/it\\\/2021\\\/11\\\/naufragio-automobile-club-monte-carlo-jazz-festival-le-notizie-piu-importanti-di-questo-venerdi\\\/#primaryimage\",\"url\":\"https:\\\/\\\/www.monaco-tribune.com\\\/wp-content\\\/uploads\\\/2021\\\/11\\\/port-fontvieille-min.jpg\",\"contentUrl\":\"https:\\\/\\\/www.monaco-tribune.com\\\/wp-content\\\/uploads\\\/2021\\\/11\\\/port-fontvieille-min.jpg\",\"width\":1000,\"height\":667,\"caption\":\"La vittima era a quanto pare ben nota ai frequentatori abituali del porto di Fontvieille - \u00a9 Monaco Tribune\"},{\"@type\":\"BreadcrumbList\",\"@id\":\"https:\\\/\\\/www.monaco-tribune.com\\\/it\\\/2021\\\/11\\\/naufragio-automobile-club-monte-carlo-jazz-festival-le-notizie-piu-importanti-di-questo-venerdi\\\/#breadcrumb\",\"itemListElement\":[{\"@type\":\"ListItem\",\"position\":1,\"name\":\"Accueil\",\"item\":\"https:\\\/\\\/www.monaco-tribune.com\\\/it\\\/\"},{\"@type\":\"ListItem\",\"position\":2,\"name\":\"Naufragio, Automobile Club, Monte-Carlo Jazz Festival&#8230; le notizie pi\u00f9 importanti di questo venerd\u00ec\"}]},{\"@type\":\"WebSite\",\"@id\":\"https:\\\/\\\/www.monaco-tribune.com\\\/it\\\/#website\",\"url\":\"https:\\\/\\\/www.monaco-tribune.com\\\/it\\\/\",\"name\":\"Monaco Tribune\",\"description\":\"Monaco : actualit\u00e9s \u00e9conomiques, politiques, culturelles et sportives de Monaco et de la French Riviera.\",\"publisher\":{\"@id\":\"https:\\\/\\\/www.monaco-tribune.com\\\/it\\\/#organization\"},\"potentialAction\":[{\"@type\":\"SearchAction\",\"target\":{\"@type\":\"EntryPoint\",\"urlTemplate\":\"https:\\\/\\\/www.monaco-tribune.com\\\/it\\\/?s={search_term_string}\"},\"query-input\":{\"@type\":\"PropertyValueSpecification\",\"valueRequired\":true,\"valueName\":\"search_term_string\"}}],\"inLanguage\":\"it-IT\"},{\"@type\":\"Organization\",\"@id\":\"https:\\\/\\\/www.monaco-tribune.com\\\/it\\\/#organization\",\"name\":\"Monaco Tribune\",\"url\":\"https:\\\/\\\/www.monaco-tribune.com\\\/it\\\/\",\"logo\":{\"@type\":\"ImageObject\",\"inLanguage\":\"it-IT\",\"@id\":\"https:\\\/\\\/www.monaco-tribune.com\\\/it\\\/#\\\/schema\\\/logo\\\/image\\\/\",\"url\":\"https:\\\/\\\/www.monaco-tribune.com\\\/wp-content\\\/uploads\\\/2022\\\/11\\\/logo-monaco-tribune.png\",\"contentUrl\":\"https:\\\/\\\/www.monaco-tribune.com\\\/wp-content\\\/uploads\\\/2022\\\/11\\\/logo-monaco-tribune.png\",\"width\":1548,\"height\":600,\"caption\":\"Monaco Tribune\"},\"image\":{\"@id\":\"https:\\\/\\\/www.monaco-tribune.com\\\/it\\\/#\\\/schema\\\/logo\\\/image\\\/\"},\"sameAs\":[\"https:\\\/\\\/www.facebook.com\\\/MonacoTribune\",\"https:\\\/\\\/x.com\\\/MonacoTribune\",\"https:\\\/\\\/www.instagram.com\\\/monacotribune\\\/\",\"https:\\\/\\\/www.linkedin.com\\\/company\\\/monaco-tribune\",\"https:\\\/\\\/www.youtube.com\\\/channel\\\/UCHle1MnG6hw1y4lWKijVbMA\"]},{\"@type\":\"Person\",\"@id\":\"https:\\\/\\\/www.monaco-tribune.com\\\/it\\\/#\\\/schema\\\/person\\\/c8eeb5e36b6ed3782736273e5eb7d764\",\"name\":\"Josepha Toquereau\",\"image\":{\"@type\":\"ImageObject\",\"inLanguage\":\"it-IT\",\"@id\":\"https:\\\/\\\/secure.gravatar.com\\\/avatar\\\/3e06e87605717b00d3b9743f79fca038480454ef05226ef9de5dfa9577c3363f?s=96&d=mm&r=g\",\"url\":\"https:\\\/\\\/secure.gravatar.com\\\/avatar\\\/3e06e87605717b00d3b9743f79fca038480454ef05226ef9de5dfa9577c3363f?s=96&d=mm&r=g\",\"contentUrl\":\"https:\\\/\\\/secure.gravatar.com\\\/avatar\\\/3e06e87605717b00d3b9743f79fca038480454ef05226ef9de5dfa9577c3363f?s=96&d=mm&r=g\",\"caption\":\"Josepha Toquereau\"},\"url\":\"https:\\\/\\\/www.monaco-tribune.com\\\/it\\\/author\\\/josephatoquereau\\\/\"}]}<\/script>\n<!-- \/ Yoast SEO Premium plugin. -->","yoast_head_json":{"title":"Naufragio, Automobile Club, Monte-Carlo Jazz Festival... le notizie pi\u00f9 importanti di questo venerd\u00ec","description":"Facciamo il punto sulle notizie pi\u00f9 importanti di questo venerd\u00ec 5 novembre 2021. Naufragio di un'imbarcazione nel porto di Fontvieille - La \u201cVieux","robots":{"index":"index","follow":"follow","max-snippet":"max-snippet:-1","max-image-preview":"max-image-preview:large","max-video-preview":"max-video-preview:-1"},"canonical":"https:\/\/www.monaco-tribune.com\/it\/2021\/11\/naufragio-automobile-club-monte-carlo-jazz-festival-le-notizie-piu-importanti-di-questo-venerdi\/","og_locale":"it_IT","og_type":"article","og_title":"Naufragio, Automobile Club, Monte-Carlo Jazz Festival... le notizie pi\u00f9 importanti di questo venerd\u00ec - Monaco Tribune","og_description":"Facciamo il punto sulle notizie pi\u00f9 importanti di questo venerd\u00ec 5 novembre 2021. Naufragio di un'imbarcazione nel porto di Fontvieille - La \u201cVieux","og_url":"https:\/\/www.monaco-tribune.com\/it\/2021\/11\/naufragio-automobile-club-monte-carlo-jazz-festival-le-notizie-piu-importanti-di-questo-venerdi\/","og_site_name":"Monaco Tribune","article_publisher":"https:\/\/www.facebook.com\/MonacoTribune","article_published_time":"2021-11-05T16:05:18+00:00","article_modified_time":"2021-11-05T16:05:25+00:00","og_image":[{"width":1000,"height":667,"url":"https:\/\/www.monaco-tribune.com\/wp-content\/uploads\/2021\/11\/port-fontvieille-min.jpg","type":"image\/jpeg"}],"author":"Josepha Toquereau","twitter_card":"summary_large_image","twitter_creator":"@MonacoTribune","twitter_site":"@MonacoTribune","schema":{"@context":"https:\/\/schema.org","@graph":[{"@type":"NewsArticle","@id":"https:\/\/www.monaco-tribune.com\/it\/2021\/11\/naufragio-automobile-club-monte-carlo-jazz-festival-le-notizie-piu-importanti-di-questo-venerdi\/#article","isPartOf":{"@id":"https:\/\/www.monaco-tribune.com\/it\/2021\/11\/naufragio-automobile-club-monte-carlo-jazz-festival-le-notizie-piu-importanti-di-questo-venerdi\/"},"author":{"name":"Josepha Toquereau","@id":"https:\/\/www.monaco-tribune.com\/it\/#\/schema\/person\/c8eeb5e36b6ed3782736273e5eb7d764"},"headline":"Naufragio, Automobile Club, Monte-Carlo Jazz Festival&#8230; le notizie pi\u00f9 importanti di questo venerd\u00ec","datePublished":"2021-11-05T16:05:18+00:00","dateModified":"2021-11-05T16:05:25+00:00","mainEntityOfPage":{"@id":"https:\/\/www.monaco-tribune.com\/it\/2021\/11\/naufragio-automobile-club-monte-carlo-jazz-festival-le-notizie-piu-importanti-di-questo-venerdi\/"},"wordCount":305,"publisher":{"@id":"https:\/\/www.monaco-tribune.com\/it\/#organization"},"image":{"@id":"https:\/\/www.monaco-tribune.com\/it\/2021\/11\/naufragio-automobile-club-monte-carlo-jazz-festival-le-notizie-piu-importanti-di-questo-venerdi\/#primaryimage"},"thumbnailUrl":"https:\/\/www.monaco-tribune.com\/wp-content\/uploads\/2021\/11\/port-fontvieille-min.jpg","articleSection":["La nostra scelta","Notizie","Societ\u00e0"],"inLanguage":"it-IT","copyrightYear":"2021","copyrightHolder":{"@id":"https:\/\/www.monaco-tribune.com\/#organization"}},{"@type":"WebPage","@id":"https:\/\/www.monaco-tribune.com\/it\/2021\/11\/naufragio-automobile-club-monte-carlo-jazz-festival-le-notizie-piu-importanti-di-questo-venerdi\/","url":"https:\/\/www.monaco-tribune.com\/it\/2021\/11\/naufragio-automobile-club-monte-carlo-jazz-festival-le-notizie-piu-importanti-di-questo-venerdi\/","name":"Naufragio, Automobile Club, Monte-Carlo Jazz Festival... le notizie pi\u00f9 importanti di questo venerd\u00ec","isPartOf":{"@id":"https:\/\/www.monaco-tribune.com\/it\/#website"},"primaryImageOfPage":{"@id":"https:\/\/www.monaco-tribune.com\/it\/2021\/11\/naufragio-automobile-club-monte-carlo-jazz-festival-le-notizie-piu-importanti-di-questo-venerdi\/#primaryimage"},"image":{"@id":"https:\/\/www.monaco-tribune.com\/it\/2021\/11\/naufragio-automobile-club-monte-carlo-jazz-festival-le-notizie-piu-importanti-di-questo-venerdi\/#primaryimage"},"thumbnailUrl":"https:\/\/www.monaco-tribune.com\/wp-content\/uploads\/2021\/11\/port-fontvieille-min.jpg","datePublished":"2021-11-05T16:05:18+00:00","dateModified":"2021-11-05T16:05:25+00:00","description":"Facciamo il punto sulle notizie pi\u00f9 importanti di questo venerd\u00ec 5 novembre 2021. Naufragio di un'imbarcazione nel porto di Fontvieille - La \u201cVieux","breadcrumb":{"@id":"https:\/\/www.monaco-tribune.com\/it\/2021\/11\/naufragio-automobile-club-monte-carlo-jazz-festival-le-notizie-piu-importanti-di-questo-venerdi\/#breadcrumb"},"inLanguage":"it-IT","potentialAction":[{"@type":"ReadAction","target":["https:\/\/www.monaco-tribune.com\/it\/2021\/11\/naufragio-automobile-club-monte-carlo-jazz-festival-le-notizie-piu-importanti-di-questo-venerdi\/"]}]},{"@type":"ImageObject","inLanguage":"it-IT","@id":"https:\/\/www.monaco-tribune.com\/it\/2021\/11\/naufragio-automobile-club-monte-carlo-jazz-festival-le-notizie-piu-importanti-di-questo-venerdi\/#primaryimage","url":"https:\/\/www.monaco-tribune.com\/wp-content\/uploads\/2021\/11\/port-fontvieille-min.jpg","contentUrl":"https:\/\/www.monaco-tribune.com\/wp-content\/uploads\/2021\/11\/port-fontvieille-min.jpg","width":1000,"height":667,"caption":"La vittima era a quanto pare ben nota ai frequentatori abituali del porto di Fontvieille - \u00a9 Monaco Tribune"},{"@type":"BreadcrumbList","@id":"https:\/\/www.monaco-tribune.com\/it\/2021\/11\/naufragio-automobile-club-monte-carlo-jazz-festival-le-notizie-piu-importanti-di-questo-venerdi\/#breadcrumb","itemListElement":[{"@type":"ListItem","position":1,"name":"Accueil","item":"https:\/\/www.monaco-tribune.com\/it\/"},{"@type":"ListItem","position":2,"name":"Naufragio, Automobile Club, Monte-Carlo Jazz Festival&#8230; le notizie pi\u00f9 importanti di questo venerd\u00ec"}]},{"@type":"WebSite","@id":"https:\/\/www.monaco-tribune.com\/it\/#website","url":"https:\/\/www.monaco-tribune.com\/it\/","name":"Monaco Tribune","description":"Monaco : actualit\u00e9s \u00e9conomiques, politiques, culturelles et sportives de Monaco et de la French Riviera.","publisher":{"@id":"https:\/\/www.monaco-tribune.com\/it\/#organization"},"potentialAction":[{"@type":"SearchAction","target":{"@type":"EntryPoint","urlTemplate":"https:\/\/www.monaco-tribune.com\/it\/?s={search_term_string}"},"query-input":{"@type":"PropertyValueSpecification","valueRequired":true,"valueName":"search_term_string"}}],"inLanguage":"it-IT"},{"@type":"Organization","@id":"https:\/\/www.monaco-tribune.com\/it\/#organization","name":"Monaco Tribune","url":"https:\/\/www.monaco-tribune.com\/it\/","logo":{"@type":"ImageObject","inLanguage":"it-IT","@id":"https:\/\/www.monaco-tribune.com\/it\/#\/schema\/logo\/image\/","url":"https:\/\/www.monaco-tribune.com\/wp-content\/uploads\/2022\/11\/logo-monaco-tribune.png","contentUrl":"https:\/\/www.monaco-tribune.com\/wp-content\/uploads\/2022\/11\/logo-monaco-tribune.png","width":1548,"height":600,"caption":"Monaco Tribune"},"image":{"@id":"https:\/\/www.monaco-tribune.com\/it\/#\/schema\/logo\/image\/"},"sameAs":["https:\/\/www.facebook.com\/MonacoTribune","https:\/\/x.com\/MonacoTribune","https:\/\/www.instagram.com\/monacotribune\/","https:\/\/www.linkedin.com\/company\/monaco-tribune","https:\/\/www.youtube.com\/channel\/UCHle1MnG6hw1y4lWKijVbMA"]},{"@type":"Person","@id":"https:\/\/www.monaco-tribune.com\/it\/#\/schema\/person\/c8eeb5e36b6ed3782736273e5eb7d764","name":"Josepha Toquereau","image":{"@type":"ImageObject","inLanguage":"it-IT","@id":"https:\/\/secure.gravatar.com\/avatar\/3e06e87605717b00d3b9743f79fca038480454ef05226ef9de5dfa9577c3363f?s=96&d=mm&r=g","url":"https:\/\/secure.gravatar.com\/avatar\/3e06e87605717b00d3b9743f79fca038480454ef05226ef9de5dfa9577c3363f?s=96&d=mm&r=g","contentUrl":"https:\/\/secure.gravatar.com\/avatar\/3e06e87605717b00d3b9743f79fca038480454ef05226ef9de5dfa9577c3363f?s=96&d=mm&r=g","caption":"Josepha Toquereau"},"url":"https:\/\/www.monaco-tribune.com\/it\/author\/josephatoquereau\/"}]}},"_links":{"self":[{"href":"https:\/\/www.monaco-tribune.com\/it\/wp-json\/wp\/v2\/posts\/98826","targetHints":{"allow":["GET"]}}],"collection":[{"href":"https:\/\/www.monaco-tribune.com\/it\/wp-json\/wp\/v2\/posts"}],"about":[{"href":"https:\/\/www.monaco-tribune.com\/it\/wp-json\/wp\/v2\/types\/post"}],"author":[{"embeddable":true,"href":"https:\/\/www.monaco-tribune.com\/it\/wp-json\/wp\/v2\/users\/57"}],"replies":[{"embeddable":true,"href":"https:\/\/www.monaco-tribune.com\/it\/wp-json\/wp\/v2\/comments?post=98826"}],"version-history":[{"count":0,"href":"https:\/\/www.monaco-tribune.com\/it\/wp-json\/wp\/v2\/posts\/98826\/revisions"}],"wp:featuredmedia":[{"embeddable":true,"href":"https:\/\/www.monaco-tribune.com\/it\/wp-json\/wp\/v2\/media\/98747"}],"wp:attachment":[{"href":"https:\/\/www.monaco-tribune.com\/it\/wp-json\/wp\/v2\/media?parent=98826"}],"wp:term":[{"taxonomy":"category","embeddable":true,"href":"https:\/\/www.monaco-tribune.com\/it\/wp-json\/wp\/v2\/categories?post=98826"},{"taxonomy":"post_tag","embeddable":true,"href":"https:\/\/www.monaco-tribune.com\/it\/wp-json\/wp\/v2\/tags?post=98826"},{"taxonomy":"sectag","embeddable":true,"href":"https:\/\/www.monaco-tribune.com\/it\/wp-json\/wp\/v2\/post_sectags?post=98826"},{"taxonomy":"format","embeddable":true,"href":"https:\/\/www.monaco-tribune.com\/it\/wp-json\/wp\/v2\/post_format?post=98826"}],"curies":[{"name":"wp","href":"https:\/\/api.w.org\/{rel}","templated":true}]}}