{"id":98893,"date":"2021-11-08T09:55:04","date_gmt":"2021-11-08T08:55:04","guid":{"rendered":"https:\/\/www.monaco-tribune.com\/2021\/11\/juan-sartori-entra-nel-consiglio-di-amministrazione-dellas-monaco\/"},"modified":"2021-11-25T16:13:23","modified_gmt":"2021-11-25T15:13:23","slug":"juan-sartori-entra-nel-consiglio-di-amministrazione-dellas-monaco","status":"publish","type":"post","link":"https:\/\/www.monaco-tribune.com\/it\/2021\/11\/juan-sartori-entra-nel-consiglio-di-amministrazione-dellas-monaco\/","title":{"rendered":"Juan Sartori entra nel Consiglio di amministrazione dell&#8217;AS Monaco"},"content":{"rendered":"\n<p><strong>Il presidente dell&#8217;AS Monaco, Dmitri Rybolovlev, ha accettato le dimissioni di Willy de Bruyn, membro del Consiglio di amministrazione dal 2011. Al suo posto, entra in campo Juan Sartori.<\/strong><\/p>\n\n\n\n<p>Nato in Uruguay e laureato all&#8217;\u00c9cole des Hautes \u00c9tudes Commerciales dell&#8217;Universit\u00e0 di Losanna, in Svizzera, Juan Sartori \u00e8 appena entrato nel Consiglio di amministrazione dell&#8217;AS Monaco. L&#8217;imprenditore e politico \u00e8 stato anche nominato vicepresidente del club. L&#8217;obiettivo \u00e8 quello di sostenere gli sforzi del Consiglio di amministrazione, sia per mantenere la strategia della squadra di pari passo con la costante evoluzione calcistica, sia per monitorare il team di gestione nell&#8217;attuazione della strategia.<\/p>\n\n\n\n<h2 class=\"wp-block-heading\" id=\"h-un-importante-esperienza-internazionale\">Un&#8217;importante esperienza internazionale<\/h2>\n\n\n\n<p>In un comunicato stampa, il presidente del club Dmitri Rybolovlev ha voluto congratularsi con Juan Sartori per la nuova posizione: &#8220;Desidero dare il benvenuto nel Consiglio di amministrazione a Juan Sartori. Sono convinto che la sua esperienza internazionale nell&#8217;ambito della gestione, sia degli affari che dello sport, oltre che la sua visione e la sua energia, saranno un vantaggio per la squadra&#8221;.<\/p>\n\n\n\n<p>Forte della sua esperienza nei Consigli di amministrazione di sei societ\u00e0 diverse, Juan Sartori \u00e8 gi\u00e0 coinvolto nel mondo del calcio in quanto azionista del Sunderland, squadra di League One inglese.<\/p>\n\n\n\n<p>Il ruolo di Oleg Petrov rester\u00e0 sempre lo stesso, come ha confermato Dmitri Rybolovlev: &#8220;Oleg Petrov resta un membro del Consiglio di amministrazione, vicepresidente e direttore generale dell&#8217;AS Monaco. Continua a essere responsabile di tutte le attivit\u00e0 operative del club. Durante la scorsa stagione, la direzione della squadra ha apportato numerosi cambiamenti strutturali positivi. Continueremo a seguire un percorso di costante miglioramento&#8221;.<\/p>\n\n\n\n<p>Ci ha tenuto, inoltre, a ringraziare Willy de Bruyn, elogiando il suo coinvolgimento e la sua devozione nei confronti del club.<\/p>\n\n\n\n<p>Juan Sartori \u00e8 gi\u00e0 un <em>habitu\u00e9\u00a0<\/em>del Louis II, infatti, <a href=\"https:\/\/www.monaco-tribune.com\/it\/2021\/10\/ligue-1-las-monaco-vince-contro-il-montpellier-e-va-avanti-in-campionato\/\">va spesso a vedere le partite<\/a> dell&#8217;AS Monaco insieme alla moglie, Ekaterina Sartori <meta charset=\"utf-8\">Rybolovleva, e al presidente del club, Dmitri Rybolovlev.<\/p>\n\n\n\n<div class=\"wp-block-image\"><figure class=\"aligncenter size-large\"><img loading=\"lazy\" decoding=\"async\" width=\"1024\" height=\"683\" src=\"https:\/\/www.monaco-tribune.com\/wp-content\/uploads\/2021\/02\/ryvolovlev\u2013famille-as-monaco-1024x683.jpg\" alt=\"Famiglia-Ryvolovlev\u2013AS-Monaco\" class=\"wp-image-67248\" srcset=\"https:\/\/www.monaco-tribune.com\/wp-content\/uploads\/2021\/02\/ryvolovlev\u2013famille-as-monaco-1024x683.jpg 1024w, https:\/\/www.monaco-tribune.com\/wp-content\/uploads\/2021\/02\/ryvolovlev\u2013famille-as-monaco-450x300.jpg 450w, https:\/\/www.monaco-tribune.com\/wp-content\/uploads\/2021\/02\/ryvolovlev\u2013famille-as-monaco-225x150.jpg 225w, https:\/\/www.monaco-tribune.com\/wp-content\/uploads\/2021\/02\/ryvolovlev\u2013famille-as-monaco-768x512.jpg 768w, https:\/\/www.monaco-tribune.com\/wp-content\/uploads\/2021\/02\/ryvolovlev\u2013famille-as-monaco-175x117.jpg 175w, https:\/\/www.monaco-tribune.com\/wp-content\/uploads\/2021\/02\/ryvolovlev\u2013famille-as-monaco.jpg 1200w\" sizes=\"auto, (max-width: 1024px) 100vw, 1024px\" \/><figcaption>Dmitri Rybolovlev accompagnato dalla figlia Ekaterina Sartori <meta charset=\"utf-8\">Rybolovleva con il marito Juan Sartori \u00a9 AS Monaco<\/figcaption><\/figure><\/div>\n","protected":false},"excerpt":{"rendered":"<p>Il presidente dell&#8217;AS Monaco, Dmitri Rybolovlev, ha accettato le dimissioni di Willy de Bruyn, membro del Consiglio di amministrazione dal [&hellip;]<\/p>\n","protected":false},"author":60,"featured_media":98840,"comment_status":"closed","ping_status":"closed","sticky":false,"template":"","format":"standard","meta":{"_acf_changed":false,"footnotes":""},"categories":[1826,1738,1743],"tags":[2846],"post_sectags":[],"post_format":[2478],"class_list":["post-98893","post","type-post","status-publish","format-standard","has-post-thumbnail","hentry","category-la-nostra-scelta","category-notizie","category-sport-it","tag-as-monaco-it-2","format-notizia"],"acf":[],"yoast_head":"<!-- This site is optimized with the Yoast SEO Premium plugin v26.8 (Yoast SEO v27.5) - https:\/\/yoast.com\/product\/yoast-seo-premium-wordpress\/ -->\n<title>Juan Sartori entra nel Consiglio di amministrazione dell&#039;AS Monaco<\/title>\n<meta name=\"description\" content=\"Il presidente dell&#039;AS Monaco, Dmitri Rybolovlev, ha accettato le dimissioni di Willy de Bruyn, membro del Consiglio di amministrazione dal 2011. Al suo\" \/>\n<meta name=\"robots\" content=\"index, follow, max-snippet:-1, max-image-preview:large, max-video-preview:-1\" \/>\n<link rel=\"canonical\" href=\"https:\/\/www.monaco-tribune.com\/it\/2021\/11\/juan-sartori-entra-nel-consiglio-di-amministrazione-dellas-monaco\/\" \/>\n<meta property=\"og:locale\" content=\"it_IT\" \/>\n<meta property=\"og:type\" content=\"article\" \/>\n<meta property=\"og:title\" content=\"Juan Sartori entra nel Consiglio di amministrazione dell&#039;AS Monaco - Monaco Tribune\" \/>\n<meta property=\"og:description\" content=\"Il presidente dell&#039;AS Monaco, Dmitri Rybolovlev, ha accettato le dimissioni di Willy de Bruyn, membro del Consiglio di amministrazione dal 2011. Al suo\" \/>\n<meta property=\"og:url\" content=\"https:\/\/www.monaco-tribune.com\/it\/2021\/11\/juan-sartori-entra-nel-consiglio-di-amministrazione-dellas-monaco\/\" \/>\n<meta property=\"og:site_name\" content=\"Monaco Tribune\" \/>\n<meta property=\"article:publisher\" content=\"https:\/\/www.facebook.com\/MonacoTribune\" \/>\n<meta property=\"article:published_time\" content=\"2021-11-08T08:55:04+00:00\" \/>\n<meta property=\"article:modified_time\" content=\"2021-11-25T15:13:23+00:00\" \/>\n<meta property=\"og:image\" content=\"https:\/\/www.monaco-tribune.com\/wp-content\/uploads\/2021\/11\/juan-sartori-monaco.jpeg\" \/>\n\t<meta property=\"og:image:width\" content=\"1160\" \/>\n\t<meta property=\"og:image:height\" content=\"653\" \/>\n\t<meta property=\"og:image:type\" content=\"image\/jpeg\" \/>\n<meta name=\"author\" content=\"Camille Esteve\" \/>\n<meta name=\"twitter:card\" content=\"summary_large_image\" \/>\n<meta name=\"twitter:creator\" content=\"@MonacoTribune\" \/>\n<meta name=\"twitter:site\" content=\"@MonacoTribune\" \/>\n<script type=\"application\/ld+json\" class=\"yoast-schema-graph\">{\"@context\":\"https:\\\/\\\/schema.org\",\"@graph\":[{\"@type\":\"NewsArticle\",\"@id\":\"https:\\\/\\\/www.monaco-tribune.com\\\/it\\\/2021\\\/11\\\/juan-sartori-entra-nel-consiglio-di-amministrazione-dellas-monaco\\\/#article\",\"isPartOf\":{\"@id\":\"https:\\\/\\\/www.monaco-tribune.com\\\/it\\\/2021\\\/11\\\/juan-sartori-entra-nel-consiglio-di-amministrazione-dellas-monaco\\\/\"},\"author\":{\"name\":\"Camille Esteve\",\"@id\":\"https:\\\/\\\/www.monaco-tribune.com\\\/it\\\/#\\\/schema\\\/person\\\/a855d420fff4d03637641d60b93ac62e\"},\"headline\":\"Juan Sartori entra nel Consiglio di amministrazione dell&#8217;AS Monaco\",\"datePublished\":\"2021-11-08T08:55:04+00:00\",\"dateModified\":\"2021-11-25T15:13:23+00:00\",\"mainEntityOfPage\":{\"@id\":\"https:\\\/\\\/www.monaco-tribune.com\\\/it\\\/2021\\\/11\\\/juan-sartori-entra-nel-consiglio-di-amministrazione-dellas-monaco\\\/\"},\"wordCount\":341,\"publisher\":{\"@id\":\"https:\\\/\\\/www.monaco-tribune.com\\\/it\\\/#organization\"},\"image\":{\"@id\":\"https:\\\/\\\/www.monaco-tribune.com\\\/it\\\/2021\\\/11\\\/juan-sartori-entra-nel-consiglio-di-amministrazione-dellas-monaco\\\/#primaryimage\"},\"thumbnailUrl\":\"https:\\\/\\\/www.monaco-tribune.com\\\/wp-content\\\/uploads\\\/2021\\\/11\\\/juan-sartori-monaco.jpeg\",\"keywords\":[\"AS Monaco\"],\"articleSection\":[\"La nostra scelta\",\"Notizie\",\"Sport\"],\"inLanguage\":\"it-IT\",\"copyrightYear\":\"2021\",\"copyrightHolder\":{\"@id\":\"https:\\\/\\\/www.monaco-tribune.com\\\/#organization\"}},{\"@type\":\"WebPage\",\"@id\":\"https:\\\/\\\/www.monaco-tribune.com\\\/it\\\/2021\\\/11\\\/juan-sartori-entra-nel-consiglio-di-amministrazione-dellas-monaco\\\/\",\"url\":\"https:\\\/\\\/www.monaco-tribune.com\\\/it\\\/2021\\\/11\\\/juan-sartori-entra-nel-consiglio-di-amministrazione-dellas-monaco\\\/\",\"name\":\"Juan Sartori entra nel Consiglio di amministrazione dell'AS Monaco\",\"isPartOf\":{\"@id\":\"https:\\\/\\\/www.monaco-tribune.com\\\/it\\\/#website\"},\"primaryImageOfPage\":{\"@id\":\"https:\\\/\\\/www.monaco-tribune.com\\\/it\\\/2021\\\/11\\\/juan-sartori-entra-nel-consiglio-di-amministrazione-dellas-monaco\\\/#primaryimage\"},\"image\":{\"@id\":\"https:\\\/\\\/www.monaco-tribune.com\\\/it\\\/2021\\\/11\\\/juan-sartori-entra-nel-consiglio-di-amministrazione-dellas-monaco\\\/#primaryimage\"},\"thumbnailUrl\":\"https:\\\/\\\/www.monaco-tribune.com\\\/wp-content\\\/uploads\\\/2021\\\/11\\\/juan-sartori-monaco.jpeg\",\"datePublished\":\"2021-11-08T08:55:04+00:00\",\"dateModified\":\"2021-11-25T15:13:23+00:00\",\"description\":\"Il presidente dell'AS Monaco, Dmitri Rybolovlev, ha accettato le dimissioni di Willy de Bruyn, membro del Consiglio di amministrazione dal 2011. Al suo\",\"breadcrumb\":{\"@id\":\"https:\\\/\\\/www.monaco-tribune.com\\\/it\\\/2021\\\/11\\\/juan-sartori-entra-nel-consiglio-di-amministrazione-dellas-monaco\\\/#breadcrumb\"},\"inLanguage\":\"it-IT\",\"potentialAction\":[{\"@type\":\"ReadAction\",\"target\":[\"https:\\\/\\\/www.monaco-tribune.com\\\/it\\\/2021\\\/11\\\/juan-sartori-entra-nel-consiglio-di-amministrazione-dellas-monaco\\\/\"]}]},{\"@type\":\"ImageObject\",\"inLanguage\":\"it-IT\",\"@id\":\"https:\\\/\\\/www.monaco-tribune.com\\\/it\\\/2021\\\/11\\\/juan-sartori-entra-nel-consiglio-di-amministrazione-dellas-monaco\\\/#primaryimage\",\"url\":\"https:\\\/\\\/www.monaco-tribune.com\\\/wp-content\\\/uploads\\\/2021\\\/11\\\/juan-sartori-monaco.jpeg\",\"contentUrl\":\"https:\\\/\\\/www.monaco-tribune.com\\\/wp-content\\\/uploads\\\/2021\\\/11\\\/juan-sartori-monaco.jpeg\",\"width\":1160,\"height\":653,\"caption\":\"AS Monaco\"},{\"@type\":\"BreadcrumbList\",\"@id\":\"https:\\\/\\\/www.monaco-tribune.com\\\/it\\\/2021\\\/11\\\/juan-sartori-entra-nel-consiglio-di-amministrazione-dellas-monaco\\\/#breadcrumb\",\"itemListElement\":[{\"@type\":\"ListItem\",\"position\":1,\"name\":\"Accueil\",\"item\":\"https:\\\/\\\/www.monaco-tribune.com\\\/it\\\/\"},{\"@type\":\"ListItem\",\"position\":2,\"name\":\"Juan Sartori entra nel Consiglio di amministrazione dell&rsquo;AS Monaco\"}]},{\"@type\":\"WebSite\",\"@id\":\"https:\\\/\\\/www.monaco-tribune.com\\\/it\\\/#website\",\"url\":\"https:\\\/\\\/www.monaco-tribune.com\\\/it\\\/\",\"name\":\"Monaco Tribune\",\"description\":\"Monaco : actualit\u00e9s \u00e9conomiques, politiques, culturelles et sportives de Monaco et de la French Riviera.\",\"publisher\":{\"@id\":\"https:\\\/\\\/www.monaco-tribune.com\\\/it\\\/#organization\"},\"potentialAction\":[{\"@type\":\"SearchAction\",\"target\":{\"@type\":\"EntryPoint\",\"urlTemplate\":\"https:\\\/\\\/www.monaco-tribune.com\\\/it\\\/?s={search_term_string}\"},\"query-input\":{\"@type\":\"PropertyValueSpecification\",\"valueRequired\":true,\"valueName\":\"search_term_string\"}}],\"inLanguage\":\"it-IT\"},{\"@type\":\"Organization\",\"@id\":\"https:\\\/\\\/www.monaco-tribune.com\\\/it\\\/#organization\",\"name\":\"Monaco Tribune\",\"url\":\"https:\\\/\\\/www.monaco-tribune.com\\\/it\\\/\",\"logo\":{\"@type\":\"ImageObject\",\"inLanguage\":\"it-IT\",\"@id\":\"https:\\\/\\\/www.monaco-tribune.com\\\/it\\\/#\\\/schema\\\/logo\\\/image\\\/\",\"url\":\"https:\\\/\\\/www.monaco-tribune.com\\\/wp-content\\\/uploads\\\/2022\\\/11\\\/logo-monaco-tribune.png\",\"contentUrl\":\"https:\\\/\\\/www.monaco-tribune.com\\\/wp-content\\\/uploads\\\/2022\\\/11\\\/logo-monaco-tribune.png\",\"width\":1548,\"height\":600,\"caption\":\"Monaco Tribune\"},\"image\":{\"@id\":\"https:\\\/\\\/www.monaco-tribune.com\\\/it\\\/#\\\/schema\\\/logo\\\/image\\\/\"},\"sameAs\":[\"https:\\\/\\\/www.facebook.com\\\/MonacoTribune\",\"https:\\\/\\\/x.com\\\/MonacoTribune\",\"https:\\\/\\\/www.instagram.com\\\/monacotribune\\\/\",\"https:\\\/\\\/www.linkedin.com\\\/company\\\/monaco-tribune\",\"https:\\\/\\\/www.youtube.com\\\/channel\\\/UCHle1MnG6hw1y4lWKijVbMA\"]},{\"@type\":\"Person\",\"@id\":\"https:\\\/\\\/www.monaco-tribune.com\\\/it\\\/#\\\/schema\\\/person\\\/a855d420fff4d03637641d60b93ac62e\",\"name\":\"Camille Esteve\",\"image\":{\"@type\":\"ImageObject\",\"inLanguage\":\"it-IT\",\"@id\":\"https:\\\/\\\/secure.gravatar.com\\\/avatar\\\/eaaa2355a7bb56c0018a391c20a55bf9b4690e3f493231dd850e612bfa6ce161?s=96&d=mm&r=g\",\"url\":\"https:\\\/\\\/secure.gravatar.com\\\/avatar\\\/eaaa2355a7bb56c0018a391c20a55bf9b4690e3f493231dd850e612bfa6ce161?s=96&d=mm&r=g\",\"contentUrl\":\"https:\\\/\\\/secure.gravatar.com\\\/avatar\\\/eaaa2355a7bb56c0018a391c20a55bf9b4690e3f493231dd850e612bfa6ce161?s=96&d=mm&r=g\",\"caption\":\"Camille Esteve\"},\"url\":\"https:\\\/\\\/www.monaco-tribune.com\\\/it\\\/author\\\/camilleesteve\\\/\"}]}<\/script>\n<!-- \/ Yoast SEO Premium plugin. -->","yoast_head_json":{"title":"Juan Sartori entra nel Consiglio di amministrazione dell'AS Monaco","description":"Il presidente dell'AS Monaco, Dmitri Rybolovlev, ha accettato le dimissioni di Willy de Bruyn, membro del Consiglio di amministrazione dal 2011. Al suo","robots":{"index":"index","follow":"follow","max-snippet":"max-snippet:-1","max-image-preview":"max-image-preview:large","max-video-preview":"max-video-preview:-1"},"canonical":"https:\/\/www.monaco-tribune.com\/it\/2021\/11\/juan-sartori-entra-nel-consiglio-di-amministrazione-dellas-monaco\/","og_locale":"it_IT","og_type":"article","og_title":"Juan Sartori entra nel Consiglio di amministrazione dell'AS Monaco - Monaco Tribune","og_description":"Il presidente dell'AS Monaco, Dmitri Rybolovlev, ha accettato le dimissioni di Willy de Bruyn, membro del Consiglio di amministrazione dal 2011. Al suo","og_url":"https:\/\/www.monaco-tribune.com\/it\/2021\/11\/juan-sartori-entra-nel-consiglio-di-amministrazione-dellas-monaco\/","og_site_name":"Monaco Tribune","article_publisher":"https:\/\/www.facebook.com\/MonacoTribune","article_published_time":"2021-11-08T08:55:04+00:00","article_modified_time":"2021-11-25T15:13:23+00:00","og_image":[{"width":1160,"height":653,"url":"https:\/\/www.monaco-tribune.com\/wp-content\/uploads\/2021\/11\/juan-sartori-monaco.jpeg","type":"image\/jpeg"}],"author":"Camille Esteve","twitter_card":"summary_large_image","twitter_creator":"@MonacoTribune","twitter_site":"@MonacoTribune","schema":{"@context":"https:\/\/schema.org","@graph":[{"@type":"NewsArticle","@id":"https:\/\/www.monaco-tribune.com\/it\/2021\/11\/juan-sartori-entra-nel-consiglio-di-amministrazione-dellas-monaco\/#article","isPartOf":{"@id":"https:\/\/www.monaco-tribune.com\/it\/2021\/11\/juan-sartori-entra-nel-consiglio-di-amministrazione-dellas-monaco\/"},"author":{"name":"Camille Esteve","@id":"https:\/\/www.monaco-tribune.com\/it\/#\/schema\/person\/a855d420fff4d03637641d60b93ac62e"},"headline":"Juan Sartori entra nel Consiglio di amministrazione dell&#8217;AS Monaco","datePublished":"2021-11-08T08:55:04+00:00","dateModified":"2021-11-25T15:13:23+00:00","mainEntityOfPage":{"@id":"https:\/\/www.monaco-tribune.com\/it\/2021\/11\/juan-sartori-entra-nel-consiglio-di-amministrazione-dellas-monaco\/"},"wordCount":341,"publisher":{"@id":"https:\/\/www.monaco-tribune.com\/it\/#organization"},"image":{"@id":"https:\/\/www.monaco-tribune.com\/it\/2021\/11\/juan-sartori-entra-nel-consiglio-di-amministrazione-dellas-monaco\/#primaryimage"},"thumbnailUrl":"https:\/\/www.monaco-tribune.com\/wp-content\/uploads\/2021\/11\/juan-sartori-monaco.jpeg","keywords":["AS Monaco"],"articleSection":["La nostra scelta","Notizie","Sport"],"inLanguage":"it-IT","copyrightYear":"2021","copyrightHolder":{"@id":"https:\/\/www.monaco-tribune.com\/#organization"}},{"@type":"WebPage","@id":"https:\/\/www.monaco-tribune.com\/it\/2021\/11\/juan-sartori-entra-nel-consiglio-di-amministrazione-dellas-monaco\/","url":"https:\/\/www.monaco-tribune.com\/it\/2021\/11\/juan-sartori-entra-nel-consiglio-di-amministrazione-dellas-monaco\/","name":"Juan Sartori entra nel Consiglio di amministrazione dell'AS Monaco","isPartOf":{"@id":"https:\/\/www.monaco-tribune.com\/it\/#website"},"primaryImageOfPage":{"@id":"https:\/\/www.monaco-tribune.com\/it\/2021\/11\/juan-sartori-entra-nel-consiglio-di-amministrazione-dellas-monaco\/#primaryimage"},"image":{"@id":"https:\/\/www.monaco-tribune.com\/it\/2021\/11\/juan-sartori-entra-nel-consiglio-di-amministrazione-dellas-monaco\/#primaryimage"},"thumbnailUrl":"https:\/\/www.monaco-tribune.com\/wp-content\/uploads\/2021\/11\/juan-sartori-monaco.jpeg","datePublished":"2021-11-08T08:55:04+00:00","dateModified":"2021-11-25T15:13:23+00:00","description":"Il presidente dell'AS Monaco, Dmitri Rybolovlev, ha accettato le dimissioni di Willy de Bruyn, membro del Consiglio di amministrazione dal 2011. Al suo","breadcrumb":{"@id":"https:\/\/www.monaco-tribune.com\/it\/2021\/11\/juan-sartori-entra-nel-consiglio-di-amministrazione-dellas-monaco\/#breadcrumb"},"inLanguage":"it-IT","potentialAction":[{"@type":"ReadAction","target":["https:\/\/www.monaco-tribune.com\/it\/2021\/11\/juan-sartori-entra-nel-consiglio-di-amministrazione-dellas-monaco\/"]}]},{"@type":"ImageObject","inLanguage":"it-IT","@id":"https:\/\/www.monaco-tribune.com\/it\/2021\/11\/juan-sartori-entra-nel-consiglio-di-amministrazione-dellas-monaco\/#primaryimage","url":"https:\/\/www.monaco-tribune.com\/wp-content\/uploads\/2021\/11\/juan-sartori-monaco.jpeg","contentUrl":"https:\/\/www.monaco-tribune.com\/wp-content\/uploads\/2021\/11\/juan-sartori-monaco.jpeg","width":1160,"height":653,"caption":"AS Monaco"},{"@type":"BreadcrumbList","@id":"https:\/\/www.monaco-tribune.com\/it\/2021\/11\/juan-sartori-entra-nel-consiglio-di-amministrazione-dellas-monaco\/#breadcrumb","itemListElement":[{"@type":"ListItem","position":1,"name":"Accueil","item":"https:\/\/www.monaco-tribune.com\/it\/"},{"@type":"ListItem","position":2,"name":"Juan Sartori entra nel Consiglio di amministrazione dell&rsquo;AS Monaco"}]},{"@type":"WebSite","@id":"https:\/\/www.monaco-tribune.com\/it\/#website","url":"https:\/\/www.monaco-tribune.com\/it\/","name":"Monaco Tribune","description":"Monaco : actualit\u00e9s \u00e9conomiques, politiques, culturelles et sportives de Monaco et de la French Riviera.","publisher":{"@id":"https:\/\/www.monaco-tribune.com\/it\/#organization"},"potentialAction":[{"@type":"SearchAction","target":{"@type":"EntryPoint","urlTemplate":"https:\/\/www.monaco-tribune.com\/it\/?s={search_term_string}"},"query-input":{"@type":"PropertyValueSpecification","valueRequired":true,"valueName":"search_term_string"}}],"inLanguage":"it-IT"},{"@type":"Organization","@id":"https:\/\/www.monaco-tribune.com\/it\/#organization","name":"Monaco Tribune","url":"https:\/\/www.monaco-tribune.com\/it\/","logo":{"@type":"ImageObject","inLanguage":"it-IT","@id":"https:\/\/www.monaco-tribune.com\/it\/#\/schema\/logo\/image\/","url":"https:\/\/www.monaco-tribune.com\/wp-content\/uploads\/2022\/11\/logo-monaco-tribune.png","contentUrl":"https:\/\/www.monaco-tribune.com\/wp-content\/uploads\/2022\/11\/logo-monaco-tribune.png","width":1548,"height":600,"caption":"Monaco Tribune"},"image":{"@id":"https:\/\/www.monaco-tribune.com\/it\/#\/schema\/logo\/image\/"},"sameAs":["https:\/\/www.facebook.com\/MonacoTribune","https:\/\/x.com\/MonacoTribune","https:\/\/www.instagram.com\/monacotribune\/","https:\/\/www.linkedin.com\/company\/monaco-tribune","https:\/\/www.youtube.com\/channel\/UCHle1MnG6hw1y4lWKijVbMA"]},{"@type":"Person","@id":"https:\/\/www.monaco-tribune.com\/it\/#\/schema\/person\/a855d420fff4d03637641d60b93ac62e","name":"Camille Esteve","image":{"@type":"ImageObject","inLanguage":"it-IT","@id":"https:\/\/secure.gravatar.com\/avatar\/eaaa2355a7bb56c0018a391c20a55bf9b4690e3f493231dd850e612bfa6ce161?s=96&d=mm&r=g","url":"https:\/\/secure.gravatar.com\/avatar\/eaaa2355a7bb56c0018a391c20a55bf9b4690e3f493231dd850e612bfa6ce161?s=96&d=mm&r=g","contentUrl":"https:\/\/secure.gravatar.com\/avatar\/eaaa2355a7bb56c0018a391c20a55bf9b4690e3f493231dd850e612bfa6ce161?s=96&d=mm&r=g","caption":"Camille Esteve"},"url":"https:\/\/www.monaco-tribune.com\/it\/author\/camilleesteve\/"}]}},"_links":{"self":[{"href":"https:\/\/www.monaco-tribune.com\/it\/wp-json\/wp\/v2\/posts\/98893","targetHints":{"allow":["GET"]}}],"collection":[{"href":"https:\/\/www.monaco-tribune.com\/it\/wp-json\/wp\/v2\/posts"}],"about":[{"href":"https:\/\/www.monaco-tribune.com\/it\/wp-json\/wp\/v2\/types\/post"}],"author":[{"embeddable":true,"href":"https:\/\/www.monaco-tribune.com\/it\/wp-json\/wp\/v2\/users\/60"}],"replies":[{"embeddable":true,"href":"https:\/\/www.monaco-tribune.com\/it\/wp-json\/wp\/v2\/comments?post=98893"}],"version-history":[{"count":0,"href":"https:\/\/www.monaco-tribune.com\/it\/wp-json\/wp\/v2\/posts\/98893\/revisions"}],"wp:featuredmedia":[{"embeddable":true,"href":"https:\/\/www.monaco-tribune.com\/it\/wp-json\/wp\/v2\/media\/98840"}],"wp:attachment":[{"href":"https:\/\/www.monaco-tribune.com\/it\/wp-json\/wp\/v2\/media?parent=98893"}],"wp:term":[{"taxonomy":"category","embeddable":true,"href":"https:\/\/www.monaco-tribune.com\/it\/wp-json\/wp\/v2\/categories?post=98893"},{"taxonomy":"post_tag","embeddable":true,"href":"https:\/\/www.monaco-tribune.com\/it\/wp-json\/wp\/v2\/tags?post=98893"},{"taxonomy":"sectag","embeddable":true,"href":"https:\/\/www.monaco-tribune.com\/it\/wp-json\/wp\/v2\/post_sectags?post=98893"},{"taxonomy":"format","embeddable":true,"href":"https:\/\/www.monaco-tribune.com\/it\/wp-json\/wp\/v2\/post_format?post=98893"}],"curies":[{"name":"wp","href":"https:\/\/api.w.org\/{rel}","templated":true}]}}