{"id":99104,"date":"2021-11-09T15:20:14","date_gmt":"2021-11-09T14:20:14","guid":{"rendered":"https:\/\/www.monaco-tribune.com\/2021\/11\/carlo-app-oceani-visita-alla-ditn-le-notizie-di-questo-martedi\/"},"modified":"2021-11-09T15:21:04","modified_gmt":"2021-11-09T14:21:04","slug":"carlo-app-oceani-visita-alla-ditn-le-notizie-di-questo-martedi","status":"publish","type":"post","link":"https:\/\/www.monaco-tribune.com\/it\/2021\/11\/carlo-app-oceani-visita-alla-ditn-le-notizie-di-questo-martedi\/","title":{"rendered":"Carlo App, oceani, visita alla DITN&#8230; Le notizie di questo marted\u00ec"},"content":{"rendered":"\n<p><strong>I fatti salienti di questo marted\u00ec 9 novembre 2021.<\/strong><\/p>\n\n<p><strong>La Carlo app sbarca in Spagna<\/strong> &#8211; Giudizio estremamente positivo sull&#8217;applicazione Carlo, che verr\u00e0 esportata in Spagna, pi\u00f9 precisamente a Valladolid. Come <a href=\"https:\/\/www.youtube.com\/watch?v=xnCNJR0yngQ\">ha rivelato Kilian Bourcier,<\/a> City Manager Monaco, su Monaco Info: &#8220;Sono stati spesi 13,5 milioni di euro attraverso Carlo dal momento della sua creazione&#8221;.<\/p>\n\n<p>Questo successo ha convinto il Governo a riproporre a fine anno <a href=\"https:\/\/www.monaco-tribune.com\/it\/2021\/11\/occupazione-mese-senza-tabacco-nuovo-collegamente-nizza-tenerife-le-principali-notizie-di-questo-giovedi\/\">l&#8217;iniziativa buoni regalo<\/a> da spendere tramite la Carlo App. Pi\u00f9 di 25 categorie e 320 negozi oltre a nuove funzionalit\u00e0: l&#8217;app \u00e8 in continua evoluzione per soddisfare le esigenze degli utenti e stimolare il commercio locale.<\/p>\n\n<p><strong>L&#8217;Associazione monegasca sull&#8217;acidificazione degli oceani cambia nome<\/strong> &#8211; Non chiamatela pi\u00f9 AMAO, ma <a href=\"https:\/\/www.fpa2.org\/fr\/actualites\/AMAO-devient-OACIS-08130\">OACIS<\/a>. L&#8217;Associazione monegasca sull&#8217;acidificazione degli oceani, supportata dall&#8217;Associazione Principe Alberto II di Monaco, \u00e8 ufficialmente diventata la Ocean Acidification and other ocean Changes \u2013 Impacts and Solutions.<\/p>\n\n<p>Si tratta di una scelta ponderata volta ad ampliare il raggio d&#8217;azione dell&#8217;associazione, che si occupa di combattere l&#8217;acidificazione degli oceani ma anche, pi\u00f9 in generale, dei fattori di stress climatico.<\/p>\n\n<p><strong>Il Ministro di Stato visita la nuova sede della DITN<\/strong> &#8211; L&#8217;8 novembre scorso, Pierre Dartout, Ministro di Stato, Patrice Cellario e Didier Gamerdinger, Consiglieri del Governo-Ministri, si sono recati in visita alla <a href=\"https:\/\/www.gouv.mc\/Gouvernement-et-Institutions\/Le-Gouvernement\/Ministere-d-Etat\/Delegation-Interministerielle-chargee-de-la-Transition-Numerique\">DITN<\/a>.<\/p>\n\n<p>\u00c8 stata l&#8217;occasione di scoprire i nuovi uffici della Delegazione Interministeriale per la Transizione Digitale, che riunisce ormai i suoi tre dipartimenti in uno stesso luogo. Lo scopo della DITN \u00e8 quello di ospitare tutti i partner e i servizi che puntano alla digitalizzazione del Principato.<\/p>\n","protected":false},"excerpt":{"rendered":"<p>I fatti salienti di questo marted\u00ec 9 novembre 2021. La Carlo app sbarca in Spagna &#8211; Giudizio estremamente positivo sull&#8217;applicazione [&hellip;]<\/p>\n","protected":false},"author":57,"featured_media":76708,"comment_status":"closed","ping_status":"closed","sticky":false,"template":"","format":"standard","meta":{"_acf_changed":false,"footnotes":""},"categories":[1738,1752],"tags":[],"post_sectags":[],"post_format":[2478],"class_list":["post-99104","post","type-post","status-publish","format-standard","has-post-thumbnail","hentry","category-notizie","category-societa","format-notizia"],"acf":[],"yoast_head":"<!-- This site is optimized with the Yoast SEO Premium plugin v26.8 (Yoast SEO v27.4) - https:\/\/yoast.com\/product\/yoast-seo-premium-wordpress\/ -->\n<title>Carlo App, oceani, visita alla DITN... Le notizie di questo marted\u00ec<\/title>\n<meta name=\"description\" content=\"I fatti salienti di questo marted\u00ec 9 novembre 2021. La Carlo app sbarca in Spagna - Giudizio estremamente positivo sull&#039;applicazione Carlo, che verr\u00e0\" \/>\n<meta name=\"robots\" content=\"index, follow, max-snippet:-1, max-image-preview:large, max-video-preview:-1\" \/>\n<link rel=\"canonical\" href=\"https:\/\/www.monaco-tribune.com\/it\/2021\/11\/carlo-app-oceani-visita-alla-ditn-le-notizie-di-questo-martedi\/\" \/>\n<meta property=\"og:locale\" content=\"it_IT\" \/>\n<meta property=\"og:type\" content=\"article\" \/>\n<meta property=\"og:title\" content=\"Carlo App, oceani, visita alla DITN... Le notizie di questo marted\u00ec - Monaco Tribune\" \/>\n<meta property=\"og:description\" content=\"I fatti salienti di questo marted\u00ec 9 novembre 2021. La Carlo app sbarca in Spagna - Giudizio estremamente positivo sull&#039;applicazione Carlo, che verr\u00e0\" \/>\n<meta property=\"og:url\" content=\"https:\/\/www.monaco-tribune.com\/it\/2021\/11\/carlo-app-oceani-visita-alla-ditn-le-notizie-di-questo-martedi\/\" \/>\n<meta property=\"og:site_name\" content=\"Monaco Tribune\" \/>\n<meta property=\"article:publisher\" content=\"https:\/\/www.facebook.com\/MonacoTribune\" \/>\n<meta property=\"article:published_time\" content=\"2021-11-09T14:20:14+00:00\" \/>\n<meta property=\"article:modified_time\" content=\"2021-11-09T14:21:04+00:00\" \/>\n<meta property=\"og:image\" content=\"https:\/\/www.monaco-tribune.com\/wp-content\/uploads\/2021\/04\/carlo-app-monaco-e1619804101281.png\" \/>\n\t<meta property=\"og:image:width\" content=\"1024\" \/>\n\t<meta property=\"og:image:height\" content=\"695\" \/>\n\t<meta property=\"og:image:type\" content=\"image\/png\" \/>\n<meta name=\"author\" content=\"Josepha Toquereau\" \/>\n<meta name=\"twitter:card\" content=\"summary_large_image\" \/>\n<meta name=\"twitter:creator\" content=\"@MonacoTribune\" \/>\n<meta name=\"twitter:site\" content=\"@MonacoTribune\" \/>\n<script type=\"application\/ld+json\" class=\"yoast-schema-graph\">{\"@context\":\"https:\\\/\\\/schema.org\",\"@graph\":[{\"@type\":\"NewsArticle\",\"@id\":\"https:\\\/\\\/www.monaco-tribune.com\\\/it\\\/2021\\\/11\\\/carlo-app-oceani-visita-alla-ditn-le-notizie-di-questo-martedi\\\/#article\",\"isPartOf\":{\"@id\":\"https:\\\/\\\/www.monaco-tribune.com\\\/it\\\/2021\\\/11\\\/carlo-app-oceani-visita-alla-ditn-le-notizie-di-questo-martedi\\\/\"},\"author\":{\"name\":\"Josepha Toquereau\",\"@id\":\"https:\\\/\\\/www.monaco-tribune.com\\\/it\\\/#\\\/schema\\\/person\\\/c8eeb5e36b6ed3782736273e5eb7d764\"},\"headline\":\"Carlo App, oceani, visita alla DITN&#8230; Le notizie di questo marted\u00ec\",\"datePublished\":\"2021-11-09T14:20:14+00:00\",\"dateModified\":\"2021-11-09T14:21:04+00:00\",\"mainEntityOfPage\":{\"@id\":\"https:\\\/\\\/www.monaco-tribune.com\\\/it\\\/2021\\\/11\\\/carlo-app-oceani-visita-alla-ditn-le-notizie-di-questo-martedi\\\/\"},\"wordCount\":266,\"publisher\":{\"@id\":\"https:\\\/\\\/www.monaco-tribune.com\\\/it\\\/#organization\"},\"image\":{\"@id\":\"https:\\\/\\\/www.monaco-tribune.com\\\/it\\\/2021\\\/11\\\/carlo-app-oceani-visita-alla-ditn-le-notizie-di-questo-martedi\\\/#primaryimage\"},\"thumbnailUrl\":\"https:\\\/\\\/www.monaco-tribune.com\\\/wp-content\\\/uploads\\\/2021\\\/04\\\/carlo-app-monaco-e1619804101281.png\",\"articleSection\":[\"Notizie\",\"Societ\u00e0\"],\"inLanguage\":\"it-IT\",\"copyrightYear\":\"2021\",\"copyrightHolder\":{\"@id\":\"https:\\\/\\\/www.monaco-tribune.com\\\/#organization\"}},{\"@type\":\"WebPage\",\"@id\":\"https:\\\/\\\/www.monaco-tribune.com\\\/it\\\/2021\\\/11\\\/carlo-app-oceani-visita-alla-ditn-le-notizie-di-questo-martedi\\\/\",\"url\":\"https:\\\/\\\/www.monaco-tribune.com\\\/it\\\/2021\\\/11\\\/carlo-app-oceani-visita-alla-ditn-le-notizie-di-questo-martedi\\\/\",\"name\":\"Carlo App, oceani, visita alla DITN... Le notizie di questo marted\u00ec\",\"isPartOf\":{\"@id\":\"https:\\\/\\\/www.monaco-tribune.com\\\/it\\\/#website\"},\"primaryImageOfPage\":{\"@id\":\"https:\\\/\\\/www.monaco-tribune.com\\\/it\\\/2021\\\/11\\\/carlo-app-oceani-visita-alla-ditn-le-notizie-di-questo-martedi\\\/#primaryimage\"},\"image\":{\"@id\":\"https:\\\/\\\/www.monaco-tribune.com\\\/it\\\/2021\\\/11\\\/carlo-app-oceani-visita-alla-ditn-le-notizie-di-questo-martedi\\\/#primaryimage\"},\"thumbnailUrl\":\"https:\\\/\\\/www.monaco-tribune.com\\\/wp-content\\\/uploads\\\/2021\\\/04\\\/carlo-app-monaco-e1619804101281.png\",\"datePublished\":\"2021-11-09T14:20:14+00:00\",\"dateModified\":\"2021-11-09T14:21:04+00:00\",\"description\":\"I fatti salienti di questo marted\u00ec 9 novembre 2021. La Carlo app sbarca in Spagna - Giudizio estremamente positivo sull'applicazione Carlo, che verr\u00e0\",\"breadcrumb\":{\"@id\":\"https:\\\/\\\/www.monaco-tribune.com\\\/it\\\/2021\\\/11\\\/carlo-app-oceani-visita-alla-ditn-le-notizie-di-questo-martedi\\\/#breadcrumb\"},\"inLanguage\":\"it-IT\",\"potentialAction\":[{\"@type\":\"ReadAction\",\"target\":[\"https:\\\/\\\/www.monaco-tribune.com\\\/it\\\/2021\\\/11\\\/carlo-app-oceani-visita-alla-ditn-le-notizie-di-questo-martedi\\\/\"]}]},{\"@type\":\"ImageObject\",\"inLanguage\":\"it-IT\",\"@id\":\"https:\\\/\\\/www.monaco-tribune.com\\\/it\\\/2021\\\/11\\\/carlo-app-oceani-visita-alla-ditn-le-notizie-di-questo-martedi\\\/#primaryimage\",\"url\":\"https:\\\/\\\/www.monaco-tribune.com\\\/wp-content\\\/uploads\\\/2021\\\/04\\\/carlo-app-monaco-e1619804101281.png\",\"contentUrl\":\"https:\\\/\\\/www.monaco-tribune.com\\\/wp-content\\\/uploads\\\/2021\\\/04\\\/carlo-app-monaco-e1619804101281.png\",\"width\":1024,\"height\":695,\"caption\":\"Monaco Tribune\"},{\"@type\":\"BreadcrumbList\",\"@id\":\"https:\\\/\\\/www.monaco-tribune.com\\\/it\\\/2021\\\/11\\\/carlo-app-oceani-visita-alla-ditn-le-notizie-di-questo-martedi\\\/#breadcrumb\",\"itemListElement\":[{\"@type\":\"ListItem\",\"position\":1,\"name\":\"Accueil\",\"item\":\"https:\\\/\\\/www.monaco-tribune.com\\\/it\\\/\"},{\"@type\":\"ListItem\",\"position\":2,\"name\":\"Carlo App, oceani, visita alla DITN&#8230; Le notizie di questo marted\u00ec\"}]},{\"@type\":\"WebSite\",\"@id\":\"https:\\\/\\\/www.monaco-tribune.com\\\/it\\\/#website\",\"url\":\"https:\\\/\\\/www.monaco-tribune.com\\\/it\\\/\",\"name\":\"Monaco Tribune\",\"description\":\"Monaco : actualit\u00e9s \u00e9conomiques, politiques, culturelles et sportives de Monaco et de la French Riviera.\",\"publisher\":{\"@id\":\"https:\\\/\\\/www.monaco-tribune.com\\\/it\\\/#organization\"},\"potentialAction\":[{\"@type\":\"SearchAction\",\"target\":{\"@type\":\"EntryPoint\",\"urlTemplate\":\"https:\\\/\\\/www.monaco-tribune.com\\\/it\\\/?s={search_term_string}\"},\"query-input\":{\"@type\":\"PropertyValueSpecification\",\"valueRequired\":true,\"valueName\":\"search_term_string\"}}],\"inLanguage\":\"it-IT\"},{\"@type\":\"Organization\",\"@id\":\"https:\\\/\\\/www.monaco-tribune.com\\\/it\\\/#organization\",\"name\":\"Monaco Tribune\",\"url\":\"https:\\\/\\\/www.monaco-tribune.com\\\/it\\\/\",\"logo\":{\"@type\":\"ImageObject\",\"inLanguage\":\"it-IT\",\"@id\":\"https:\\\/\\\/www.monaco-tribune.com\\\/it\\\/#\\\/schema\\\/logo\\\/image\\\/\",\"url\":\"https:\\\/\\\/www.monaco-tribune.com\\\/wp-content\\\/uploads\\\/2022\\\/11\\\/logo-monaco-tribune.png\",\"contentUrl\":\"https:\\\/\\\/www.monaco-tribune.com\\\/wp-content\\\/uploads\\\/2022\\\/11\\\/logo-monaco-tribune.png\",\"width\":1548,\"height\":600,\"caption\":\"Monaco Tribune\"},\"image\":{\"@id\":\"https:\\\/\\\/www.monaco-tribune.com\\\/it\\\/#\\\/schema\\\/logo\\\/image\\\/\"},\"sameAs\":[\"https:\\\/\\\/www.facebook.com\\\/MonacoTribune\",\"https:\\\/\\\/x.com\\\/MonacoTribune\",\"https:\\\/\\\/www.instagram.com\\\/monacotribune\\\/\",\"https:\\\/\\\/www.linkedin.com\\\/company\\\/monaco-tribune\",\"https:\\\/\\\/www.youtube.com\\\/channel\\\/UCHle1MnG6hw1y4lWKijVbMA\"]},{\"@type\":\"Person\",\"@id\":\"https:\\\/\\\/www.monaco-tribune.com\\\/it\\\/#\\\/schema\\\/person\\\/c8eeb5e36b6ed3782736273e5eb7d764\",\"name\":\"Josepha Toquereau\",\"image\":{\"@type\":\"ImageObject\",\"inLanguage\":\"it-IT\",\"@id\":\"https:\\\/\\\/secure.gravatar.com\\\/avatar\\\/3e06e87605717b00d3b9743f79fca038480454ef05226ef9de5dfa9577c3363f?s=96&d=mm&r=g\",\"url\":\"https:\\\/\\\/secure.gravatar.com\\\/avatar\\\/3e06e87605717b00d3b9743f79fca038480454ef05226ef9de5dfa9577c3363f?s=96&d=mm&r=g\",\"contentUrl\":\"https:\\\/\\\/secure.gravatar.com\\\/avatar\\\/3e06e87605717b00d3b9743f79fca038480454ef05226ef9de5dfa9577c3363f?s=96&d=mm&r=g\",\"caption\":\"Josepha Toquereau\"},\"url\":\"https:\\\/\\\/www.monaco-tribune.com\\\/it\\\/author\\\/josephatoquereau\\\/\"}]}<\/script>\n<!-- \/ Yoast SEO Premium plugin. -->","yoast_head_json":{"title":"Carlo App, oceani, visita alla DITN... Le notizie di questo marted\u00ec","description":"I fatti salienti di questo marted\u00ec 9 novembre 2021. La Carlo app sbarca in Spagna - Giudizio estremamente positivo sull'applicazione Carlo, che verr\u00e0","robots":{"index":"index","follow":"follow","max-snippet":"max-snippet:-1","max-image-preview":"max-image-preview:large","max-video-preview":"max-video-preview:-1"},"canonical":"https:\/\/www.monaco-tribune.com\/it\/2021\/11\/carlo-app-oceani-visita-alla-ditn-le-notizie-di-questo-martedi\/","og_locale":"it_IT","og_type":"article","og_title":"Carlo App, oceani, visita alla DITN... Le notizie di questo marted\u00ec - Monaco Tribune","og_description":"I fatti salienti di questo marted\u00ec 9 novembre 2021. La Carlo app sbarca in Spagna - Giudizio estremamente positivo sull'applicazione Carlo, che verr\u00e0","og_url":"https:\/\/www.monaco-tribune.com\/it\/2021\/11\/carlo-app-oceani-visita-alla-ditn-le-notizie-di-questo-martedi\/","og_site_name":"Monaco Tribune","article_publisher":"https:\/\/www.facebook.com\/MonacoTribune","article_published_time":"2021-11-09T14:20:14+00:00","article_modified_time":"2021-11-09T14:21:04+00:00","og_image":[{"width":1024,"height":695,"url":"https:\/\/www.monaco-tribune.com\/wp-content\/uploads\/2021\/04\/carlo-app-monaco-e1619804101281.png","type":"image\/png"}],"author":"Josepha Toquereau","twitter_card":"summary_large_image","twitter_creator":"@MonacoTribune","twitter_site":"@MonacoTribune","schema":{"@context":"https:\/\/schema.org","@graph":[{"@type":"NewsArticle","@id":"https:\/\/www.monaco-tribune.com\/it\/2021\/11\/carlo-app-oceani-visita-alla-ditn-le-notizie-di-questo-martedi\/#article","isPartOf":{"@id":"https:\/\/www.monaco-tribune.com\/it\/2021\/11\/carlo-app-oceani-visita-alla-ditn-le-notizie-di-questo-martedi\/"},"author":{"name":"Josepha Toquereau","@id":"https:\/\/www.monaco-tribune.com\/it\/#\/schema\/person\/c8eeb5e36b6ed3782736273e5eb7d764"},"headline":"Carlo App, oceani, visita alla DITN&#8230; Le notizie di questo marted\u00ec","datePublished":"2021-11-09T14:20:14+00:00","dateModified":"2021-11-09T14:21:04+00:00","mainEntityOfPage":{"@id":"https:\/\/www.monaco-tribune.com\/it\/2021\/11\/carlo-app-oceani-visita-alla-ditn-le-notizie-di-questo-martedi\/"},"wordCount":266,"publisher":{"@id":"https:\/\/www.monaco-tribune.com\/it\/#organization"},"image":{"@id":"https:\/\/www.monaco-tribune.com\/it\/2021\/11\/carlo-app-oceani-visita-alla-ditn-le-notizie-di-questo-martedi\/#primaryimage"},"thumbnailUrl":"https:\/\/www.monaco-tribune.com\/wp-content\/uploads\/2021\/04\/carlo-app-monaco-e1619804101281.png","articleSection":["Notizie","Societ\u00e0"],"inLanguage":"it-IT","copyrightYear":"2021","copyrightHolder":{"@id":"https:\/\/www.monaco-tribune.com\/#organization"}},{"@type":"WebPage","@id":"https:\/\/www.monaco-tribune.com\/it\/2021\/11\/carlo-app-oceani-visita-alla-ditn-le-notizie-di-questo-martedi\/","url":"https:\/\/www.monaco-tribune.com\/it\/2021\/11\/carlo-app-oceani-visita-alla-ditn-le-notizie-di-questo-martedi\/","name":"Carlo App, oceani, visita alla DITN... Le notizie di questo marted\u00ec","isPartOf":{"@id":"https:\/\/www.monaco-tribune.com\/it\/#website"},"primaryImageOfPage":{"@id":"https:\/\/www.monaco-tribune.com\/it\/2021\/11\/carlo-app-oceani-visita-alla-ditn-le-notizie-di-questo-martedi\/#primaryimage"},"image":{"@id":"https:\/\/www.monaco-tribune.com\/it\/2021\/11\/carlo-app-oceani-visita-alla-ditn-le-notizie-di-questo-martedi\/#primaryimage"},"thumbnailUrl":"https:\/\/www.monaco-tribune.com\/wp-content\/uploads\/2021\/04\/carlo-app-monaco-e1619804101281.png","datePublished":"2021-11-09T14:20:14+00:00","dateModified":"2021-11-09T14:21:04+00:00","description":"I fatti salienti di questo marted\u00ec 9 novembre 2021. La Carlo app sbarca in Spagna - Giudizio estremamente positivo sull'applicazione Carlo, che verr\u00e0","breadcrumb":{"@id":"https:\/\/www.monaco-tribune.com\/it\/2021\/11\/carlo-app-oceani-visita-alla-ditn-le-notizie-di-questo-martedi\/#breadcrumb"},"inLanguage":"it-IT","potentialAction":[{"@type":"ReadAction","target":["https:\/\/www.monaco-tribune.com\/it\/2021\/11\/carlo-app-oceani-visita-alla-ditn-le-notizie-di-questo-martedi\/"]}]},{"@type":"ImageObject","inLanguage":"it-IT","@id":"https:\/\/www.monaco-tribune.com\/it\/2021\/11\/carlo-app-oceani-visita-alla-ditn-le-notizie-di-questo-martedi\/#primaryimage","url":"https:\/\/www.monaco-tribune.com\/wp-content\/uploads\/2021\/04\/carlo-app-monaco-e1619804101281.png","contentUrl":"https:\/\/www.monaco-tribune.com\/wp-content\/uploads\/2021\/04\/carlo-app-monaco-e1619804101281.png","width":1024,"height":695,"caption":"Monaco Tribune"},{"@type":"BreadcrumbList","@id":"https:\/\/www.monaco-tribune.com\/it\/2021\/11\/carlo-app-oceani-visita-alla-ditn-le-notizie-di-questo-martedi\/#breadcrumb","itemListElement":[{"@type":"ListItem","position":1,"name":"Accueil","item":"https:\/\/www.monaco-tribune.com\/it\/"},{"@type":"ListItem","position":2,"name":"Carlo App, oceani, visita alla DITN&#8230; Le notizie di questo marted\u00ec"}]},{"@type":"WebSite","@id":"https:\/\/www.monaco-tribune.com\/it\/#website","url":"https:\/\/www.monaco-tribune.com\/it\/","name":"Monaco Tribune","description":"Monaco : actualit\u00e9s \u00e9conomiques, politiques, culturelles et sportives de Monaco et de la French Riviera.","publisher":{"@id":"https:\/\/www.monaco-tribune.com\/it\/#organization"},"potentialAction":[{"@type":"SearchAction","target":{"@type":"EntryPoint","urlTemplate":"https:\/\/www.monaco-tribune.com\/it\/?s={search_term_string}"},"query-input":{"@type":"PropertyValueSpecification","valueRequired":true,"valueName":"search_term_string"}}],"inLanguage":"it-IT"},{"@type":"Organization","@id":"https:\/\/www.monaco-tribune.com\/it\/#organization","name":"Monaco Tribune","url":"https:\/\/www.monaco-tribune.com\/it\/","logo":{"@type":"ImageObject","inLanguage":"it-IT","@id":"https:\/\/www.monaco-tribune.com\/it\/#\/schema\/logo\/image\/","url":"https:\/\/www.monaco-tribune.com\/wp-content\/uploads\/2022\/11\/logo-monaco-tribune.png","contentUrl":"https:\/\/www.monaco-tribune.com\/wp-content\/uploads\/2022\/11\/logo-monaco-tribune.png","width":1548,"height":600,"caption":"Monaco Tribune"},"image":{"@id":"https:\/\/www.monaco-tribune.com\/it\/#\/schema\/logo\/image\/"},"sameAs":["https:\/\/www.facebook.com\/MonacoTribune","https:\/\/x.com\/MonacoTribune","https:\/\/www.instagram.com\/monacotribune\/","https:\/\/www.linkedin.com\/company\/monaco-tribune","https:\/\/www.youtube.com\/channel\/UCHle1MnG6hw1y4lWKijVbMA"]},{"@type":"Person","@id":"https:\/\/www.monaco-tribune.com\/it\/#\/schema\/person\/c8eeb5e36b6ed3782736273e5eb7d764","name":"Josepha Toquereau","image":{"@type":"ImageObject","inLanguage":"it-IT","@id":"https:\/\/secure.gravatar.com\/avatar\/3e06e87605717b00d3b9743f79fca038480454ef05226ef9de5dfa9577c3363f?s=96&d=mm&r=g","url":"https:\/\/secure.gravatar.com\/avatar\/3e06e87605717b00d3b9743f79fca038480454ef05226ef9de5dfa9577c3363f?s=96&d=mm&r=g","contentUrl":"https:\/\/secure.gravatar.com\/avatar\/3e06e87605717b00d3b9743f79fca038480454ef05226ef9de5dfa9577c3363f?s=96&d=mm&r=g","caption":"Josepha Toquereau"},"url":"https:\/\/www.monaco-tribune.com\/it\/author\/josephatoquereau\/"}]}},"_links":{"self":[{"href":"https:\/\/www.monaco-tribune.com\/it\/wp-json\/wp\/v2\/posts\/99104","targetHints":{"allow":["GET"]}}],"collection":[{"href":"https:\/\/www.monaco-tribune.com\/it\/wp-json\/wp\/v2\/posts"}],"about":[{"href":"https:\/\/www.monaco-tribune.com\/it\/wp-json\/wp\/v2\/types\/post"}],"author":[{"embeddable":true,"href":"https:\/\/www.monaco-tribune.com\/it\/wp-json\/wp\/v2\/users\/57"}],"replies":[{"embeddable":true,"href":"https:\/\/www.monaco-tribune.com\/it\/wp-json\/wp\/v2\/comments?post=99104"}],"version-history":[{"count":0,"href":"https:\/\/www.monaco-tribune.com\/it\/wp-json\/wp\/v2\/posts\/99104\/revisions"}],"wp:featuredmedia":[{"embeddable":true,"href":"https:\/\/www.monaco-tribune.com\/it\/wp-json\/wp\/v2\/media\/76708"}],"wp:attachment":[{"href":"https:\/\/www.monaco-tribune.com\/it\/wp-json\/wp\/v2\/media?parent=99104"}],"wp:term":[{"taxonomy":"category","embeddable":true,"href":"https:\/\/www.monaco-tribune.com\/it\/wp-json\/wp\/v2\/categories?post=99104"},{"taxonomy":"post_tag","embeddable":true,"href":"https:\/\/www.monaco-tribune.com\/it\/wp-json\/wp\/v2\/tags?post=99104"},{"taxonomy":"sectag","embeddable":true,"href":"https:\/\/www.monaco-tribune.com\/it\/wp-json\/wp\/v2\/post_sectags?post=99104"},{"taxonomy":"format","embeddable":true,"href":"https:\/\/www.monaco-tribune.com\/it\/wp-json\/wp\/v2\/post_format?post=99104"}],"curies":[{"name":"wp","href":"https:\/\/api.w.org\/{rel}","templated":true}]}}