{"id":99108,"date":"2021-11-09T16:12:37","date_gmt":"2021-11-09T15:12:37","guid":{"rendered":"https:\/\/www.monaco-tribune.com\/2021\/11\/medici-genitori-e-psicologi-le-opinioni-dei-monegaschi-sulla-mascherina-obbligatoria-nelle-scuole\/"},"modified":"2021-11-09T16:24:06","modified_gmt":"2021-11-09T15:24:06","slug":"medici-genitori-e-psicologi-le-opinioni-dei-monegaschi-sulla-mascherina-obbligatoria-nelle-scuole","status":"publish","type":"post","link":"https:\/\/www.monaco-tribune.com\/it\/2021\/11\/medici-genitori-e-psicologi-le-opinioni-dei-monegaschi-sulla-mascherina-obbligatoria-nelle-scuole\/","title":{"rendered":"Medici, genitori e psicologi&#8230; Le opinioni dei monegaschi sulla mascherina obbligatoria nelle scuole"},"content":{"rendered":"\n<p><strong>Motivo di dibattito, soprattutto nel Consiglio Nazionale, l&#8217;obbligo di mascherina nelle scuole \u00e8 un argomento particolarmente sensibile. Nonostante, dopo la richiesta dei genitori, sia stato<a href=\"https:\/\/www.monaco-tribune.com\/it\/2021\/10\/il-principato-abolisce-lobbligo-di-mascherina-allaperto\/\"> sospeso durante le ore di educazione fisica<\/a>, \u00e8 ancora valido in classe e durante la ricreazione. Questi due punti saranno presto argomento di discussione, specialmente ora che la Francia ha annunciato il ritorno della mascherina obbligatoria nelle scuole di 40 dipartimenti a partire dall&#8217;8 novembre.<\/strong><\/p>\n\n\n\n<p>&#8220;Mettiamo sulle spalle [dei bambini] tutta la responsabilit\u00e0 del Covid&#8221;. I genitori degli alunni e lettori di Monaco Tribune sono tutti della stessa idea: l&#8217;obbligo di mascherina per i pi\u00f9 piccoli rappresenta un problema, soprattutto visto che gli adulti possono scegliere di non indossarla.<\/p>\n\n\n\n<h2 class=\"wp-block-heading\" id=\"h-una-misura-incoerente\">Una misura incoerente<\/h2>\n\n\n\n<p>Alcuni genitori sottolineano l&#8217;incoerenza di un tale obbligo: &#8220;Forse dovremmo sostituire i banchi con i tavoli dei ristoranti e dei bar. Cos\u00ec potranno levarsi la mascherina&#8221;, afferma un utente, non senza ironia.<\/p>\n\n\n\n<p>Incoerenze a parte, c&#8217;\u00e8 tanta paura per le conseguenze: &#8220;Come fa un bimbo della scuola materna a comprendere correttamente la sua\/il suo insegnante che indossa la mascherina? Come far\u00e0 a sviluppare il suo linguaggio globale, come per esempio le espressioni del viso, quei codici che trasmettiamo senza parlare?&#8221;, ha scritto una mamma su Facebook.<\/p>\n\n\n\n<p>Un&#8217;altra madre ci ha inviato un&#8217;e-mail con le sue preoccupazioni: &#8220;Mio figlio ha veramente difficolt\u00e0 a tenerla tutto il giorno e si fa rimproverare di continuo per come la indossa. Sarebbe bello se ognuno ritrovasse il suo posto. I bambini: la spensieratezza, la gioia di vivere e la condivisione e la creazione di legami sociali. Gli insegnanti: la gioia d&#8217;insegnare e il non dover fare i poliziotti tutto il giorno&#8221;.<\/p>\n\n\n\n<p>Preoccupazioni condivise da un&#8217;insegnante di liceo che afferma &#8220;che \u00e8 molto pi\u00f9 difficile per gli studenti comunicare e concentrarsi&#8221;. A causa della mascherina, alcuni ragazzi non riescono a far sentire la propria voce, obbligando i professori a chiudere le finestre per ridurre i rumori ambientali. Non certo l&#8217;ideale, visto che &#8220;dovremmo far circolare l&#8217;aria nelle classi!&#8221;<\/p>\n\n\n\n<blockquote class=\"wp-block-quote is-layout-flow wp-block-quote-is-layout-flow\"><p>I bambini hanno una capacit\u00e0 di adattamento superiore a quella degli adulti<\/p><cite>Camilla Barbini &#8211; psicologa<\/cite><\/blockquote>\n\n\n\n<h2 class=\"wp-block-heading\" id=\"h-quali-sono-le-conseguenze-sull-apprendimento\">Quali sono le conseguenze sull&#8217;apprendimento?<\/h2>\n\n\n\n<p>La questione dell&#8217;apprendimento, specialmente tra i pi\u00f9 piccoli, preoccupa genitori e insegnanti. Le mascherine potrebbero avere delle conseguenze, oltre che sulla socializzazione, anche sul modo in cui i bambini imparano a esprimersi?<\/p>\n\n\n\n<p>Secondo Camilla Barbini, psicologa a Beausoleil e specializzata nel trattamento del disturbo dell&#8217;ansia e della gestione delle emozioni nei bambini, la crisi sanitaria e la mascherina possono effettivamente scaturire una certa ansia in alcuni pazienti pi\u00f9 piccoli. &#8220;Nascondendo una parte del viso, per esempio, nascondiamo alcune espressioni che potrebbero alterare la comunicazione&#8221;.<\/p>\n\n\n\n<p>La specialista, per\u00f2, non sembra essere allarmata: questo stato d&#8217;ansia non \u00e8 per forza permanente. &#8220;I bambini hanno spesso una capacit\u00e0 di adattamento superiore a quella degli adulti, hanno tantissime risorse e non si impongono i paletti che invece hanno gli adulti&#8221;. E nel caso in cui l&#8217;ansia diventi persistente, soluzioni come la terapia EMDR possono aiutare.<\/p>\n\n\n\n<p>Allo stesso modo, i bambini pi\u00f9 piccoli, soprattutto quelli che stanno imparando a parlare, sono sicuramente condizionati dalla mascherina obbligatoria, ma anche in questo caso niente \u00e8 perduto! Secondo Camilla Barbini, nuove strategie di apprendimento potrebbero consentire di compensare eventuali difficolt\u00e0.<\/p>\n\n\n\n<p>La psicologa consiglia ai genitori di parlare spesso con i propri bambini dell&#8217;emergenza sanitaria e di supportarli in casa svolgendo attivit\u00e0 ludiche.<\/p>\n\n\n\n<p>Inoltre, raccomanda alle scuole di adattarsi, utilizzando mascherine trasparenti o lavorando in piccoli gruppi, in modo da poter levare la mascherina per un breve periodo e permettere ai bambini di apprendere in tutta sicurezza.<\/p>\n\n\n\n<blockquote class=\"wp-block-quote is-layout-flow wp-block-quote-is-layout-flow\"><p>Le conseguenze legate alle mascherine non sono quelle che temono i genitori<\/p><cite>Dottor Herv\u00e9 Haas &#8211; pediatra al CHPG<\/cite><\/blockquote>\n\n\n\n<h2 class=\"wp-block-heading\" id=\"h-la-salute-dei-bambini-a-rischio\">La salute dei bambini \u00e8 a rischio?<\/h2>\n\n\n\n<p>Altro argomento che preoccupa i genitori \u00e8 quello legato alle conseguenze sulla salute dei loro figli. Tra mal di testa, infezioni e altre malattie polmonari, alcune famiglie temono l&#8217;uso della mascherina quanto il Covid stesso. Secondo il Dottor Herv\u00e9 Haas, pediatra al CHPG, non c&#8217;\u00e8 nulla di cui preoccuparsi, almeno sotto questo aspetto.<\/p>\n\n\n\n<p>Secondo il medico, &#8220;le conseguenze dell&#8217;uso della mascherina non sono quelle che temono i genitori&#8221;. Sono piuttosto i problemi legati all&#8217;ansia o all&#8217;apprendimento, di cui abbiamo parlato poco prima, a preoccupare il personale sanitario.<\/p>\n\n\n\n<p>Il Dottor Robino, membro del Consiglio nazionale, aggiunge inoltre che la recente vulnerabilit\u00e0 dei bambini alle malattie e alle infezioni non ha nulla a che vedere con la mascherina in s\u00e9, ma piuttosto con il lockdown: &#8220;molti bambini non hanno contratto i virus stagionali e questo ha causato un calo dell&#8217;immunit\u00e0&#8221;.<\/p>\n\n\n\n<p>Il medico ha inoltre ricordato qual \u00e8 lo scopo delle mascherine, ovvero fermare l&#8217;emergenza sanitaria: &#8220;meno circola il virus, pi\u00f9 saremo in grado di levare le mascherine senza correre rischi (&#8230;) Non dobbiamo dimenticare che il virus c&#8217;\u00e8 ancora. Bisogna essere prudenti e, se vogliamo uscire dalla crisi, non dobbiamo correre&#8221;.<\/p>\n\n\n\n<p>Un pensiero condiviso anche dal Governo del Principe. &#8220;Queste misure si sono dimostrate efficaci durante lo scorso anno scolastico: gli alunni hanno potuto frequentare in presenza e non \u00e8 stata necessaria nessuna chiusura legata al Covid-19&#8221;, ha ricordato un membro dell&#8217;istruzione nazionale monegasca ad aprile scorso.<\/p>\n\n\n\n<p>Il recente esempio del Regno Unito ha dimostrato che una sospensione prematura della mascherina nelle scuole potrebbe portare a diverse complicazioni. Alcuni istituti britannici parlano ora di reintrodurre l&#8217;obbligo, visto l&#8217;aumento repentino di assenze dovute ai contagi da Covid. Secondo la <a href=\"https:\/\/www.bbc.com\/news\/education-51643556\">BBC<\/a>, in soli quindici giorni dal rientro a scuola, sono stati 9.000 gli studenti che hanno contratto la malattia, facendo salire il numero totale di assenti per Covid a 209.000.<\/p>\n\n\n\n<p>Qual \u00e8 la soluzione? Secondo il Dottor Haas, la mascherina \u00e8 efficacie contro il virus, ma solo nel caso in cui questo circoli con una certa intensit\u00e0. Un buon compromesso, secondo lo specialista, sarebbe quello di sospendere l&#8217;uso della mascherina per i bambini minori di sei anni, visto che il rischio di contagio \u00e8 pi\u00f9 lieve.<\/p>\n\n\n\n<p>Per i pi\u00f9 grandi, dai sei agli undici anni, il pediatra invita alla prudenza, ma visto il basso tasso di trasmissione tra i bambini, consiglia delle misure pi\u00f9 severe che consentano di levare la mascherina fino al primo liceo.<\/p>\n\n\n\n<blockquote class=\"wp-block-quote is-layout-flow wp-block-quote-is-layout-flow\"><p>Le soluzioni ci sono e sono fattibili, ma non vengono adottate ed \u00e8 un vero peccato<\/p><\/blockquote>\n\n\n\n<h2 class=\"wp-block-heading\" id=\"h-quali-sono-le-soluzioni-alternative\">Quali sono le soluzioni alternative?<\/h2>\n\n\n\n<p>Per il personale medico, e anche per i genitori degli studenti, l&#8217;obiettivo non \u00e8 necessariamente quello di levare le mascherine senza alcuna regola. Alcuni genitori propongono soluzioni alternative: &#8220;lo sapevate che esistono purificatori d&#8217;aria molto efficaci? Gli stessi che usano in tutti gli studi televisivi&#8230;&#8221;, afferma un utente.<\/p>\n\n\n\n<p>&#8220;Le soluzioni ci sono e sono fattibili (allontanare i banchi, usare i purificatori d&#8217;aria, far areare le classi&#8230;) ma non vengono adottate ed \u00e8 un vero peccato&#8221;, commenta una madre di famiglia.<\/p>\n\n\n\n<p>Queste soluzioni alternative potrebbero placare le ansie dei genitori. <a href=\"https:\/\/www.facebook.com\/AssociationParentsdElevesMonaco\/\">L&#8217;Associazione dei genitori degli studenti di Monaco (APEM)<\/a> ha gi\u00e0 ricevuto diverse testimonianze di famiglie preoccupate. Il Presidente, la signora Gebel, ci ha raccontato che alcuni genitori gli hanno confidato &#8220;che sempre pi\u00f9 bambini non sopportano la mascherina, la mettono sotto il naso e vengono puniti. Il risultato sono ore e ore di punizione&#8221;.<\/p>\n\n\n\n<p>Secondo lei, la richiesta principale dei genitori \u00e8 quella di permettere ai bambini di levare la mascherina durante la ricreazione: &#8220;per loro, sarebbe una breve pausa durante la giornata. Bisogna ricordare che alcuni bambini a volte restano a scuola dalle 8:00 alle 18:00! (&#8230;) I genitori sostengono che i bambini sono meno contagiosi e che il virus circola meno all&#8217;esterno, si chiedono quindi perch\u00e9 debbano indossarla!&#8221;<\/p>\n\n\n\n<blockquote class=\"wp-block-quote is-layout-flow wp-block-quote-is-layout-flow\"><p>La sospensione dell&#8217;obbligo delle mascherine nelle scuole \u00e8 possibile a condizione che si rispettino misure pi\u00f9 severe<\/p><cite>Dottor Robino &#8211; Nefrologo e membro del Consiglio nazionale<\/cite><\/blockquote>\n\n\n\n<p>Su questo preciso punto, il Dottor Robino fa qualche osservazione: &#8220;Si pensa che il Covid sia meno grave nei bambini, ma abbiamo riscontrato complicazioni cardiache e malattie estremamente infiammatorie anche nei pi\u00f9 piccoli [che avevano contratto il Covid]. Non bisogna in nessun caso sottovalutare il virus, soprattutto visto che i bambini al di sotto dei dodici anni non sono vaccinati&#8221;.<\/p>\n\n\n\n<p>Per contro, sulla questione ricreazione, lo specialista sembra essere d&#8217;accordo. &#8220;All&#8217;esterno ci sono meno rischi, perch\u00e9 c&#8217;\u00e8 un grande ricircolo d&#8217;aria. (&#8230;) La sospensione dell&#8217;obbligo delle mascherine nelle scuole \u00e8 possibile a condizione che si rispettino misure pi\u00f9 severe, come tamponi di classe settimanali&#8221;.<\/p>\n\n\n\n<p>E mentre il Principato si appresta a studiare ancora una volta la questione dell&#8217;obbligo della mascherina, la Francia fa marcia indietro. Da luned\u00ec 8 novembre, giorno di rientro dopo le vacanze di Tutti i santi, la mascherina sar\u00e0 di nuovo obbligatoria nelle scuole primarie di 40 dipartimenti.<\/p>\n\n\n\n<p>Nelle <a href=\"https:\/\/www.monaco-tribune.com\/it\/2021\/11\/covid-19-qual-e-la-situazione-a-monaco-e-nelle-alpi-marittime\/\">Alpi Marittime<\/a>, la normativa resta invariata, visto che, secondo il sito <a href=\"https:\/\/covidtracker.fr\/dashboard-departements\/?dep=06\">covidtracker<\/a>, il tasso d&#8217;incidenza \u00e8 ancora al di sotto della soglia di allerta, fissata a 50 casi per 100.000 abitanti.<\/p>\n","protected":false},"excerpt":{"rendered":"<p>Motivo di dibattito, soprattutto nel Consiglio Nazionale, l&#8217;obbligo di mascherina nelle scuole \u00e8 un argomento particolarmente sensibile. Nonostante, dopo la [&hellip;]<\/p>\n","protected":false},"author":60,"featured_media":46031,"comment_status":"closed","ping_status":"closed","sticky":false,"template":"","format":"standard","meta":{"_acf_changed":false,"footnotes":""},"categories":[1826,1738,1752],"tags":[2886],"post_sectags":[],"post_format":[2475],"class_list":["post-99108","post","type-post","status-publish","format-standard","has-post-thumbnail","hentry","category-la-nostra-scelta","category-notizie","category-societa","tag-covid-19-it","format-inchiesta"],"acf":[],"yoast_head":"<!-- This site is optimized with the Yoast SEO Premium plugin v26.8 (Yoast SEO v27.4) - https:\/\/yoast.com\/product\/yoast-seo-premium-wordpress\/ -->\n<title>Medici, genitori e psicologi... Le opinioni dei monegaschi sulla mascherina obbligatoria nelle scuole<\/title>\n<meta name=\"description\" content=\"Motivo di dibattito, soprattutto nel Consiglio Nazionale, l&#039;obbligo di mascherina nelle scuole \u00e8 un argomento particolarmente sensibile. Nonostante, dopo\" \/>\n<meta name=\"robots\" content=\"index, follow, max-snippet:-1, max-image-preview:large, max-video-preview:-1\" \/>\n<link rel=\"canonical\" href=\"https:\/\/www.monaco-tribune.com\/it\/2021\/11\/medici-genitori-e-psicologi-le-opinioni-dei-monegaschi-sulla-mascherina-obbligatoria-nelle-scuole\/\" \/>\n<meta property=\"og:locale\" content=\"it_IT\" \/>\n<meta property=\"og:type\" content=\"article\" \/>\n<meta property=\"og:title\" content=\"Medici, genitori e psicologi... Le opinioni dei monegaschi sulla mascherina obbligatoria nelle scuole - Monaco Tribune\" \/>\n<meta property=\"og:description\" content=\"Motivo di dibattito, soprattutto nel Consiglio Nazionale, l&#039;obbligo di mascherina nelle scuole \u00e8 un argomento particolarmente sensibile. Nonostante, dopo\" \/>\n<meta property=\"og:url\" content=\"https:\/\/www.monaco-tribune.com\/it\/2021\/11\/medici-genitori-e-psicologi-le-opinioni-dei-monegaschi-sulla-mascherina-obbligatoria-nelle-scuole\/\" \/>\n<meta property=\"og:site_name\" content=\"Monaco Tribune\" \/>\n<meta property=\"article:publisher\" content=\"https:\/\/www.facebook.com\/MonacoTribune\" \/>\n<meta property=\"article:published_time\" content=\"2021-11-09T15:12:37+00:00\" \/>\n<meta property=\"article:modified_time\" content=\"2021-11-09T15:24:06+00:00\" \/>\n<meta property=\"og:image\" content=\"https:\/\/www.monaco-tribune.com\/wp-content\/uploads\/2020\/11\/protocole-sanitaire-e\u0301coles-min.jpg\" \/>\n\t<meta property=\"og:image:width\" content=\"1200\" \/>\n\t<meta property=\"og:image:height\" content=\"800\" \/>\n\t<meta property=\"og:image:type\" content=\"image\/jpeg\" \/>\n<meta name=\"author\" content=\"Camille Esteve\" \/>\n<meta name=\"twitter:card\" content=\"summary_large_image\" \/>\n<meta name=\"twitter:creator\" content=\"@MonacoTribune\" \/>\n<meta name=\"twitter:site\" content=\"@MonacoTribune\" \/>\n<script type=\"application\/ld+json\" class=\"yoast-schema-graph\">{\"@context\":\"https:\\\/\\\/schema.org\",\"@graph\":[{\"@type\":\"NewsArticle\",\"@id\":\"https:\\\/\\\/www.monaco-tribune.com\\\/it\\\/2021\\\/11\\\/medici-genitori-e-psicologi-le-opinioni-dei-monegaschi-sulla-mascherina-obbligatoria-nelle-scuole\\\/#article\",\"isPartOf\":{\"@id\":\"https:\\\/\\\/www.monaco-tribune.com\\\/it\\\/2021\\\/11\\\/medici-genitori-e-psicologi-le-opinioni-dei-monegaschi-sulla-mascherina-obbligatoria-nelle-scuole\\\/\"},\"author\":{\"name\":\"Camille Esteve\",\"@id\":\"https:\\\/\\\/www.monaco-tribune.com\\\/it\\\/#\\\/schema\\\/person\\\/a855d420fff4d03637641d60b93ac62e\"},\"headline\":\"Medici, genitori e psicologi&#8230; Le opinioni dei monegaschi sulla mascherina obbligatoria nelle scuole\",\"datePublished\":\"2021-11-09T15:12:37+00:00\",\"dateModified\":\"2021-11-09T15:24:06+00:00\",\"mainEntityOfPage\":{\"@id\":\"https:\\\/\\\/www.monaco-tribune.com\\\/it\\\/2021\\\/11\\\/medici-genitori-e-psicologi-le-opinioni-dei-monegaschi-sulla-mascherina-obbligatoria-nelle-scuole\\\/\"},\"wordCount\":1474,\"publisher\":{\"@id\":\"https:\\\/\\\/www.monaco-tribune.com\\\/it\\\/#organization\"},\"image\":{\"@id\":\"https:\\\/\\\/www.monaco-tribune.com\\\/it\\\/2021\\\/11\\\/medici-genitori-e-psicologi-le-opinioni-dei-monegaschi-sulla-mascherina-obbligatoria-nelle-scuole\\\/#primaryimage\"},\"thumbnailUrl\":\"https:\\\/\\\/www.monaco-tribune.com\\\/wp-content\\\/uploads\\\/2020\\\/11\\\/protocole-sanitaire-e\u0301coles-min.jpg\",\"keywords\":[\"Covid-19\"],\"articleSection\":[\"La nostra scelta\",\"Notizie\",\"Societ\u00e0\"],\"inLanguage\":\"it-IT\",\"copyrightYear\":\"2021\",\"copyrightHolder\":{\"@id\":\"https:\\\/\\\/www.monaco-tribune.com\\\/#organization\"}},{\"@type\":\"WebPage\",\"@id\":\"https:\\\/\\\/www.monaco-tribune.com\\\/it\\\/2021\\\/11\\\/medici-genitori-e-psicologi-le-opinioni-dei-monegaschi-sulla-mascherina-obbligatoria-nelle-scuole\\\/\",\"url\":\"https:\\\/\\\/www.monaco-tribune.com\\\/it\\\/2021\\\/11\\\/medici-genitori-e-psicologi-le-opinioni-dei-monegaschi-sulla-mascherina-obbligatoria-nelle-scuole\\\/\",\"name\":\"Medici, genitori e psicologi... Le opinioni dei monegaschi sulla mascherina obbligatoria nelle scuole\",\"isPartOf\":{\"@id\":\"https:\\\/\\\/www.monaco-tribune.com\\\/it\\\/#website\"},\"primaryImageOfPage\":{\"@id\":\"https:\\\/\\\/www.monaco-tribune.com\\\/it\\\/2021\\\/11\\\/medici-genitori-e-psicologi-le-opinioni-dei-monegaschi-sulla-mascherina-obbligatoria-nelle-scuole\\\/#primaryimage\"},\"image\":{\"@id\":\"https:\\\/\\\/www.monaco-tribune.com\\\/it\\\/2021\\\/11\\\/medici-genitori-e-psicologi-le-opinioni-dei-monegaschi-sulla-mascherina-obbligatoria-nelle-scuole\\\/#primaryimage\"},\"thumbnailUrl\":\"https:\\\/\\\/www.monaco-tribune.com\\\/wp-content\\\/uploads\\\/2020\\\/11\\\/protocole-sanitaire-e\u0301coles-min.jpg\",\"datePublished\":\"2021-11-09T15:12:37+00:00\",\"dateModified\":\"2021-11-09T15:24:06+00:00\",\"description\":\"Motivo di dibattito, soprattutto nel Consiglio Nazionale, l'obbligo di mascherina nelle scuole \u00e8 un argomento particolarmente sensibile. Nonostante, dopo\",\"breadcrumb\":{\"@id\":\"https:\\\/\\\/www.monaco-tribune.com\\\/it\\\/2021\\\/11\\\/medici-genitori-e-psicologi-le-opinioni-dei-monegaschi-sulla-mascherina-obbligatoria-nelle-scuole\\\/#breadcrumb\"},\"inLanguage\":\"it-IT\",\"potentialAction\":[{\"@type\":\"ReadAction\",\"target\":[\"https:\\\/\\\/www.monaco-tribune.com\\\/it\\\/2021\\\/11\\\/medici-genitori-e-psicologi-le-opinioni-dei-monegaschi-sulla-mascherina-obbligatoria-nelle-scuole\\\/\"]}]},{\"@type\":\"ImageObject\",\"inLanguage\":\"it-IT\",\"@id\":\"https:\\\/\\\/www.monaco-tribune.com\\\/it\\\/2021\\\/11\\\/medici-genitori-e-psicologi-le-opinioni-dei-monegaschi-sulla-mascherina-obbligatoria-nelle-scuole\\\/#primaryimage\",\"url\":\"https:\\\/\\\/www.monaco-tribune.com\\\/wp-content\\\/uploads\\\/2020\\\/11\\\/protocole-sanitaire-e\u0301coles-min.jpg\",\"contentUrl\":\"https:\\\/\\\/www.monaco-tribune.com\\\/wp-content\\\/uploads\\\/2020\\\/11\\\/protocole-sanitaire-e\u0301coles-min.jpg\",\"width\":1200,\"height\":800,\"caption\":\"Unsplash\"},{\"@type\":\"BreadcrumbList\",\"@id\":\"https:\\\/\\\/www.monaco-tribune.com\\\/it\\\/2021\\\/11\\\/medici-genitori-e-psicologi-le-opinioni-dei-monegaschi-sulla-mascherina-obbligatoria-nelle-scuole\\\/#breadcrumb\",\"itemListElement\":[{\"@type\":\"ListItem\",\"position\":1,\"name\":\"Accueil\",\"item\":\"https:\\\/\\\/www.monaco-tribune.com\\\/it\\\/\"},{\"@type\":\"ListItem\",\"position\":2,\"name\":\"Medici, genitori e psicologi&#8230; Le opinioni dei monegaschi sulla mascherina obbligatoria nelle scuole\"}]},{\"@type\":\"WebSite\",\"@id\":\"https:\\\/\\\/www.monaco-tribune.com\\\/it\\\/#website\",\"url\":\"https:\\\/\\\/www.monaco-tribune.com\\\/it\\\/\",\"name\":\"Monaco Tribune\",\"description\":\"Monaco : actualit\u00e9s \u00e9conomiques, politiques, culturelles et sportives de Monaco et de la French Riviera.\",\"publisher\":{\"@id\":\"https:\\\/\\\/www.monaco-tribune.com\\\/it\\\/#organization\"},\"potentialAction\":[{\"@type\":\"SearchAction\",\"target\":{\"@type\":\"EntryPoint\",\"urlTemplate\":\"https:\\\/\\\/www.monaco-tribune.com\\\/it\\\/?s={search_term_string}\"},\"query-input\":{\"@type\":\"PropertyValueSpecification\",\"valueRequired\":true,\"valueName\":\"search_term_string\"}}],\"inLanguage\":\"it-IT\"},{\"@type\":\"Organization\",\"@id\":\"https:\\\/\\\/www.monaco-tribune.com\\\/it\\\/#organization\",\"name\":\"Monaco Tribune\",\"url\":\"https:\\\/\\\/www.monaco-tribune.com\\\/it\\\/\",\"logo\":{\"@type\":\"ImageObject\",\"inLanguage\":\"it-IT\",\"@id\":\"https:\\\/\\\/www.monaco-tribune.com\\\/it\\\/#\\\/schema\\\/logo\\\/image\\\/\",\"url\":\"https:\\\/\\\/www.monaco-tribune.com\\\/wp-content\\\/uploads\\\/2022\\\/11\\\/logo-monaco-tribune.png\",\"contentUrl\":\"https:\\\/\\\/www.monaco-tribune.com\\\/wp-content\\\/uploads\\\/2022\\\/11\\\/logo-monaco-tribune.png\",\"width\":1548,\"height\":600,\"caption\":\"Monaco Tribune\"},\"image\":{\"@id\":\"https:\\\/\\\/www.monaco-tribune.com\\\/it\\\/#\\\/schema\\\/logo\\\/image\\\/\"},\"sameAs\":[\"https:\\\/\\\/www.facebook.com\\\/MonacoTribune\",\"https:\\\/\\\/x.com\\\/MonacoTribune\",\"https:\\\/\\\/www.instagram.com\\\/monacotribune\\\/\",\"https:\\\/\\\/www.linkedin.com\\\/company\\\/monaco-tribune\",\"https:\\\/\\\/www.youtube.com\\\/channel\\\/UCHle1MnG6hw1y4lWKijVbMA\"]},{\"@type\":\"Person\",\"@id\":\"https:\\\/\\\/www.monaco-tribune.com\\\/it\\\/#\\\/schema\\\/person\\\/a855d420fff4d03637641d60b93ac62e\",\"name\":\"Camille Esteve\",\"image\":{\"@type\":\"ImageObject\",\"inLanguage\":\"it-IT\",\"@id\":\"https:\\\/\\\/secure.gravatar.com\\\/avatar\\\/eaaa2355a7bb56c0018a391c20a55bf9b4690e3f493231dd850e612bfa6ce161?s=96&d=mm&r=g\",\"url\":\"https:\\\/\\\/secure.gravatar.com\\\/avatar\\\/eaaa2355a7bb56c0018a391c20a55bf9b4690e3f493231dd850e612bfa6ce161?s=96&d=mm&r=g\",\"contentUrl\":\"https:\\\/\\\/secure.gravatar.com\\\/avatar\\\/eaaa2355a7bb56c0018a391c20a55bf9b4690e3f493231dd850e612bfa6ce161?s=96&d=mm&r=g\",\"caption\":\"Camille Esteve\"},\"url\":\"https:\\\/\\\/www.monaco-tribune.com\\\/it\\\/author\\\/camilleesteve\\\/\"}]}<\/script>\n<!-- \/ Yoast SEO Premium plugin. -->","yoast_head_json":{"title":"Medici, genitori e psicologi... Le opinioni dei monegaschi sulla mascherina obbligatoria nelle scuole","description":"Motivo di dibattito, soprattutto nel Consiglio Nazionale, l'obbligo di mascherina nelle scuole \u00e8 un argomento particolarmente sensibile. Nonostante, dopo","robots":{"index":"index","follow":"follow","max-snippet":"max-snippet:-1","max-image-preview":"max-image-preview:large","max-video-preview":"max-video-preview:-1"},"canonical":"https:\/\/www.monaco-tribune.com\/it\/2021\/11\/medici-genitori-e-psicologi-le-opinioni-dei-monegaschi-sulla-mascherina-obbligatoria-nelle-scuole\/","og_locale":"it_IT","og_type":"article","og_title":"Medici, genitori e psicologi... Le opinioni dei monegaschi sulla mascherina obbligatoria nelle scuole - Monaco Tribune","og_description":"Motivo di dibattito, soprattutto nel Consiglio Nazionale, l'obbligo di mascherina nelle scuole \u00e8 un argomento particolarmente sensibile. Nonostante, dopo","og_url":"https:\/\/www.monaco-tribune.com\/it\/2021\/11\/medici-genitori-e-psicologi-le-opinioni-dei-monegaschi-sulla-mascherina-obbligatoria-nelle-scuole\/","og_site_name":"Monaco Tribune","article_publisher":"https:\/\/www.facebook.com\/MonacoTribune","article_published_time":"2021-11-09T15:12:37+00:00","article_modified_time":"2021-11-09T15:24:06+00:00","og_image":[{"width":1200,"height":800,"url":"https:\/\/www.monaco-tribune.com\/wp-content\/uploads\/2020\/11\/protocole-sanitaire-e\u0301coles-min.jpg","type":"image\/jpeg"}],"author":"Camille Esteve","twitter_card":"summary_large_image","twitter_creator":"@MonacoTribune","twitter_site":"@MonacoTribune","schema":{"@context":"https:\/\/schema.org","@graph":[{"@type":"NewsArticle","@id":"https:\/\/www.monaco-tribune.com\/it\/2021\/11\/medici-genitori-e-psicologi-le-opinioni-dei-monegaschi-sulla-mascherina-obbligatoria-nelle-scuole\/#article","isPartOf":{"@id":"https:\/\/www.monaco-tribune.com\/it\/2021\/11\/medici-genitori-e-psicologi-le-opinioni-dei-monegaschi-sulla-mascherina-obbligatoria-nelle-scuole\/"},"author":{"name":"Camille Esteve","@id":"https:\/\/www.monaco-tribune.com\/it\/#\/schema\/person\/a855d420fff4d03637641d60b93ac62e"},"headline":"Medici, genitori e psicologi&#8230; Le opinioni dei monegaschi sulla mascherina obbligatoria nelle scuole","datePublished":"2021-11-09T15:12:37+00:00","dateModified":"2021-11-09T15:24:06+00:00","mainEntityOfPage":{"@id":"https:\/\/www.monaco-tribune.com\/it\/2021\/11\/medici-genitori-e-psicologi-le-opinioni-dei-monegaschi-sulla-mascherina-obbligatoria-nelle-scuole\/"},"wordCount":1474,"publisher":{"@id":"https:\/\/www.monaco-tribune.com\/it\/#organization"},"image":{"@id":"https:\/\/www.monaco-tribune.com\/it\/2021\/11\/medici-genitori-e-psicologi-le-opinioni-dei-monegaschi-sulla-mascherina-obbligatoria-nelle-scuole\/#primaryimage"},"thumbnailUrl":"https:\/\/www.monaco-tribune.com\/wp-content\/uploads\/2020\/11\/protocole-sanitaire-e\u0301coles-min.jpg","keywords":["Covid-19"],"articleSection":["La nostra scelta","Notizie","Societ\u00e0"],"inLanguage":"it-IT","copyrightYear":"2021","copyrightHolder":{"@id":"https:\/\/www.monaco-tribune.com\/#organization"}},{"@type":"WebPage","@id":"https:\/\/www.monaco-tribune.com\/it\/2021\/11\/medici-genitori-e-psicologi-le-opinioni-dei-monegaschi-sulla-mascherina-obbligatoria-nelle-scuole\/","url":"https:\/\/www.monaco-tribune.com\/it\/2021\/11\/medici-genitori-e-psicologi-le-opinioni-dei-monegaschi-sulla-mascherina-obbligatoria-nelle-scuole\/","name":"Medici, genitori e psicologi... Le opinioni dei monegaschi sulla mascherina obbligatoria nelle scuole","isPartOf":{"@id":"https:\/\/www.monaco-tribune.com\/it\/#website"},"primaryImageOfPage":{"@id":"https:\/\/www.monaco-tribune.com\/it\/2021\/11\/medici-genitori-e-psicologi-le-opinioni-dei-monegaschi-sulla-mascherina-obbligatoria-nelle-scuole\/#primaryimage"},"image":{"@id":"https:\/\/www.monaco-tribune.com\/it\/2021\/11\/medici-genitori-e-psicologi-le-opinioni-dei-monegaschi-sulla-mascherina-obbligatoria-nelle-scuole\/#primaryimage"},"thumbnailUrl":"https:\/\/www.monaco-tribune.com\/wp-content\/uploads\/2020\/11\/protocole-sanitaire-e\u0301coles-min.jpg","datePublished":"2021-11-09T15:12:37+00:00","dateModified":"2021-11-09T15:24:06+00:00","description":"Motivo di dibattito, soprattutto nel Consiglio Nazionale, l'obbligo di mascherina nelle scuole \u00e8 un argomento particolarmente sensibile. Nonostante, dopo","breadcrumb":{"@id":"https:\/\/www.monaco-tribune.com\/it\/2021\/11\/medici-genitori-e-psicologi-le-opinioni-dei-monegaschi-sulla-mascherina-obbligatoria-nelle-scuole\/#breadcrumb"},"inLanguage":"it-IT","potentialAction":[{"@type":"ReadAction","target":["https:\/\/www.monaco-tribune.com\/it\/2021\/11\/medici-genitori-e-psicologi-le-opinioni-dei-monegaschi-sulla-mascherina-obbligatoria-nelle-scuole\/"]}]},{"@type":"ImageObject","inLanguage":"it-IT","@id":"https:\/\/www.monaco-tribune.com\/it\/2021\/11\/medici-genitori-e-psicologi-le-opinioni-dei-monegaschi-sulla-mascherina-obbligatoria-nelle-scuole\/#primaryimage","url":"https:\/\/www.monaco-tribune.com\/wp-content\/uploads\/2020\/11\/protocole-sanitaire-e\u0301coles-min.jpg","contentUrl":"https:\/\/www.monaco-tribune.com\/wp-content\/uploads\/2020\/11\/protocole-sanitaire-e\u0301coles-min.jpg","width":1200,"height":800,"caption":"Unsplash"},{"@type":"BreadcrumbList","@id":"https:\/\/www.monaco-tribune.com\/it\/2021\/11\/medici-genitori-e-psicologi-le-opinioni-dei-monegaschi-sulla-mascherina-obbligatoria-nelle-scuole\/#breadcrumb","itemListElement":[{"@type":"ListItem","position":1,"name":"Accueil","item":"https:\/\/www.monaco-tribune.com\/it\/"},{"@type":"ListItem","position":2,"name":"Medici, genitori e psicologi&#8230; Le opinioni dei monegaschi sulla mascherina obbligatoria nelle scuole"}]},{"@type":"WebSite","@id":"https:\/\/www.monaco-tribune.com\/it\/#website","url":"https:\/\/www.monaco-tribune.com\/it\/","name":"Monaco Tribune","description":"Monaco : actualit\u00e9s \u00e9conomiques, politiques, culturelles et sportives de Monaco et de la French Riviera.","publisher":{"@id":"https:\/\/www.monaco-tribune.com\/it\/#organization"},"potentialAction":[{"@type":"SearchAction","target":{"@type":"EntryPoint","urlTemplate":"https:\/\/www.monaco-tribune.com\/it\/?s={search_term_string}"},"query-input":{"@type":"PropertyValueSpecification","valueRequired":true,"valueName":"search_term_string"}}],"inLanguage":"it-IT"},{"@type":"Organization","@id":"https:\/\/www.monaco-tribune.com\/it\/#organization","name":"Monaco Tribune","url":"https:\/\/www.monaco-tribune.com\/it\/","logo":{"@type":"ImageObject","inLanguage":"it-IT","@id":"https:\/\/www.monaco-tribune.com\/it\/#\/schema\/logo\/image\/","url":"https:\/\/www.monaco-tribune.com\/wp-content\/uploads\/2022\/11\/logo-monaco-tribune.png","contentUrl":"https:\/\/www.monaco-tribune.com\/wp-content\/uploads\/2022\/11\/logo-monaco-tribune.png","width":1548,"height":600,"caption":"Monaco Tribune"},"image":{"@id":"https:\/\/www.monaco-tribune.com\/it\/#\/schema\/logo\/image\/"},"sameAs":["https:\/\/www.facebook.com\/MonacoTribune","https:\/\/x.com\/MonacoTribune","https:\/\/www.instagram.com\/monacotribune\/","https:\/\/www.linkedin.com\/company\/monaco-tribune","https:\/\/www.youtube.com\/channel\/UCHle1MnG6hw1y4lWKijVbMA"]},{"@type":"Person","@id":"https:\/\/www.monaco-tribune.com\/it\/#\/schema\/person\/a855d420fff4d03637641d60b93ac62e","name":"Camille Esteve","image":{"@type":"ImageObject","inLanguage":"it-IT","@id":"https:\/\/secure.gravatar.com\/avatar\/eaaa2355a7bb56c0018a391c20a55bf9b4690e3f493231dd850e612bfa6ce161?s=96&d=mm&r=g","url":"https:\/\/secure.gravatar.com\/avatar\/eaaa2355a7bb56c0018a391c20a55bf9b4690e3f493231dd850e612bfa6ce161?s=96&d=mm&r=g","contentUrl":"https:\/\/secure.gravatar.com\/avatar\/eaaa2355a7bb56c0018a391c20a55bf9b4690e3f493231dd850e612bfa6ce161?s=96&d=mm&r=g","caption":"Camille Esteve"},"url":"https:\/\/www.monaco-tribune.com\/it\/author\/camilleesteve\/"}]}},"_links":{"self":[{"href":"https:\/\/www.monaco-tribune.com\/it\/wp-json\/wp\/v2\/posts\/99108","targetHints":{"allow":["GET"]}}],"collection":[{"href":"https:\/\/www.monaco-tribune.com\/it\/wp-json\/wp\/v2\/posts"}],"about":[{"href":"https:\/\/www.monaco-tribune.com\/it\/wp-json\/wp\/v2\/types\/post"}],"author":[{"embeddable":true,"href":"https:\/\/www.monaco-tribune.com\/it\/wp-json\/wp\/v2\/users\/60"}],"replies":[{"embeddable":true,"href":"https:\/\/www.monaco-tribune.com\/it\/wp-json\/wp\/v2\/comments?post=99108"}],"version-history":[{"count":0,"href":"https:\/\/www.monaco-tribune.com\/it\/wp-json\/wp\/v2\/posts\/99108\/revisions"}],"wp:featuredmedia":[{"embeddable":true,"href":"https:\/\/www.monaco-tribune.com\/it\/wp-json\/wp\/v2\/media\/46031"}],"wp:attachment":[{"href":"https:\/\/www.monaco-tribune.com\/it\/wp-json\/wp\/v2\/media?parent=99108"}],"wp:term":[{"taxonomy":"category","embeddable":true,"href":"https:\/\/www.monaco-tribune.com\/it\/wp-json\/wp\/v2\/categories?post=99108"},{"taxonomy":"post_tag","embeddable":true,"href":"https:\/\/www.monaco-tribune.com\/it\/wp-json\/wp\/v2\/tags?post=99108"},{"taxonomy":"sectag","embeddable":true,"href":"https:\/\/www.monaco-tribune.com\/it\/wp-json\/wp\/v2\/post_sectags?post=99108"},{"taxonomy":"format","embeddable":true,"href":"https:\/\/www.monaco-tribune.com\/it\/wp-json\/wp\/v2\/post_format?post=99108"}],"curies":[{"name":"wp","href":"https:\/\/api.w.org\/{rel}","templated":true}]}}