{"id":99129,"date":"2021-11-09T16:21:38","date_gmt":"2021-11-09T15:21:38","guid":{"rendered":"https:\/\/www.monaco-tribune.com\/2021\/11\/il-cross-del-larvotto-torna-a-dare-spettacolo-a-monaco\/"},"modified":"2021-11-09T16:26:59","modified_gmt":"2021-11-09T15:26:59","slug":"il-cross-del-larvotto-torna-a-dare-spettacolo-a-monaco","status":"publish","type":"post","link":"https:\/\/www.monaco-tribune.com\/it\/2021\/11\/il-cross-del-larvotto-torna-a-dare-spettacolo-a-monaco\/","title":{"rendered":"Il Cross del Larvotto torna a dare spettacolo a Monaco"},"content":{"rendered":"\n<p><strong>Dopo l&#8217;edizione annullata del 2020, domenica a Monaco \u00e8 tornato il Cross del Larvotto, che ha riunito ben 250 corridori nel cuore del nuovo complesso balneare omonimo.<\/strong><\/p>\n\n\n\n<p>Tre anni dopo l&#8217;ultima edizione tenutasi al Larvotto, la famosa omonima gara monegasca, arrivata alla 44\u00b0 edizione, ha fatto il suo grande ritorno a &#8220;casa&#8221;, dopo che la competizione del 2019 era stata trasferita a Fontvieille. Sotto un cielo capriccioso, Pierre Potteau (Menton Marathon Athl\u00e9tisme) ha vinto la 6,5 km maschile con un tempo di 20&#8217;55, davanti a Greg Giuffra (AS Monaco Triathlon) con 21&#8217;39. <\/p>\n\n\n\n<h2 class=\"wp-block-heading\" id=\"h-grande-rappresentanza-dell-as-monaco-athl-tisme\">Grande rappresentanza dell&#8217;AS Monaco Athl\u00e9tisme<\/h2>\n\n\n\n<p>Una settimana dopo aver conquistato il terzo posto nei campionati regionali di short cross, il membro del Menton Marathon Athl\u00e9tisme (MMA) ha ripetuto un&#8217;ottima performance al Larvotto. Pi\u00f9 di 50 membri dell&#8217;AS Monaco Athl\u00e9tisme ai blocchi di partenza di un percorso tecnico, con ben 500 metri di corsa su sabbia.<\/p>\n\n\n\n<p>Inoltre, c&#8217;erano 80 persone a garantire il buon svolgimento della gara, che hanno reso possibile il realizzarsi di un magnifico evento. L&#8217;As Monaco Athl\u00e9tisme si prepara ora ai campionati nazionali francesi di corsa campestre, prima di tornare alle competizioni indoor a fine mese. Programma intenso in vista.<\/p>\n","protected":false},"excerpt":{"rendered":"<p>Dopo l&#8217;edizione annullata del 2020, domenica a Monaco \u00e8 tornato il Cross del Larvotto, che ha riunito ben 250 corridori [&hellip;]<\/p>\n","protected":false},"author":24,"featured_media":99027,"comment_status":"closed","ping_status":"closed","sticky":false,"template":"","format":"standard","meta":{"_acf_changed":false,"footnotes":""},"categories":[1738,1743],"tags":[3319],"post_sectags":[],"post_format":[2478],"class_list":["post-99129","post","type-post","status-publish","format-standard","has-post-thumbnail","hentry","category-notizie","category-sport-it","tag-atletica","format-notizia"],"acf":[],"yoast_head":"<!-- This site is optimized with the Yoast SEO Premium plugin v26.8 (Yoast SEO v27.5) - https:\/\/yoast.com\/product\/yoast-seo-premium-wordpress\/ -->\n<title>Il Cross del Larvotto torna a dare spettacolo a Monaco<\/title>\n<meta name=\"description\" content=\"Dopo l&#039;edizione annullata del 2020, domenica a Monaco \u00e8 tornato il Cross del Larvotto, che ha riunito ben 250 corridori nel cuore del nuovo complesso\" \/>\n<meta name=\"robots\" content=\"index, follow, max-snippet:-1, max-image-preview:large, max-video-preview:-1\" \/>\n<link rel=\"canonical\" href=\"https:\/\/www.monaco-tribune.com\/it\/2021\/11\/il-cross-del-larvotto-torna-a-dare-spettacolo-a-monaco\/\" \/>\n<meta property=\"og:locale\" content=\"it_IT\" \/>\n<meta property=\"og:type\" content=\"article\" \/>\n<meta property=\"og:title\" content=\"Il Cross del Larvotto torna a dare spettacolo a Monaco - Monaco Tribune\" \/>\n<meta property=\"og:description\" content=\"Dopo l&#039;edizione annullata del 2020, domenica a Monaco \u00e8 tornato il Cross del Larvotto, che ha riunito ben 250 corridori nel cuore del nuovo complesso\" \/>\n<meta property=\"og:url\" content=\"https:\/\/www.monaco-tribune.com\/it\/2021\/11\/il-cross-del-larvotto-torna-a-dare-spettacolo-a-monaco\/\" \/>\n<meta property=\"og:site_name\" content=\"Monaco Tribune\" \/>\n<meta property=\"article:publisher\" content=\"https:\/\/www.facebook.com\/MonacoTribune\" \/>\n<meta property=\"article:published_time\" content=\"2021-11-09T15:21:38+00:00\" \/>\n<meta property=\"article:modified_time\" content=\"2021-11-09T15:26:59+00:00\" \/>\n<meta property=\"og:image\" content=\"https:\/\/www.monaco-tribune.com\/wp-content\/uploads\/2021\/11\/cross-larvotto.jpg\" \/>\n\t<meta property=\"og:image:width\" content=\"1951\" \/>\n\t<meta property=\"og:image:height\" content=\"1149\" \/>\n\t<meta property=\"og:image:type\" content=\"image\/jpeg\" \/>\n<meta name=\"author\" content=\"Romain Boisaubert\" \/>\n<meta name=\"twitter:card\" content=\"summary_large_image\" \/>\n<meta name=\"twitter:creator\" content=\"@MonacoTribune\" \/>\n<meta name=\"twitter:site\" content=\"@MonacoTribune\" \/>\n<script type=\"application\/ld+json\" class=\"yoast-schema-graph\">{\"@context\":\"https:\\\/\\\/schema.org\",\"@graph\":[{\"@type\":\"NewsArticle\",\"@id\":\"https:\\\/\\\/www.monaco-tribune.com\\\/it\\\/2021\\\/11\\\/il-cross-del-larvotto-torna-a-dare-spettacolo-a-monaco\\\/#article\",\"isPartOf\":{\"@id\":\"https:\\\/\\\/www.monaco-tribune.com\\\/it\\\/2021\\\/11\\\/il-cross-del-larvotto-torna-a-dare-spettacolo-a-monaco\\\/\"},\"author\":{\"name\":\"Romain Boisaubert\",\"@id\":\"https:\\\/\\\/www.monaco-tribune.com\\\/it\\\/#\\\/schema\\\/person\\\/330a3732947cf8cb41b2533a0eadd62e\"},\"headline\":\"Il Cross del Larvotto torna a dare spettacolo a Monaco\",\"datePublished\":\"2021-11-09T15:21:38+00:00\",\"dateModified\":\"2021-11-09T15:26:59+00:00\",\"mainEntityOfPage\":{\"@id\":\"https:\\\/\\\/www.monaco-tribune.com\\\/it\\\/2021\\\/11\\\/il-cross-del-larvotto-torna-a-dare-spettacolo-a-monaco\\\/\"},\"wordCount\":205,\"publisher\":{\"@id\":\"https:\\\/\\\/www.monaco-tribune.com\\\/it\\\/#organization\"},\"image\":{\"@id\":\"https:\\\/\\\/www.monaco-tribune.com\\\/it\\\/2021\\\/11\\\/il-cross-del-larvotto-torna-a-dare-spettacolo-a-monaco\\\/#primaryimage\"},\"thumbnailUrl\":\"https:\\\/\\\/www.monaco-tribune.com\\\/wp-content\\\/uploads\\\/2021\\\/11\\\/cross-larvotto.jpg\",\"keywords\":[\"Atletica\"],\"articleSection\":[\"Notizie\",\"Sport\"],\"inLanguage\":\"it-IT\",\"copyrightYear\":\"2021\",\"copyrightHolder\":{\"@id\":\"https:\\\/\\\/www.monaco-tribune.com\\\/#organization\"}},{\"@type\":\"WebPage\",\"@id\":\"https:\\\/\\\/www.monaco-tribune.com\\\/it\\\/2021\\\/11\\\/il-cross-del-larvotto-torna-a-dare-spettacolo-a-monaco\\\/\",\"url\":\"https:\\\/\\\/www.monaco-tribune.com\\\/it\\\/2021\\\/11\\\/il-cross-del-larvotto-torna-a-dare-spettacolo-a-monaco\\\/\",\"name\":\"Il Cross del Larvotto torna a dare spettacolo a Monaco\",\"isPartOf\":{\"@id\":\"https:\\\/\\\/www.monaco-tribune.com\\\/it\\\/#website\"},\"primaryImageOfPage\":{\"@id\":\"https:\\\/\\\/www.monaco-tribune.com\\\/it\\\/2021\\\/11\\\/il-cross-del-larvotto-torna-a-dare-spettacolo-a-monaco\\\/#primaryimage\"},\"image\":{\"@id\":\"https:\\\/\\\/www.monaco-tribune.com\\\/it\\\/2021\\\/11\\\/il-cross-del-larvotto-torna-a-dare-spettacolo-a-monaco\\\/#primaryimage\"},\"thumbnailUrl\":\"https:\\\/\\\/www.monaco-tribune.com\\\/wp-content\\\/uploads\\\/2021\\\/11\\\/cross-larvotto.jpg\",\"datePublished\":\"2021-11-09T15:21:38+00:00\",\"dateModified\":\"2021-11-09T15:26:59+00:00\",\"description\":\"Dopo l'edizione annullata del 2020, domenica a Monaco \u00e8 tornato il Cross del Larvotto, che ha riunito ben 250 corridori nel cuore del nuovo complesso\",\"breadcrumb\":{\"@id\":\"https:\\\/\\\/www.monaco-tribune.com\\\/it\\\/2021\\\/11\\\/il-cross-del-larvotto-torna-a-dare-spettacolo-a-monaco\\\/#breadcrumb\"},\"inLanguage\":\"it-IT\",\"potentialAction\":[{\"@type\":\"ReadAction\",\"target\":[\"https:\\\/\\\/www.monaco-tribune.com\\\/it\\\/2021\\\/11\\\/il-cross-del-larvotto-torna-a-dare-spettacolo-a-monaco\\\/\"]}]},{\"@type\":\"ImageObject\",\"inLanguage\":\"it-IT\",\"@id\":\"https:\\\/\\\/www.monaco-tribune.com\\\/it\\\/2021\\\/11\\\/il-cross-del-larvotto-torna-a-dare-spettacolo-a-monaco\\\/#primaryimage\",\"url\":\"https:\\\/\\\/www.monaco-tribune.com\\\/wp-content\\\/uploads\\\/2021\\\/11\\\/cross-larvotto.jpg\",\"contentUrl\":\"https:\\\/\\\/www.monaco-tribune.com\\\/wp-content\\\/uploads\\\/2021\\\/11\\\/cross-larvotto.jpg\",\"width\":1951,\"height\":1149,\"caption\":\"Claude Eyraud\"},{\"@type\":\"BreadcrumbList\",\"@id\":\"https:\\\/\\\/www.monaco-tribune.com\\\/it\\\/2021\\\/11\\\/il-cross-del-larvotto-torna-a-dare-spettacolo-a-monaco\\\/#breadcrumb\",\"itemListElement\":[{\"@type\":\"ListItem\",\"position\":1,\"name\":\"Accueil\",\"item\":\"https:\\\/\\\/www.monaco-tribune.com\\\/it\\\/\"},{\"@type\":\"ListItem\",\"position\":2,\"name\":\"Il Cross del Larvotto torna a dare spettacolo a Monaco\"}]},{\"@type\":\"WebSite\",\"@id\":\"https:\\\/\\\/www.monaco-tribune.com\\\/it\\\/#website\",\"url\":\"https:\\\/\\\/www.monaco-tribune.com\\\/it\\\/\",\"name\":\"Monaco Tribune\",\"description\":\"Monaco : actualit\u00e9s \u00e9conomiques, politiques, culturelles et sportives de Monaco et de la French Riviera.\",\"publisher\":{\"@id\":\"https:\\\/\\\/www.monaco-tribune.com\\\/it\\\/#organization\"},\"potentialAction\":[{\"@type\":\"SearchAction\",\"target\":{\"@type\":\"EntryPoint\",\"urlTemplate\":\"https:\\\/\\\/www.monaco-tribune.com\\\/it\\\/?s={search_term_string}\"},\"query-input\":{\"@type\":\"PropertyValueSpecification\",\"valueRequired\":true,\"valueName\":\"search_term_string\"}}],\"inLanguage\":\"it-IT\"},{\"@type\":\"Organization\",\"@id\":\"https:\\\/\\\/www.monaco-tribune.com\\\/it\\\/#organization\",\"name\":\"Monaco Tribune\",\"url\":\"https:\\\/\\\/www.monaco-tribune.com\\\/it\\\/\",\"logo\":{\"@type\":\"ImageObject\",\"inLanguage\":\"it-IT\",\"@id\":\"https:\\\/\\\/www.monaco-tribune.com\\\/it\\\/#\\\/schema\\\/logo\\\/image\\\/\",\"url\":\"https:\\\/\\\/www.monaco-tribune.com\\\/wp-content\\\/uploads\\\/2022\\\/11\\\/logo-monaco-tribune.png\",\"contentUrl\":\"https:\\\/\\\/www.monaco-tribune.com\\\/wp-content\\\/uploads\\\/2022\\\/11\\\/logo-monaco-tribune.png\",\"width\":1548,\"height\":600,\"caption\":\"Monaco Tribune\"},\"image\":{\"@id\":\"https:\\\/\\\/www.monaco-tribune.com\\\/it\\\/#\\\/schema\\\/logo\\\/image\\\/\"},\"sameAs\":[\"https:\\\/\\\/www.facebook.com\\\/MonacoTribune\",\"https:\\\/\\\/x.com\\\/MonacoTribune\",\"https:\\\/\\\/www.instagram.com\\\/monacotribune\\\/\",\"https:\\\/\\\/www.linkedin.com\\\/company\\\/monaco-tribune\",\"https:\\\/\\\/www.youtube.com\\\/channel\\\/UCHle1MnG6hw1y4lWKijVbMA\"]},{\"@type\":\"Person\",\"@id\":\"https:\\\/\\\/www.monaco-tribune.com\\\/it\\\/#\\\/schema\\\/person\\\/330a3732947cf8cb41b2533a0eadd62e\",\"name\":\"Romain Boisaubert\",\"image\":{\"@type\":\"ImageObject\",\"inLanguage\":\"it-IT\",\"@id\":\"https:\\\/\\\/secure.gravatar.com\\\/avatar\\\/f8b90d41f1eabd1cbe4cf59e09d8db41a697d51919bf2dfe727589a24a4a4d54?s=96&d=mm&r=g\",\"url\":\"https:\\\/\\\/secure.gravatar.com\\\/avatar\\\/f8b90d41f1eabd1cbe4cf59e09d8db41a697d51919bf2dfe727589a24a4a4d54?s=96&d=mm&r=g\",\"contentUrl\":\"https:\\\/\\\/secure.gravatar.com\\\/avatar\\\/f8b90d41f1eabd1cbe4cf59e09d8db41a697d51919bf2dfe727589a24a4a4d54?s=96&d=mm&r=g\",\"caption\":\"Romain Boisaubert\"},\"description\":\"Test bio\",\"url\":\"https:\\\/\\\/www.monaco-tribune.com\\\/it\\\/author\\\/romain-boisaubert\\\/\"}]}<\/script>\n<!-- \/ Yoast SEO Premium plugin. -->","yoast_head_json":{"title":"Il Cross del Larvotto torna a dare spettacolo a Monaco","description":"Dopo l'edizione annullata del 2020, domenica a Monaco \u00e8 tornato il Cross del Larvotto, che ha riunito ben 250 corridori nel cuore del nuovo complesso","robots":{"index":"index","follow":"follow","max-snippet":"max-snippet:-1","max-image-preview":"max-image-preview:large","max-video-preview":"max-video-preview:-1"},"canonical":"https:\/\/www.monaco-tribune.com\/it\/2021\/11\/il-cross-del-larvotto-torna-a-dare-spettacolo-a-monaco\/","og_locale":"it_IT","og_type":"article","og_title":"Il Cross del Larvotto torna a dare spettacolo a Monaco - Monaco Tribune","og_description":"Dopo l'edizione annullata del 2020, domenica a Monaco \u00e8 tornato il Cross del Larvotto, che ha riunito ben 250 corridori nel cuore del nuovo complesso","og_url":"https:\/\/www.monaco-tribune.com\/it\/2021\/11\/il-cross-del-larvotto-torna-a-dare-spettacolo-a-monaco\/","og_site_name":"Monaco Tribune","article_publisher":"https:\/\/www.facebook.com\/MonacoTribune","article_published_time":"2021-11-09T15:21:38+00:00","article_modified_time":"2021-11-09T15:26:59+00:00","og_image":[{"width":1951,"height":1149,"url":"https:\/\/www.monaco-tribune.com\/wp-content\/uploads\/2021\/11\/cross-larvotto.jpg","type":"image\/jpeg"}],"author":"Romain Boisaubert","twitter_card":"summary_large_image","twitter_creator":"@MonacoTribune","twitter_site":"@MonacoTribune","schema":{"@context":"https:\/\/schema.org","@graph":[{"@type":"NewsArticle","@id":"https:\/\/www.monaco-tribune.com\/it\/2021\/11\/il-cross-del-larvotto-torna-a-dare-spettacolo-a-monaco\/#article","isPartOf":{"@id":"https:\/\/www.monaco-tribune.com\/it\/2021\/11\/il-cross-del-larvotto-torna-a-dare-spettacolo-a-monaco\/"},"author":{"name":"Romain Boisaubert","@id":"https:\/\/www.monaco-tribune.com\/it\/#\/schema\/person\/330a3732947cf8cb41b2533a0eadd62e"},"headline":"Il Cross del Larvotto torna a dare spettacolo a Monaco","datePublished":"2021-11-09T15:21:38+00:00","dateModified":"2021-11-09T15:26:59+00:00","mainEntityOfPage":{"@id":"https:\/\/www.monaco-tribune.com\/it\/2021\/11\/il-cross-del-larvotto-torna-a-dare-spettacolo-a-monaco\/"},"wordCount":205,"publisher":{"@id":"https:\/\/www.monaco-tribune.com\/it\/#organization"},"image":{"@id":"https:\/\/www.monaco-tribune.com\/it\/2021\/11\/il-cross-del-larvotto-torna-a-dare-spettacolo-a-monaco\/#primaryimage"},"thumbnailUrl":"https:\/\/www.monaco-tribune.com\/wp-content\/uploads\/2021\/11\/cross-larvotto.jpg","keywords":["Atletica"],"articleSection":["Notizie","Sport"],"inLanguage":"it-IT","copyrightYear":"2021","copyrightHolder":{"@id":"https:\/\/www.monaco-tribune.com\/#organization"}},{"@type":"WebPage","@id":"https:\/\/www.monaco-tribune.com\/it\/2021\/11\/il-cross-del-larvotto-torna-a-dare-spettacolo-a-monaco\/","url":"https:\/\/www.monaco-tribune.com\/it\/2021\/11\/il-cross-del-larvotto-torna-a-dare-spettacolo-a-monaco\/","name":"Il Cross del Larvotto torna a dare spettacolo a Monaco","isPartOf":{"@id":"https:\/\/www.monaco-tribune.com\/it\/#website"},"primaryImageOfPage":{"@id":"https:\/\/www.monaco-tribune.com\/it\/2021\/11\/il-cross-del-larvotto-torna-a-dare-spettacolo-a-monaco\/#primaryimage"},"image":{"@id":"https:\/\/www.monaco-tribune.com\/it\/2021\/11\/il-cross-del-larvotto-torna-a-dare-spettacolo-a-monaco\/#primaryimage"},"thumbnailUrl":"https:\/\/www.monaco-tribune.com\/wp-content\/uploads\/2021\/11\/cross-larvotto.jpg","datePublished":"2021-11-09T15:21:38+00:00","dateModified":"2021-11-09T15:26:59+00:00","description":"Dopo l'edizione annullata del 2020, domenica a Monaco \u00e8 tornato il Cross del Larvotto, che ha riunito ben 250 corridori nel cuore del nuovo complesso","breadcrumb":{"@id":"https:\/\/www.monaco-tribune.com\/it\/2021\/11\/il-cross-del-larvotto-torna-a-dare-spettacolo-a-monaco\/#breadcrumb"},"inLanguage":"it-IT","potentialAction":[{"@type":"ReadAction","target":["https:\/\/www.monaco-tribune.com\/it\/2021\/11\/il-cross-del-larvotto-torna-a-dare-spettacolo-a-monaco\/"]}]},{"@type":"ImageObject","inLanguage":"it-IT","@id":"https:\/\/www.monaco-tribune.com\/it\/2021\/11\/il-cross-del-larvotto-torna-a-dare-spettacolo-a-monaco\/#primaryimage","url":"https:\/\/www.monaco-tribune.com\/wp-content\/uploads\/2021\/11\/cross-larvotto.jpg","contentUrl":"https:\/\/www.monaco-tribune.com\/wp-content\/uploads\/2021\/11\/cross-larvotto.jpg","width":1951,"height":1149,"caption":"Claude Eyraud"},{"@type":"BreadcrumbList","@id":"https:\/\/www.monaco-tribune.com\/it\/2021\/11\/il-cross-del-larvotto-torna-a-dare-spettacolo-a-monaco\/#breadcrumb","itemListElement":[{"@type":"ListItem","position":1,"name":"Accueil","item":"https:\/\/www.monaco-tribune.com\/it\/"},{"@type":"ListItem","position":2,"name":"Il Cross del Larvotto torna a dare spettacolo a Monaco"}]},{"@type":"WebSite","@id":"https:\/\/www.monaco-tribune.com\/it\/#website","url":"https:\/\/www.monaco-tribune.com\/it\/","name":"Monaco Tribune","description":"Monaco : actualit\u00e9s \u00e9conomiques, politiques, culturelles et sportives de Monaco et de la French Riviera.","publisher":{"@id":"https:\/\/www.monaco-tribune.com\/it\/#organization"},"potentialAction":[{"@type":"SearchAction","target":{"@type":"EntryPoint","urlTemplate":"https:\/\/www.monaco-tribune.com\/it\/?s={search_term_string}"},"query-input":{"@type":"PropertyValueSpecification","valueRequired":true,"valueName":"search_term_string"}}],"inLanguage":"it-IT"},{"@type":"Organization","@id":"https:\/\/www.monaco-tribune.com\/it\/#organization","name":"Monaco Tribune","url":"https:\/\/www.monaco-tribune.com\/it\/","logo":{"@type":"ImageObject","inLanguage":"it-IT","@id":"https:\/\/www.monaco-tribune.com\/it\/#\/schema\/logo\/image\/","url":"https:\/\/www.monaco-tribune.com\/wp-content\/uploads\/2022\/11\/logo-monaco-tribune.png","contentUrl":"https:\/\/www.monaco-tribune.com\/wp-content\/uploads\/2022\/11\/logo-monaco-tribune.png","width":1548,"height":600,"caption":"Monaco Tribune"},"image":{"@id":"https:\/\/www.monaco-tribune.com\/it\/#\/schema\/logo\/image\/"},"sameAs":["https:\/\/www.facebook.com\/MonacoTribune","https:\/\/x.com\/MonacoTribune","https:\/\/www.instagram.com\/monacotribune\/","https:\/\/www.linkedin.com\/company\/monaco-tribune","https:\/\/www.youtube.com\/channel\/UCHle1MnG6hw1y4lWKijVbMA"]},{"@type":"Person","@id":"https:\/\/www.monaco-tribune.com\/it\/#\/schema\/person\/330a3732947cf8cb41b2533a0eadd62e","name":"Romain Boisaubert","image":{"@type":"ImageObject","inLanguage":"it-IT","@id":"https:\/\/secure.gravatar.com\/avatar\/f8b90d41f1eabd1cbe4cf59e09d8db41a697d51919bf2dfe727589a24a4a4d54?s=96&d=mm&r=g","url":"https:\/\/secure.gravatar.com\/avatar\/f8b90d41f1eabd1cbe4cf59e09d8db41a697d51919bf2dfe727589a24a4a4d54?s=96&d=mm&r=g","contentUrl":"https:\/\/secure.gravatar.com\/avatar\/f8b90d41f1eabd1cbe4cf59e09d8db41a697d51919bf2dfe727589a24a4a4d54?s=96&d=mm&r=g","caption":"Romain Boisaubert"},"description":"Test bio","url":"https:\/\/www.monaco-tribune.com\/it\/author\/romain-boisaubert\/"}]}},"_links":{"self":[{"href":"https:\/\/www.monaco-tribune.com\/it\/wp-json\/wp\/v2\/posts\/99129","targetHints":{"allow":["GET"]}}],"collection":[{"href":"https:\/\/www.monaco-tribune.com\/it\/wp-json\/wp\/v2\/posts"}],"about":[{"href":"https:\/\/www.monaco-tribune.com\/it\/wp-json\/wp\/v2\/types\/post"}],"author":[{"embeddable":true,"href":"https:\/\/www.monaco-tribune.com\/it\/wp-json\/wp\/v2\/users\/24"}],"replies":[{"embeddable":true,"href":"https:\/\/www.monaco-tribune.com\/it\/wp-json\/wp\/v2\/comments?post=99129"}],"version-history":[{"count":0,"href":"https:\/\/www.monaco-tribune.com\/it\/wp-json\/wp\/v2\/posts\/99129\/revisions"}],"wp:featuredmedia":[{"embeddable":true,"href":"https:\/\/www.monaco-tribune.com\/it\/wp-json\/wp\/v2\/media\/99027"}],"wp:attachment":[{"href":"https:\/\/www.monaco-tribune.com\/it\/wp-json\/wp\/v2\/media?parent=99129"}],"wp:term":[{"taxonomy":"category","embeddable":true,"href":"https:\/\/www.monaco-tribune.com\/it\/wp-json\/wp\/v2\/categories?post=99129"},{"taxonomy":"post_tag","embeddable":true,"href":"https:\/\/www.monaco-tribune.com\/it\/wp-json\/wp\/v2\/tags?post=99129"},{"taxonomy":"sectag","embeddable":true,"href":"https:\/\/www.monaco-tribune.com\/it\/wp-json\/wp\/v2\/post_sectags?post=99129"},{"taxonomy":"format","embeddable":true,"href":"https:\/\/www.monaco-tribune.com\/it\/wp-json\/wp\/v2\/post_format?post=99129"}],"curies":[{"name":"wp","href":"https:\/\/api.w.org\/{rel}","templated":true}]}}