{"id":99159,"date":"2021-11-09T19:47:34","date_gmt":"2021-11-09T18:47:34","guid":{"rendered":"https:\/\/www.monaco-tribune.com\/2021\/11\/legge-sulla-protezione-degli-animali-la-principessa-stephanie-si-espone-pubblicamente\/"},"modified":"2021-11-09T19:47:39","modified_gmt":"2021-11-09T18:47:39","slug":"legge-sulla-protezione-degli-animali-la-principessa-stephanie-si-espone-pubblicamente","status":"publish","type":"post","link":"https:\/\/www.monaco-tribune.com\/it\/2021\/11\/legge-sulla-protezione-degli-animali-la-principessa-stephanie-si-espone-pubblicamente\/","title":{"rendered":"Legge sulla protezione degli animali: la Principessa St\u00e9phanie si espone pubblicamente"},"content":{"rendered":"\n<p><strong>La Principessa St\u00e9phanie ha parlato con <em>Monaco-Matin\u00a0<\/em>di un tema che le sta molto a cuore: la salvaguardia degli animali.<\/strong><\/p>\n\n<p>Il 15 novembre, i deputati francesi voteranno un disegno di legge per combattere il maltrattamento degli animali. Tra le misure previste, l&#8217;abolizione di animali nei circhi, di cetacei negli acquari e l&#8217;introduzione del divieto di vendita nei negozi di animali. <\/p>\n\n<p>Cosa ne pensa la Principessa St\u00e9phanie, nota per il suo impegno a favore degli animali? Riguardo <a href=\"https:\/\/www.monaco-tribune.com\/it\/2020\/09\/la-principessa-stephanie-critica-il-divieto-francese-contro-gli-animali-da-circo\/\">alle bestie da circo<\/a>, la presidente onoraria della Federazione Mondiale del Circo si schiera a favore della difesa delle tradizioni. Posizione che ribadisce nell&#8217;intervista rilasciata a <em>Monaco-Matin<\/em>&#8230;<\/p>\n\n<h2 class=\"wp-block-heading\" id=\"h-la-princesse-donne-son-avis\">L&#8217;opinione della Principessa<\/h2>\n\n<p>&#8220;Molti pensano che gli animali selvatici vengano catturati in natura, ma non \u00e8 assolutamente cos\u00ec. \u00c8 vietato dal 1950. Gli animali nascono nei circhi, vengono allevati con il biberon e sono amati e coccolati. (&#8230;) Perch\u00e9 punire coloro che fanno bene il loro mestiere e sanno fare solo quello?&#8221;<\/p>\n\n<p>A suo parere, gli animalisti stanno combattendo la battaglia sbagliata: &#8220;Il circo offre momenti di felicit\u00e0 alla gente, non fa del male a nessuno, ma viene preso di mira. Invece la caccia con i segugi, ad esempio, \u00e8 crudele per cervi, cavalli e cani&#8221;.<\/p>\n\n<p>Tuttavia, la principessa St\u00e9phane ritiene che ci sia un urgente bisogno di regolamentare la vendita di animali domestici. &#8220;Un animale \u00e8 come un bambino, deve essere educato e\u00a0 considerato come un essere vivente.&#8221; E per ribadire il concetto, aggiunge: &#8220;Non \u00e8 un iPhone!&#8221;<\/p>\n","protected":false},"excerpt":{"rendered":"<p>La Principessa St\u00e9phanie ha parlato con Monaco-Matin\u00a0di un tema che le sta molto a cuore: la salvaguardia degli animali. Il [&hellip;]<\/p>\n","protected":false},"author":57,"featured_media":39262,"comment_status":"closed","ping_status":"closed","sticky":false,"template":"","format":"standard","meta":{"_acf_changed":false,"footnotes":""},"categories":[1742,1738],"tags":[],"post_sectags":[],"post_format":[2478],"class_list":["post-99159","post","type-post","status-publish","format-standard","has-post-thumbnail","hentry","category-famiglia-principesca","category-notizie","format-notizia"],"acf":[],"yoast_head":"<!-- This site is optimized with the Yoast SEO Premium plugin v26.8 (Yoast SEO v27.4) - https:\/\/yoast.com\/product\/yoast-seo-premium-wordpress\/ -->\n<title>Legge sulla protezione degli animali: la Principessa St\u00e9phanie si espone pubblicamente<\/title>\n<meta name=\"description\" content=\"La Principessa St\u00e9phanie ha parlato con Monaco-Matin\u00a0di un tema che le sta molto a cuore: la salvaguardia degli animali. Il 15 novembre, i deputati\" \/>\n<meta name=\"robots\" content=\"index, follow, max-snippet:-1, max-image-preview:large, max-video-preview:-1\" \/>\n<link rel=\"canonical\" href=\"https:\/\/www.monaco-tribune.com\/it\/2021\/11\/legge-sulla-protezione-degli-animali-la-principessa-stephanie-si-espone-pubblicamente\/\" \/>\n<meta property=\"og:locale\" content=\"it_IT\" \/>\n<meta property=\"og:type\" content=\"article\" \/>\n<meta property=\"og:title\" content=\"Legge sulla protezione degli animali: la Principessa St\u00e9phanie si espone pubblicamente - Monaco Tribune\" \/>\n<meta property=\"og:description\" content=\"La Principessa St\u00e9phanie ha parlato con Monaco-Matin\u00a0di un tema che le sta molto a cuore: la salvaguardia degli animali. Il 15 novembre, i deputati\" \/>\n<meta property=\"og:url\" content=\"https:\/\/www.monaco-tribune.com\/it\/2021\/11\/legge-sulla-protezione-degli-animali-la-principessa-stephanie-si-espone-pubblicamente\/\" \/>\n<meta property=\"og:site_name\" content=\"Monaco Tribune\" \/>\n<meta property=\"article:publisher\" content=\"https:\/\/www.facebook.com\/MonacoTribune\" \/>\n<meta property=\"article:published_time\" content=\"2021-11-09T18:47:34+00:00\" \/>\n<meta property=\"article:modified_time\" content=\"2021-11-09T18:47:39+00:00\" \/>\n<meta property=\"og:image\" content=\"https:\/\/www.monaco-tribune.com\/wp-content\/uploads\/2020\/09\/princesse-ste\u0301phanie-cirque-de-monte-carlo.jpg\" \/>\n\t<meta property=\"og:image:width\" content=\"1200\" \/>\n\t<meta property=\"og:image:height\" content=\"800\" \/>\n\t<meta property=\"og:image:type\" content=\"image\/jpeg\" \/>\n<meta name=\"author\" content=\"Josepha Toquereau\" \/>\n<meta name=\"twitter:card\" content=\"summary_large_image\" \/>\n<meta name=\"twitter:creator\" content=\"@MonacoTribune\" \/>\n<meta name=\"twitter:site\" content=\"@MonacoTribune\" \/>\n<script type=\"application\/ld+json\" class=\"yoast-schema-graph\">{\"@context\":\"https:\\\/\\\/schema.org\",\"@graph\":[{\"@type\":\"NewsArticle\",\"@id\":\"https:\\\/\\\/www.monaco-tribune.com\\\/it\\\/2021\\\/11\\\/legge-sulla-protezione-degli-animali-la-principessa-stephanie-si-espone-pubblicamente\\\/#article\",\"isPartOf\":{\"@id\":\"https:\\\/\\\/www.monaco-tribune.com\\\/it\\\/2021\\\/11\\\/legge-sulla-protezione-degli-animali-la-principessa-stephanie-si-espone-pubblicamente\\\/\"},\"author\":{\"name\":\"Josepha Toquereau\",\"@id\":\"https:\\\/\\\/www.monaco-tribune.com\\\/it\\\/#\\\/schema\\\/person\\\/c8eeb5e36b6ed3782736273e5eb7d764\"},\"headline\":\"Legge sulla protezione degli animali: la Principessa St\u00e9phanie si espone pubblicamente\",\"datePublished\":\"2021-11-09T18:47:34+00:00\",\"dateModified\":\"2021-11-09T18:47:39+00:00\",\"mainEntityOfPage\":{\"@id\":\"https:\\\/\\\/www.monaco-tribune.com\\\/it\\\/2021\\\/11\\\/legge-sulla-protezione-degli-animali-la-principessa-stephanie-si-espone-pubblicamente\\\/\"},\"wordCount\":253,\"publisher\":{\"@id\":\"https:\\\/\\\/www.monaco-tribune.com\\\/it\\\/#organization\"},\"image\":{\"@id\":\"https:\\\/\\\/www.monaco-tribune.com\\\/it\\\/2021\\\/11\\\/legge-sulla-protezione-degli-animali-la-principessa-stephanie-si-espone-pubblicamente\\\/#primaryimage\"},\"thumbnailUrl\":\"https:\\\/\\\/www.monaco-tribune.com\\\/wp-content\\\/uploads\\\/2020\\\/09\\\/princesse-ste\u0301phanie-cirque-de-monte-carlo.jpg\",\"articleSection\":[\"Famiglia Principesca\",\"Notizie\"],\"inLanguage\":\"it-IT\",\"copyrightYear\":\"2021\",\"copyrightHolder\":{\"@id\":\"https:\\\/\\\/www.monaco-tribune.com\\\/#organization\"}},{\"@type\":\"WebPage\",\"@id\":\"https:\\\/\\\/www.monaco-tribune.com\\\/it\\\/2021\\\/11\\\/legge-sulla-protezione-degli-animali-la-principessa-stephanie-si-espone-pubblicamente\\\/\",\"url\":\"https:\\\/\\\/www.monaco-tribune.com\\\/it\\\/2021\\\/11\\\/legge-sulla-protezione-degli-animali-la-principessa-stephanie-si-espone-pubblicamente\\\/\",\"name\":\"Legge sulla protezione degli animali: la Principessa St\u00e9phanie si espone pubblicamente\",\"isPartOf\":{\"@id\":\"https:\\\/\\\/www.monaco-tribune.com\\\/it\\\/#website\"},\"primaryImageOfPage\":{\"@id\":\"https:\\\/\\\/www.monaco-tribune.com\\\/it\\\/2021\\\/11\\\/legge-sulla-protezione-degli-animali-la-principessa-stephanie-si-espone-pubblicamente\\\/#primaryimage\"},\"image\":{\"@id\":\"https:\\\/\\\/www.monaco-tribune.com\\\/it\\\/2021\\\/11\\\/legge-sulla-protezione-degli-animali-la-principessa-stephanie-si-espone-pubblicamente\\\/#primaryimage\"},\"thumbnailUrl\":\"https:\\\/\\\/www.monaco-tribune.com\\\/wp-content\\\/uploads\\\/2020\\\/09\\\/princesse-ste\u0301phanie-cirque-de-monte-carlo.jpg\",\"datePublished\":\"2021-11-09T18:47:34+00:00\",\"dateModified\":\"2021-11-09T18:47:39+00:00\",\"description\":\"La Principessa St\u00e9phanie ha parlato con Monaco-Matin\u00a0di un tema che le sta molto a cuore: la salvaguardia degli animali. Il 15 novembre, i deputati\",\"breadcrumb\":{\"@id\":\"https:\\\/\\\/www.monaco-tribune.com\\\/it\\\/2021\\\/11\\\/legge-sulla-protezione-degli-animali-la-principessa-stephanie-si-espone-pubblicamente\\\/#breadcrumb\"},\"inLanguage\":\"it-IT\",\"potentialAction\":[{\"@type\":\"ReadAction\",\"target\":[\"https:\\\/\\\/www.monaco-tribune.com\\\/it\\\/2021\\\/11\\\/legge-sulla-protezione-degli-animali-la-principessa-stephanie-si-espone-pubblicamente\\\/\"]}]},{\"@type\":\"ImageObject\",\"inLanguage\":\"it-IT\",\"@id\":\"https:\\\/\\\/www.monaco-tribune.com\\\/it\\\/2021\\\/11\\\/legge-sulla-protezione-degli-animali-la-principessa-stephanie-si-espone-pubblicamente\\\/#primaryimage\",\"url\":\"https:\\\/\\\/www.monaco-tribune.com\\\/wp-content\\\/uploads\\\/2020\\\/09\\\/princesse-ste\u0301phanie-cirque-de-monte-carlo.jpg\",\"contentUrl\":\"https:\\\/\\\/www.monaco-tribune.com\\\/wp-content\\\/uploads\\\/2020\\\/09\\\/princesse-ste\u0301phanie-cirque-de-monte-carlo.jpg\",\"width\":1200,\"height\":800,\"caption\":\"Il Festival Internazionale del Circo di Monte Carlo\"},{\"@type\":\"BreadcrumbList\",\"@id\":\"https:\\\/\\\/www.monaco-tribune.com\\\/it\\\/2021\\\/11\\\/legge-sulla-protezione-degli-animali-la-principessa-stephanie-si-espone-pubblicamente\\\/#breadcrumb\",\"itemListElement\":[{\"@type\":\"ListItem\",\"position\":1,\"name\":\"Accueil\",\"item\":\"https:\\\/\\\/www.monaco-tribune.com\\\/it\\\/\"},{\"@type\":\"ListItem\",\"position\":2,\"name\":\"Legge sulla protezione degli animali: la Principessa St\u00e9phanie si espone pubblicamente\"}]},{\"@type\":\"WebSite\",\"@id\":\"https:\\\/\\\/www.monaco-tribune.com\\\/it\\\/#website\",\"url\":\"https:\\\/\\\/www.monaco-tribune.com\\\/it\\\/\",\"name\":\"Monaco Tribune\",\"description\":\"Monaco : actualit\u00e9s \u00e9conomiques, politiques, culturelles et sportives de Monaco et de la French Riviera.\",\"publisher\":{\"@id\":\"https:\\\/\\\/www.monaco-tribune.com\\\/it\\\/#organization\"},\"potentialAction\":[{\"@type\":\"SearchAction\",\"target\":{\"@type\":\"EntryPoint\",\"urlTemplate\":\"https:\\\/\\\/www.monaco-tribune.com\\\/it\\\/?s={search_term_string}\"},\"query-input\":{\"@type\":\"PropertyValueSpecification\",\"valueRequired\":true,\"valueName\":\"search_term_string\"}}],\"inLanguage\":\"it-IT\"},{\"@type\":\"Organization\",\"@id\":\"https:\\\/\\\/www.monaco-tribune.com\\\/it\\\/#organization\",\"name\":\"Monaco Tribune\",\"url\":\"https:\\\/\\\/www.monaco-tribune.com\\\/it\\\/\",\"logo\":{\"@type\":\"ImageObject\",\"inLanguage\":\"it-IT\",\"@id\":\"https:\\\/\\\/www.monaco-tribune.com\\\/it\\\/#\\\/schema\\\/logo\\\/image\\\/\",\"url\":\"https:\\\/\\\/www.monaco-tribune.com\\\/wp-content\\\/uploads\\\/2022\\\/11\\\/logo-monaco-tribune.png\",\"contentUrl\":\"https:\\\/\\\/www.monaco-tribune.com\\\/wp-content\\\/uploads\\\/2022\\\/11\\\/logo-monaco-tribune.png\",\"width\":1548,\"height\":600,\"caption\":\"Monaco Tribune\"},\"image\":{\"@id\":\"https:\\\/\\\/www.monaco-tribune.com\\\/it\\\/#\\\/schema\\\/logo\\\/image\\\/\"},\"sameAs\":[\"https:\\\/\\\/www.facebook.com\\\/MonacoTribune\",\"https:\\\/\\\/x.com\\\/MonacoTribune\",\"https:\\\/\\\/www.instagram.com\\\/monacotribune\\\/\",\"https:\\\/\\\/www.linkedin.com\\\/company\\\/monaco-tribune\",\"https:\\\/\\\/www.youtube.com\\\/channel\\\/UCHle1MnG6hw1y4lWKijVbMA\"]},{\"@type\":\"Person\",\"@id\":\"https:\\\/\\\/www.monaco-tribune.com\\\/it\\\/#\\\/schema\\\/person\\\/c8eeb5e36b6ed3782736273e5eb7d764\",\"name\":\"Josepha Toquereau\",\"image\":{\"@type\":\"ImageObject\",\"inLanguage\":\"it-IT\",\"@id\":\"https:\\\/\\\/secure.gravatar.com\\\/avatar\\\/3e06e87605717b00d3b9743f79fca038480454ef05226ef9de5dfa9577c3363f?s=96&d=mm&r=g\",\"url\":\"https:\\\/\\\/secure.gravatar.com\\\/avatar\\\/3e06e87605717b00d3b9743f79fca038480454ef05226ef9de5dfa9577c3363f?s=96&d=mm&r=g\",\"contentUrl\":\"https:\\\/\\\/secure.gravatar.com\\\/avatar\\\/3e06e87605717b00d3b9743f79fca038480454ef05226ef9de5dfa9577c3363f?s=96&d=mm&r=g\",\"caption\":\"Josepha Toquereau\"},\"url\":\"https:\\\/\\\/www.monaco-tribune.com\\\/it\\\/author\\\/josephatoquereau\\\/\"}]}<\/script>\n<!-- \/ Yoast SEO Premium plugin. -->","yoast_head_json":{"title":"Legge sulla protezione degli animali: la Principessa St\u00e9phanie si espone pubblicamente","description":"La Principessa St\u00e9phanie ha parlato con Monaco-Matin\u00a0di un tema che le sta molto a cuore: la salvaguardia degli animali. Il 15 novembre, i deputati","robots":{"index":"index","follow":"follow","max-snippet":"max-snippet:-1","max-image-preview":"max-image-preview:large","max-video-preview":"max-video-preview:-1"},"canonical":"https:\/\/www.monaco-tribune.com\/it\/2021\/11\/legge-sulla-protezione-degli-animali-la-principessa-stephanie-si-espone-pubblicamente\/","og_locale":"it_IT","og_type":"article","og_title":"Legge sulla protezione degli animali: la Principessa St\u00e9phanie si espone pubblicamente - Monaco Tribune","og_description":"La Principessa St\u00e9phanie ha parlato con Monaco-Matin\u00a0di un tema che le sta molto a cuore: la salvaguardia degli animali. Il 15 novembre, i deputati","og_url":"https:\/\/www.monaco-tribune.com\/it\/2021\/11\/legge-sulla-protezione-degli-animali-la-principessa-stephanie-si-espone-pubblicamente\/","og_site_name":"Monaco Tribune","article_publisher":"https:\/\/www.facebook.com\/MonacoTribune","article_published_time":"2021-11-09T18:47:34+00:00","article_modified_time":"2021-11-09T18:47:39+00:00","og_image":[{"width":1200,"height":800,"url":"https:\/\/www.monaco-tribune.com\/wp-content\/uploads\/2020\/09\/princesse-ste\u0301phanie-cirque-de-monte-carlo.jpg","type":"image\/jpeg"}],"author":"Josepha Toquereau","twitter_card":"summary_large_image","twitter_creator":"@MonacoTribune","twitter_site":"@MonacoTribune","schema":{"@context":"https:\/\/schema.org","@graph":[{"@type":"NewsArticle","@id":"https:\/\/www.monaco-tribune.com\/it\/2021\/11\/legge-sulla-protezione-degli-animali-la-principessa-stephanie-si-espone-pubblicamente\/#article","isPartOf":{"@id":"https:\/\/www.monaco-tribune.com\/it\/2021\/11\/legge-sulla-protezione-degli-animali-la-principessa-stephanie-si-espone-pubblicamente\/"},"author":{"name":"Josepha Toquereau","@id":"https:\/\/www.monaco-tribune.com\/it\/#\/schema\/person\/c8eeb5e36b6ed3782736273e5eb7d764"},"headline":"Legge sulla protezione degli animali: la Principessa St\u00e9phanie si espone pubblicamente","datePublished":"2021-11-09T18:47:34+00:00","dateModified":"2021-11-09T18:47:39+00:00","mainEntityOfPage":{"@id":"https:\/\/www.monaco-tribune.com\/it\/2021\/11\/legge-sulla-protezione-degli-animali-la-principessa-stephanie-si-espone-pubblicamente\/"},"wordCount":253,"publisher":{"@id":"https:\/\/www.monaco-tribune.com\/it\/#organization"},"image":{"@id":"https:\/\/www.monaco-tribune.com\/it\/2021\/11\/legge-sulla-protezione-degli-animali-la-principessa-stephanie-si-espone-pubblicamente\/#primaryimage"},"thumbnailUrl":"https:\/\/www.monaco-tribune.com\/wp-content\/uploads\/2020\/09\/princesse-ste\u0301phanie-cirque-de-monte-carlo.jpg","articleSection":["Famiglia Principesca","Notizie"],"inLanguage":"it-IT","copyrightYear":"2021","copyrightHolder":{"@id":"https:\/\/www.monaco-tribune.com\/#organization"}},{"@type":"WebPage","@id":"https:\/\/www.monaco-tribune.com\/it\/2021\/11\/legge-sulla-protezione-degli-animali-la-principessa-stephanie-si-espone-pubblicamente\/","url":"https:\/\/www.monaco-tribune.com\/it\/2021\/11\/legge-sulla-protezione-degli-animali-la-principessa-stephanie-si-espone-pubblicamente\/","name":"Legge sulla protezione degli animali: la Principessa St\u00e9phanie si espone pubblicamente","isPartOf":{"@id":"https:\/\/www.monaco-tribune.com\/it\/#website"},"primaryImageOfPage":{"@id":"https:\/\/www.monaco-tribune.com\/it\/2021\/11\/legge-sulla-protezione-degli-animali-la-principessa-stephanie-si-espone-pubblicamente\/#primaryimage"},"image":{"@id":"https:\/\/www.monaco-tribune.com\/it\/2021\/11\/legge-sulla-protezione-degli-animali-la-principessa-stephanie-si-espone-pubblicamente\/#primaryimage"},"thumbnailUrl":"https:\/\/www.monaco-tribune.com\/wp-content\/uploads\/2020\/09\/princesse-ste\u0301phanie-cirque-de-monte-carlo.jpg","datePublished":"2021-11-09T18:47:34+00:00","dateModified":"2021-11-09T18:47:39+00:00","description":"La Principessa St\u00e9phanie ha parlato con Monaco-Matin\u00a0di un tema che le sta molto a cuore: la salvaguardia degli animali. Il 15 novembre, i deputati","breadcrumb":{"@id":"https:\/\/www.monaco-tribune.com\/it\/2021\/11\/legge-sulla-protezione-degli-animali-la-principessa-stephanie-si-espone-pubblicamente\/#breadcrumb"},"inLanguage":"it-IT","potentialAction":[{"@type":"ReadAction","target":["https:\/\/www.monaco-tribune.com\/it\/2021\/11\/legge-sulla-protezione-degli-animali-la-principessa-stephanie-si-espone-pubblicamente\/"]}]},{"@type":"ImageObject","inLanguage":"it-IT","@id":"https:\/\/www.monaco-tribune.com\/it\/2021\/11\/legge-sulla-protezione-degli-animali-la-principessa-stephanie-si-espone-pubblicamente\/#primaryimage","url":"https:\/\/www.monaco-tribune.com\/wp-content\/uploads\/2020\/09\/princesse-ste\u0301phanie-cirque-de-monte-carlo.jpg","contentUrl":"https:\/\/www.monaco-tribune.com\/wp-content\/uploads\/2020\/09\/princesse-ste\u0301phanie-cirque-de-monte-carlo.jpg","width":1200,"height":800,"caption":"Il Festival Internazionale del Circo di Monte Carlo"},{"@type":"BreadcrumbList","@id":"https:\/\/www.monaco-tribune.com\/it\/2021\/11\/legge-sulla-protezione-degli-animali-la-principessa-stephanie-si-espone-pubblicamente\/#breadcrumb","itemListElement":[{"@type":"ListItem","position":1,"name":"Accueil","item":"https:\/\/www.monaco-tribune.com\/it\/"},{"@type":"ListItem","position":2,"name":"Legge sulla protezione degli animali: la Principessa St\u00e9phanie si espone pubblicamente"}]},{"@type":"WebSite","@id":"https:\/\/www.monaco-tribune.com\/it\/#website","url":"https:\/\/www.monaco-tribune.com\/it\/","name":"Monaco Tribune","description":"Monaco : actualit\u00e9s \u00e9conomiques, politiques, culturelles et sportives de Monaco et de la French Riviera.","publisher":{"@id":"https:\/\/www.monaco-tribune.com\/it\/#organization"},"potentialAction":[{"@type":"SearchAction","target":{"@type":"EntryPoint","urlTemplate":"https:\/\/www.monaco-tribune.com\/it\/?s={search_term_string}"},"query-input":{"@type":"PropertyValueSpecification","valueRequired":true,"valueName":"search_term_string"}}],"inLanguage":"it-IT"},{"@type":"Organization","@id":"https:\/\/www.monaco-tribune.com\/it\/#organization","name":"Monaco Tribune","url":"https:\/\/www.monaco-tribune.com\/it\/","logo":{"@type":"ImageObject","inLanguage":"it-IT","@id":"https:\/\/www.monaco-tribune.com\/it\/#\/schema\/logo\/image\/","url":"https:\/\/www.monaco-tribune.com\/wp-content\/uploads\/2022\/11\/logo-monaco-tribune.png","contentUrl":"https:\/\/www.monaco-tribune.com\/wp-content\/uploads\/2022\/11\/logo-monaco-tribune.png","width":1548,"height":600,"caption":"Monaco Tribune"},"image":{"@id":"https:\/\/www.monaco-tribune.com\/it\/#\/schema\/logo\/image\/"},"sameAs":["https:\/\/www.facebook.com\/MonacoTribune","https:\/\/x.com\/MonacoTribune","https:\/\/www.instagram.com\/monacotribune\/","https:\/\/www.linkedin.com\/company\/monaco-tribune","https:\/\/www.youtube.com\/channel\/UCHle1MnG6hw1y4lWKijVbMA"]},{"@type":"Person","@id":"https:\/\/www.monaco-tribune.com\/it\/#\/schema\/person\/c8eeb5e36b6ed3782736273e5eb7d764","name":"Josepha Toquereau","image":{"@type":"ImageObject","inLanguage":"it-IT","@id":"https:\/\/secure.gravatar.com\/avatar\/3e06e87605717b00d3b9743f79fca038480454ef05226ef9de5dfa9577c3363f?s=96&d=mm&r=g","url":"https:\/\/secure.gravatar.com\/avatar\/3e06e87605717b00d3b9743f79fca038480454ef05226ef9de5dfa9577c3363f?s=96&d=mm&r=g","contentUrl":"https:\/\/secure.gravatar.com\/avatar\/3e06e87605717b00d3b9743f79fca038480454ef05226ef9de5dfa9577c3363f?s=96&d=mm&r=g","caption":"Josepha Toquereau"},"url":"https:\/\/www.monaco-tribune.com\/it\/author\/josephatoquereau\/"}]}},"_links":{"self":[{"href":"https:\/\/www.monaco-tribune.com\/it\/wp-json\/wp\/v2\/posts\/99159","targetHints":{"allow":["GET"]}}],"collection":[{"href":"https:\/\/www.monaco-tribune.com\/it\/wp-json\/wp\/v2\/posts"}],"about":[{"href":"https:\/\/www.monaco-tribune.com\/it\/wp-json\/wp\/v2\/types\/post"}],"author":[{"embeddable":true,"href":"https:\/\/www.monaco-tribune.com\/it\/wp-json\/wp\/v2\/users\/57"}],"replies":[{"embeddable":true,"href":"https:\/\/www.monaco-tribune.com\/it\/wp-json\/wp\/v2\/comments?post=99159"}],"version-history":[{"count":0,"href":"https:\/\/www.monaco-tribune.com\/it\/wp-json\/wp\/v2\/posts\/99159\/revisions"}],"wp:featuredmedia":[{"embeddable":true,"href":"https:\/\/www.monaco-tribune.com\/it\/wp-json\/wp\/v2\/media\/39262"}],"wp:attachment":[{"href":"https:\/\/www.monaco-tribune.com\/it\/wp-json\/wp\/v2\/media?parent=99159"}],"wp:term":[{"taxonomy":"category","embeddable":true,"href":"https:\/\/www.monaco-tribune.com\/it\/wp-json\/wp\/v2\/categories?post=99159"},{"taxonomy":"post_tag","embeddable":true,"href":"https:\/\/www.monaco-tribune.com\/it\/wp-json\/wp\/v2\/tags?post=99159"},{"taxonomy":"sectag","embeddable":true,"href":"https:\/\/www.monaco-tribune.com\/it\/wp-json\/wp\/v2\/post_sectags?post=99159"},{"taxonomy":"format","embeddable":true,"href":"https:\/\/www.monaco-tribune.com\/it\/wp-json\/wp\/v2\/post_format?post=99159"}],"curies":[{"name":"wp","href":"https:\/\/api.w.org\/{rel}","templated":true}]}}