{"id":99238,"date":"2021-11-10T16:50:31","date_gmt":"2021-11-10T15:50:31","guid":{"rendered":"https:\/\/www.monaco-tribune.com\/2021\/11\/terza-dose-di-vaccino-pil-11-novembre-le-principali-notizie-di-questo-mercoledi\/"},"modified":"2021-11-10T16:50:43","modified_gmt":"2021-11-10T15:50:43","slug":"terza-dose-di-vaccino-pil-11-novembre-le-principali-notizie-di-questo-mercoledi","status":"publish","type":"post","link":"https:\/\/www.monaco-tribune.com\/it\/2021\/11\/terza-dose-di-vaccino-pil-11-novembre-le-principali-notizie-di-questo-mercoledi\/","title":{"rendered":"Terza dose di vaccino, PIL, 11 novembre&#8230; Le principali notizie di questo mercoled\u00ec"},"content":{"rendered":"\n<p><strong>Un riepilogo delle notizie pi\u00f9 importanti di mercoled\u00ec 10 novembre 2021.<\/strong><\/p>\n\n<p><strong>Via alla terza dose di vaccino &#8211; <\/strong>Il governo ha annunciato che la terza dose del <a href=\"https:\/\/www.monaco-tribune.com\/it\/?s=vaccino\">vaccino contro il COVID-19<\/a> \u00e8 ora disponibile per tutti maggiori di 18 anni. I monegaschi e i residenti che hanno ricevuto la seconda dose pi\u00f9 di sei mesi fa possono prendere un appuntamento sul <a href=\"https:\/\/vaccination-covid19.gouv.mc\/\">sito web dedicato<\/a> o chiamare il 92.05.55.00 (tutti i giorni dalle 8:00 alle 20:00). Questa decisione fa seguito al parere favorevole dell&#8217;Agenzia Europea per i Medicinali (EMA) con l&#8217;obiettivo di garantire la continua efficacia del vaccino.<\/p>\n\n<p><strong>Chiusura degli uffici postali &#8211;<\/strong> Domani, gioved\u00ec 11 novembre, tutti gli uffici postali del Principato saranno chiusi.<em>\u00a0<a href=\"http:\/\/www.lapostemonaco.mc\">La Poste<\/a> <\/em>informa inoltre i suoi utenti che non verr\u00e0 neanche ritirata o consegnata la posta. L&#8217;11 novembre \u00e8 un giorno festivo in Francia, per commemora la fine della prima guerra mondiale (1914-1918).<\/p>\n\n<p><strong>Annuncio PIL 2020 &#8211; <\/strong><a href=\"https:\/\/www.imsee.mc\/Actualites\/PIB-2020\">L&#8217;Imsee<\/a> ha rivelato il PIL di Monaco per l&#8217;anno 2020: ammonta a 5,97 miliardi di euro. Si nota un calo del -11,8% rispetto all&#8217;anno 2019, quando il PIL era pari a 6,60 miliardi di euro (senza contare l&#8217;inflazione). Questa diminuzione \u00e8 principalmente legata all&#8217;impatto dell&#8217;emergenza sanitaria dovuta alla pandemia di COVID-19.<\/p>\n","protected":false},"excerpt":{"rendered":"<p>Un riepilogo delle notizie pi\u00f9 importanti di mercoled\u00ec 10 novembre 2021. Via alla terza dose di vaccino &#8211; Il governo [&hellip;]<\/p>\n","protected":false},"author":57,"featured_media":63924,"comment_status":"closed","ping_status":"closed","sticky":false,"template":"","format":"standard","meta":{"_acf_changed":false,"footnotes":""},"categories":[1738,1752],"tags":[],"post_sectags":[],"post_format":[2478],"class_list":["post-99238","post","type-post","status-publish","format-standard","has-post-thumbnail","hentry","category-notizie","category-societa","format-notizia"],"acf":[],"yoast_head":"<!-- This site is optimized with the Yoast SEO Premium plugin v26.8 (Yoast SEO v27.4) - https:\/\/yoast.com\/product\/yoast-seo-premium-wordpress\/ -->\n<title>Terza dose di vaccino, PIL, 11 novembre... Le principali notizie di questo mercoled\u00ec<\/title>\n<meta name=\"description\" content=\"Un riepilogo delle notizie pi\u00f9 importanti di mercoled\u00ec 10 novembre 2021. Via alla terza dose di vaccino - Il governo ha annunciato che la terza dose del\" \/>\n<meta name=\"robots\" content=\"index, follow, max-snippet:-1, max-image-preview:large, max-video-preview:-1\" \/>\n<link rel=\"canonical\" href=\"https:\/\/www.monaco-tribune.com\/it\/2021\/11\/terza-dose-di-vaccino-pil-11-novembre-le-principali-notizie-di-questo-mercoledi\/\" \/>\n<meta property=\"og:locale\" content=\"it_IT\" \/>\n<meta property=\"og:type\" content=\"article\" \/>\n<meta property=\"og:title\" content=\"Terza dose di vaccino, PIL, 11 novembre... Le principali notizie di questo mercoled\u00ec - Monaco Tribune\" \/>\n<meta property=\"og:description\" content=\"Un riepilogo delle notizie pi\u00f9 importanti di mercoled\u00ec 10 novembre 2021. Via alla terza dose di vaccino - Il governo ha annunciato che la terza dose del\" \/>\n<meta property=\"og:url\" content=\"https:\/\/www.monaco-tribune.com\/it\/2021\/11\/terza-dose-di-vaccino-pil-11-novembre-le-principali-notizie-di-questo-mercoledi\/\" \/>\n<meta property=\"og:site_name\" content=\"Monaco Tribune\" \/>\n<meta property=\"article:publisher\" content=\"https:\/\/www.facebook.com\/MonacoTribune\" \/>\n<meta property=\"article:published_time\" content=\"2021-11-10T15:50:31+00:00\" \/>\n<meta property=\"article:modified_time\" content=\"2021-11-10T15:50:43+00:00\" \/>\n<meta property=\"og:image\" content=\"https:\/\/www.monaco-tribune.com\/wp-content\/uploads\/2021\/01\/vaccination-covid-monaco-1.jpg\" \/>\n\t<meta property=\"og:image:width\" content=\"1200\" \/>\n\t<meta property=\"og:image:height\" content=\"676\" \/>\n\t<meta property=\"og:image:type\" content=\"image\/jpeg\" \/>\n<meta name=\"author\" content=\"Josepha Toquereau\" \/>\n<meta name=\"twitter:card\" content=\"summary_large_image\" \/>\n<meta name=\"twitter:creator\" content=\"@MonacoTribune\" \/>\n<meta name=\"twitter:site\" content=\"@MonacoTribune\" \/>\n<script type=\"application\/ld+json\" class=\"yoast-schema-graph\">{\"@context\":\"https:\\\/\\\/schema.org\",\"@graph\":[{\"@type\":\"NewsArticle\",\"@id\":\"https:\\\/\\\/www.monaco-tribune.com\\\/it\\\/2021\\\/11\\\/terza-dose-di-vaccino-pil-11-novembre-le-principali-notizie-di-questo-mercoledi\\\/#article\",\"isPartOf\":{\"@id\":\"https:\\\/\\\/www.monaco-tribune.com\\\/it\\\/2021\\\/11\\\/terza-dose-di-vaccino-pil-11-novembre-le-principali-notizie-di-questo-mercoledi\\\/\"},\"author\":{\"name\":\"Josepha Toquereau\",\"@id\":\"https:\\\/\\\/www.monaco-tribune.com\\\/it\\\/#\\\/schema\\\/person\\\/c8eeb5e36b6ed3782736273e5eb7d764\"},\"headline\":\"Terza dose di vaccino, PIL, 11 novembre&#8230; Le principali notizie di questo mercoled\u00ec\",\"datePublished\":\"2021-11-10T15:50:31+00:00\",\"dateModified\":\"2021-11-10T15:50:43+00:00\",\"mainEntityOfPage\":{\"@id\":\"https:\\\/\\\/www.monaco-tribune.com\\\/it\\\/2021\\\/11\\\/terza-dose-di-vaccino-pil-11-novembre-le-principali-notizie-di-questo-mercoledi\\\/\"},\"wordCount\":207,\"publisher\":{\"@id\":\"https:\\\/\\\/www.monaco-tribune.com\\\/it\\\/#organization\"},\"image\":{\"@id\":\"https:\\\/\\\/www.monaco-tribune.com\\\/it\\\/2021\\\/11\\\/terza-dose-di-vaccino-pil-11-novembre-le-principali-notizie-di-questo-mercoledi\\\/#primaryimage\"},\"thumbnailUrl\":\"https:\\\/\\\/www.monaco-tribune.com\\\/wp-content\\\/uploads\\\/2021\\\/01\\\/vaccination-covid-monaco-1.jpg\",\"articleSection\":[\"Notizie\",\"Societ\u00e0\"],\"inLanguage\":\"it-IT\",\"copyrightYear\":\"2021\",\"copyrightHolder\":{\"@id\":\"https:\\\/\\\/www.monaco-tribune.com\\\/#organization\"}},{\"@type\":\"WebPage\",\"@id\":\"https:\\\/\\\/www.monaco-tribune.com\\\/it\\\/2021\\\/11\\\/terza-dose-di-vaccino-pil-11-novembre-le-principali-notizie-di-questo-mercoledi\\\/\",\"url\":\"https:\\\/\\\/www.monaco-tribune.com\\\/it\\\/2021\\\/11\\\/terza-dose-di-vaccino-pil-11-novembre-le-principali-notizie-di-questo-mercoledi\\\/\",\"name\":\"Terza dose di vaccino, PIL, 11 novembre... Le principali notizie di questo mercoled\u00ec\",\"isPartOf\":{\"@id\":\"https:\\\/\\\/www.monaco-tribune.com\\\/it\\\/#website\"},\"primaryImageOfPage\":{\"@id\":\"https:\\\/\\\/www.monaco-tribune.com\\\/it\\\/2021\\\/11\\\/terza-dose-di-vaccino-pil-11-novembre-le-principali-notizie-di-questo-mercoledi\\\/#primaryimage\"},\"image\":{\"@id\":\"https:\\\/\\\/www.monaco-tribune.com\\\/it\\\/2021\\\/11\\\/terza-dose-di-vaccino-pil-11-novembre-le-principali-notizie-di-questo-mercoledi\\\/#primaryimage\"},\"thumbnailUrl\":\"https:\\\/\\\/www.monaco-tribune.com\\\/wp-content\\\/uploads\\\/2021\\\/01\\\/vaccination-covid-monaco-1.jpg\",\"datePublished\":\"2021-11-10T15:50:31+00:00\",\"dateModified\":\"2021-11-10T15:50:43+00:00\",\"description\":\"Un riepilogo delle notizie pi\u00f9 importanti di mercoled\u00ec 10 novembre 2021. Via alla terza dose di vaccino - Il governo ha annunciato che la terza dose del\",\"breadcrumb\":{\"@id\":\"https:\\\/\\\/www.monaco-tribune.com\\\/it\\\/2021\\\/11\\\/terza-dose-di-vaccino-pil-11-novembre-le-principali-notizie-di-questo-mercoledi\\\/#breadcrumb\"},\"inLanguage\":\"it-IT\",\"potentialAction\":[{\"@type\":\"ReadAction\",\"target\":[\"https:\\\/\\\/www.monaco-tribune.com\\\/it\\\/2021\\\/11\\\/terza-dose-di-vaccino-pil-11-novembre-le-principali-notizie-di-questo-mercoledi\\\/\"]}]},{\"@type\":\"ImageObject\",\"inLanguage\":\"it-IT\",\"@id\":\"https:\\\/\\\/www.monaco-tribune.com\\\/it\\\/2021\\\/11\\\/terza-dose-di-vaccino-pil-11-novembre-le-principali-notizie-di-questo-mercoledi\\\/#primaryimage\",\"url\":\"https:\\\/\\\/www.monaco-tribune.com\\\/wp-content\\\/uploads\\\/2021\\\/01\\\/vaccination-covid-monaco-1.jpg\",\"contentUrl\":\"https:\\\/\\\/www.monaco-tribune.com\\\/wp-content\\\/uploads\\\/2021\\\/01\\\/vaccination-covid-monaco-1.jpg\",\"width\":1200,\"height\":676,\"caption\":\"Direzione della Comunicazione\"},{\"@type\":\"BreadcrumbList\",\"@id\":\"https:\\\/\\\/www.monaco-tribune.com\\\/it\\\/2021\\\/11\\\/terza-dose-di-vaccino-pil-11-novembre-le-principali-notizie-di-questo-mercoledi\\\/#breadcrumb\",\"itemListElement\":[{\"@type\":\"ListItem\",\"position\":1,\"name\":\"Accueil\",\"item\":\"https:\\\/\\\/www.monaco-tribune.com\\\/it\\\/\"},{\"@type\":\"ListItem\",\"position\":2,\"name\":\"Terza dose di vaccino, PIL, 11 novembre&#8230; Le principali notizie di questo mercoled\u00ec\"}]},{\"@type\":\"WebSite\",\"@id\":\"https:\\\/\\\/www.monaco-tribune.com\\\/it\\\/#website\",\"url\":\"https:\\\/\\\/www.monaco-tribune.com\\\/it\\\/\",\"name\":\"Monaco Tribune\",\"description\":\"Monaco : actualit\u00e9s \u00e9conomiques, politiques, culturelles et sportives de Monaco et de la French Riviera.\",\"publisher\":{\"@id\":\"https:\\\/\\\/www.monaco-tribune.com\\\/it\\\/#organization\"},\"potentialAction\":[{\"@type\":\"SearchAction\",\"target\":{\"@type\":\"EntryPoint\",\"urlTemplate\":\"https:\\\/\\\/www.monaco-tribune.com\\\/it\\\/?s={search_term_string}\"},\"query-input\":{\"@type\":\"PropertyValueSpecification\",\"valueRequired\":true,\"valueName\":\"search_term_string\"}}],\"inLanguage\":\"it-IT\"},{\"@type\":\"Organization\",\"@id\":\"https:\\\/\\\/www.monaco-tribune.com\\\/it\\\/#organization\",\"name\":\"Monaco Tribune\",\"url\":\"https:\\\/\\\/www.monaco-tribune.com\\\/it\\\/\",\"logo\":{\"@type\":\"ImageObject\",\"inLanguage\":\"it-IT\",\"@id\":\"https:\\\/\\\/www.monaco-tribune.com\\\/it\\\/#\\\/schema\\\/logo\\\/image\\\/\",\"url\":\"https:\\\/\\\/www.monaco-tribune.com\\\/wp-content\\\/uploads\\\/2022\\\/11\\\/logo-monaco-tribune.png\",\"contentUrl\":\"https:\\\/\\\/www.monaco-tribune.com\\\/wp-content\\\/uploads\\\/2022\\\/11\\\/logo-monaco-tribune.png\",\"width\":1548,\"height\":600,\"caption\":\"Monaco Tribune\"},\"image\":{\"@id\":\"https:\\\/\\\/www.monaco-tribune.com\\\/it\\\/#\\\/schema\\\/logo\\\/image\\\/\"},\"sameAs\":[\"https:\\\/\\\/www.facebook.com\\\/MonacoTribune\",\"https:\\\/\\\/x.com\\\/MonacoTribune\",\"https:\\\/\\\/www.instagram.com\\\/monacotribune\\\/\",\"https:\\\/\\\/www.linkedin.com\\\/company\\\/monaco-tribune\",\"https:\\\/\\\/www.youtube.com\\\/channel\\\/UCHle1MnG6hw1y4lWKijVbMA\"]},{\"@type\":\"Person\",\"@id\":\"https:\\\/\\\/www.monaco-tribune.com\\\/it\\\/#\\\/schema\\\/person\\\/c8eeb5e36b6ed3782736273e5eb7d764\",\"name\":\"Josepha Toquereau\",\"image\":{\"@type\":\"ImageObject\",\"inLanguage\":\"it-IT\",\"@id\":\"https:\\\/\\\/secure.gravatar.com\\\/avatar\\\/3e06e87605717b00d3b9743f79fca038480454ef05226ef9de5dfa9577c3363f?s=96&d=mm&r=g\",\"url\":\"https:\\\/\\\/secure.gravatar.com\\\/avatar\\\/3e06e87605717b00d3b9743f79fca038480454ef05226ef9de5dfa9577c3363f?s=96&d=mm&r=g\",\"contentUrl\":\"https:\\\/\\\/secure.gravatar.com\\\/avatar\\\/3e06e87605717b00d3b9743f79fca038480454ef05226ef9de5dfa9577c3363f?s=96&d=mm&r=g\",\"caption\":\"Josepha Toquereau\"},\"url\":\"https:\\\/\\\/www.monaco-tribune.com\\\/it\\\/author\\\/josephatoquereau\\\/\"}]}<\/script>\n<!-- \/ Yoast SEO Premium plugin. -->","yoast_head_json":{"title":"Terza dose di vaccino, PIL, 11 novembre... Le principali notizie di questo mercoled\u00ec","description":"Un riepilogo delle notizie pi\u00f9 importanti di mercoled\u00ec 10 novembre 2021. Via alla terza dose di vaccino - Il governo ha annunciato che la terza dose del","robots":{"index":"index","follow":"follow","max-snippet":"max-snippet:-1","max-image-preview":"max-image-preview:large","max-video-preview":"max-video-preview:-1"},"canonical":"https:\/\/www.monaco-tribune.com\/it\/2021\/11\/terza-dose-di-vaccino-pil-11-novembre-le-principali-notizie-di-questo-mercoledi\/","og_locale":"it_IT","og_type":"article","og_title":"Terza dose di vaccino, PIL, 11 novembre... Le principali notizie di questo mercoled\u00ec - Monaco Tribune","og_description":"Un riepilogo delle notizie pi\u00f9 importanti di mercoled\u00ec 10 novembre 2021. Via alla terza dose di vaccino - Il governo ha annunciato che la terza dose del","og_url":"https:\/\/www.monaco-tribune.com\/it\/2021\/11\/terza-dose-di-vaccino-pil-11-novembre-le-principali-notizie-di-questo-mercoledi\/","og_site_name":"Monaco Tribune","article_publisher":"https:\/\/www.facebook.com\/MonacoTribune","article_published_time":"2021-11-10T15:50:31+00:00","article_modified_time":"2021-11-10T15:50:43+00:00","og_image":[{"width":1200,"height":676,"url":"https:\/\/www.monaco-tribune.com\/wp-content\/uploads\/2021\/01\/vaccination-covid-monaco-1.jpg","type":"image\/jpeg"}],"author":"Josepha Toquereau","twitter_card":"summary_large_image","twitter_creator":"@MonacoTribune","twitter_site":"@MonacoTribune","schema":{"@context":"https:\/\/schema.org","@graph":[{"@type":"NewsArticle","@id":"https:\/\/www.monaco-tribune.com\/it\/2021\/11\/terza-dose-di-vaccino-pil-11-novembre-le-principali-notizie-di-questo-mercoledi\/#article","isPartOf":{"@id":"https:\/\/www.monaco-tribune.com\/it\/2021\/11\/terza-dose-di-vaccino-pil-11-novembre-le-principali-notizie-di-questo-mercoledi\/"},"author":{"name":"Josepha Toquereau","@id":"https:\/\/www.monaco-tribune.com\/it\/#\/schema\/person\/c8eeb5e36b6ed3782736273e5eb7d764"},"headline":"Terza dose di vaccino, PIL, 11 novembre&#8230; Le principali notizie di questo mercoled\u00ec","datePublished":"2021-11-10T15:50:31+00:00","dateModified":"2021-11-10T15:50:43+00:00","mainEntityOfPage":{"@id":"https:\/\/www.monaco-tribune.com\/it\/2021\/11\/terza-dose-di-vaccino-pil-11-novembre-le-principali-notizie-di-questo-mercoledi\/"},"wordCount":207,"publisher":{"@id":"https:\/\/www.monaco-tribune.com\/it\/#organization"},"image":{"@id":"https:\/\/www.monaco-tribune.com\/it\/2021\/11\/terza-dose-di-vaccino-pil-11-novembre-le-principali-notizie-di-questo-mercoledi\/#primaryimage"},"thumbnailUrl":"https:\/\/www.monaco-tribune.com\/wp-content\/uploads\/2021\/01\/vaccination-covid-monaco-1.jpg","articleSection":["Notizie","Societ\u00e0"],"inLanguage":"it-IT","copyrightYear":"2021","copyrightHolder":{"@id":"https:\/\/www.monaco-tribune.com\/#organization"}},{"@type":"WebPage","@id":"https:\/\/www.monaco-tribune.com\/it\/2021\/11\/terza-dose-di-vaccino-pil-11-novembre-le-principali-notizie-di-questo-mercoledi\/","url":"https:\/\/www.monaco-tribune.com\/it\/2021\/11\/terza-dose-di-vaccino-pil-11-novembre-le-principali-notizie-di-questo-mercoledi\/","name":"Terza dose di vaccino, PIL, 11 novembre... Le principali notizie di questo mercoled\u00ec","isPartOf":{"@id":"https:\/\/www.monaco-tribune.com\/it\/#website"},"primaryImageOfPage":{"@id":"https:\/\/www.monaco-tribune.com\/it\/2021\/11\/terza-dose-di-vaccino-pil-11-novembre-le-principali-notizie-di-questo-mercoledi\/#primaryimage"},"image":{"@id":"https:\/\/www.monaco-tribune.com\/it\/2021\/11\/terza-dose-di-vaccino-pil-11-novembre-le-principali-notizie-di-questo-mercoledi\/#primaryimage"},"thumbnailUrl":"https:\/\/www.monaco-tribune.com\/wp-content\/uploads\/2021\/01\/vaccination-covid-monaco-1.jpg","datePublished":"2021-11-10T15:50:31+00:00","dateModified":"2021-11-10T15:50:43+00:00","description":"Un riepilogo delle notizie pi\u00f9 importanti di mercoled\u00ec 10 novembre 2021. Via alla terza dose di vaccino - Il governo ha annunciato che la terza dose del","breadcrumb":{"@id":"https:\/\/www.monaco-tribune.com\/it\/2021\/11\/terza-dose-di-vaccino-pil-11-novembre-le-principali-notizie-di-questo-mercoledi\/#breadcrumb"},"inLanguage":"it-IT","potentialAction":[{"@type":"ReadAction","target":["https:\/\/www.monaco-tribune.com\/it\/2021\/11\/terza-dose-di-vaccino-pil-11-novembre-le-principali-notizie-di-questo-mercoledi\/"]}]},{"@type":"ImageObject","inLanguage":"it-IT","@id":"https:\/\/www.monaco-tribune.com\/it\/2021\/11\/terza-dose-di-vaccino-pil-11-novembre-le-principali-notizie-di-questo-mercoledi\/#primaryimage","url":"https:\/\/www.monaco-tribune.com\/wp-content\/uploads\/2021\/01\/vaccination-covid-monaco-1.jpg","contentUrl":"https:\/\/www.monaco-tribune.com\/wp-content\/uploads\/2021\/01\/vaccination-covid-monaco-1.jpg","width":1200,"height":676,"caption":"Direzione della Comunicazione"},{"@type":"BreadcrumbList","@id":"https:\/\/www.monaco-tribune.com\/it\/2021\/11\/terza-dose-di-vaccino-pil-11-novembre-le-principali-notizie-di-questo-mercoledi\/#breadcrumb","itemListElement":[{"@type":"ListItem","position":1,"name":"Accueil","item":"https:\/\/www.monaco-tribune.com\/it\/"},{"@type":"ListItem","position":2,"name":"Terza dose di vaccino, PIL, 11 novembre&#8230; Le principali notizie di questo mercoled\u00ec"}]},{"@type":"WebSite","@id":"https:\/\/www.monaco-tribune.com\/it\/#website","url":"https:\/\/www.monaco-tribune.com\/it\/","name":"Monaco Tribune","description":"Monaco : actualit\u00e9s \u00e9conomiques, politiques, culturelles et sportives de Monaco et de la French Riviera.","publisher":{"@id":"https:\/\/www.monaco-tribune.com\/it\/#organization"},"potentialAction":[{"@type":"SearchAction","target":{"@type":"EntryPoint","urlTemplate":"https:\/\/www.monaco-tribune.com\/it\/?s={search_term_string}"},"query-input":{"@type":"PropertyValueSpecification","valueRequired":true,"valueName":"search_term_string"}}],"inLanguage":"it-IT"},{"@type":"Organization","@id":"https:\/\/www.monaco-tribune.com\/it\/#organization","name":"Monaco Tribune","url":"https:\/\/www.monaco-tribune.com\/it\/","logo":{"@type":"ImageObject","inLanguage":"it-IT","@id":"https:\/\/www.monaco-tribune.com\/it\/#\/schema\/logo\/image\/","url":"https:\/\/www.monaco-tribune.com\/wp-content\/uploads\/2022\/11\/logo-monaco-tribune.png","contentUrl":"https:\/\/www.monaco-tribune.com\/wp-content\/uploads\/2022\/11\/logo-monaco-tribune.png","width":1548,"height":600,"caption":"Monaco Tribune"},"image":{"@id":"https:\/\/www.monaco-tribune.com\/it\/#\/schema\/logo\/image\/"},"sameAs":["https:\/\/www.facebook.com\/MonacoTribune","https:\/\/x.com\/MonacoTribune","https:\/\/www.instagram.com\/monacotribune\/","https:\/\/www.linkedin.com\/company\/monaco-tribune","https:\/\/www.youtube.com\/channel\/UCHle1MnG6hw1y4lWKijVbMA"]},{"@type":"Person","@id":"https:\/\/www.monaco-tribune.com\/it\/#\/schema\/person\/c8eeb5e36b6ed3782736273e5eb7d764","name":"Josepha Toquereau","image":{"@type":"ImageObject","inLanguage":"it-IT","@id":"https:\/\/secure.gravatar.com\/avatar\/3e06e87605717b00d3b9743f79fca038480454ef05226ef9de5dfa9577c3363f?s=96&d=mm&r=g","url":"https:\/\/secure.gravatar.com\/avatar\/3e06e87605717b00d3b9743f79fca038480454ef05226ef9de5dfa9577c3363f?s=96&d=mm&r=g","contentUrl":"https:\/\/secure.gravatar.com\/avatar\/3e06e87605717b00d3b9743f79fca038480454ef05226ef9de5dfa9577c3363f?s=96&d=mm&r=g","caption":"Josepha Toquereau"},"url":"https:\/\/www.monaco-tribune.com\/it\/author\/josephatoquereau\/"}]}},"_links":{"self":[{"href":"https:\/\/www.monaco-tribune.com\/it\/wp-json\/wp\/v2\/posts\/99238","targetHints":{"allow":["GET"]}}],"collection":[{"href":"https:\/\/www.monaco-tribune.com\/it\/wp-json\/wp\/v2\/posts"}],"about":[{"href":"https:\/\/www.monaco-tribune.com\/it\/wp-json\/wp\/v2\/types\/post"}],"author":[{"embeddable":true,"href":"https:\/\/www.monaco-tribune.com\/it\/wp-json\/wp\/v2\/users\/57"}],"replies":[{"embeddable":true,"href":"https:\/\/www.monaco-tribune.com\/it\/wp-json\/wp\/v2\/comments?post=99238"}],"version-history":[{"count":0,"href":"https:\/\/www.monaco-tribune.com\/it\/wp-json\/wp\/v2\/posts\/99238\/revisions"}],"wp:featuredmedia":[{"embeddable":true,"href":"https:\/\/www.monaco-tribune.com\/it\/wp-json\/wp\/v2\/media\/63924"}],"wp:attachment":[{"href":"https:\/\/www.monaco-tribune.com\/it\/wp-json\/wp\/v2\/media?parent=99238"}],"wp:term":[{"taxonomy":"category","embeddable":true,"href":"https:\/\/www.monaco-tribune.com\/it\/wp-json\/wp\/v2\/categories?post=99238"},{"taxonomy":"post_tag","embeddable":true,"href":"https:\/\/www.monaco-tribune.com\/it\/wp-json\/wp\/v2\/tags?post=99238"},{"taxonomy":"sectag","embeddable":true,"href":"https:\/\/www.monaco-tribune.com\/it\/wp-json\/wp\/v2\/post_sectags?post=99238"},{"taxonomy":"format","embeddable":true,"href":"https:\/\/www.monaco-tribune.com\/it\/wp-json\/wp\/v2\/post_format?post=99238"}],"curies":[{"name":"wp","href":"https:\/\/api.w.org\/{rel}","templated":true}]}}