{"id":99244,"date":"2021-11-10T17:58:05","date_gmt":"2021-11-10T16:58:05","guid":{"rendered":"https:\/\/www.monaco-tribune.com\/2021\/11\/caso-pastor-richiesto-lergastolo-per-janowski-in-appello\/"},"modified":"2021-11-10T17:58:09","modified_gmt":"2021-11-10T16:58:09","slug":"caso-pastor-richiesto-lergastolo-per-janowski-in-appello","status":"publish","type":"post","link":"https:\/\/www.monaco-tribune.com\/it\/2021\/11\/caso-pastor-richiesto-lergastolo-per-janowski-in-appello\/","title":{"rendered":"Caso Pastor: richiesto l&#8217;ergastolo per Janowski in appello"},"content":{"rendered":"\n<p><strong>Marted\u00ec 9 novembre 2021, il pubblico ministero Pierre Cortes ha chiesto l&#8217;ergastolo per il genero di H\u00e9l\u00e8ne Pastor, accusato dell&#8217;omicidio della donna.<\/strong><\/p>\n\n<p>L&#8217;appello non \u00e8 servito a niente: l&#8217;avvocato della corte d&#8217;assise d&#8217;appello di Bouches-du-Rh\u00f4ne ha chiesto nuovamente l&#8217;ergastolo per Wojciech Janowski, oltre a una misura di sicurezza minima di 22 anni. Ha inoltre richiesto l&#8217;ergastolo per il presunto assassino e il presunto palo, 30 anni per l&#8217;ex allenatore sportivo Pascal Dauriac e otto anni per un uomo sospettato di aver agito da intermediario.<\/p>\n\n<h2 class=\"wp-block-heading\" id=\"h-un-long-r-quisitoire-charge-contre-le-pr-venu\">Un lungo atto d&#8217;accusa contro l&#8217;imputato<\/h2>\n\n<p>Il pubblico ministero Pierre Cortes ha parlato della &#8220;valanga di prove schiaccianti&#8221; contro il genero di H\u00e9l\u00e8ne Pastor. &#8220;Senza di lui non sarebbe successo niente, parte tutto da lui&#8221;, ha dichiarato davanti alla corte d&#8217;assise. Ha anche affermato che Wojciech Janowski ha finanziato &#8220;l&#8217;omicidio di sua suocera con i soldi della suocera stessa&#8221;, cosa che ha ammesso lui stesso durante &#8220;confessioni precise, dettagliate e ripetute&#8221;.<\/p>\n\n<p>L&#8217;ex console Wojciech Janowski \u00e8 accusato di aver ordinato l&#8217;omicidio di sua suocera H\u00e9l\u00e8ne Pastor, ereditiera di un impero immobiliare. Il 6 maggio 2014, la miliardaria e il suo autista Mohamed Darwich sono stati vittime di una sparatoria mentre erano parcheggiati davanti l&#8217;ospedale di Nizza. H\u00e9l\u00e8ne Pastor \u00e8 morta il 21 maggio a causa delle ferite riportate. Wojciech Janowski era gi\u00e0 stato condannato all&#8217;ergastolo durante il primo processo e aveva deciso di ricorrere in appello.<\/p>\n","protected":false},"excerpt":{"rendered":"<p>Marted\u00ec 9 novembre 2021, il pubblico ministero Pierre Cortes ha chiesto l&#8217;ergastolo per il genero di H\u00e9l\u00e8ne Pastor, accusato dell&#8217;omicidio [&hellip;]<\/p>\n","protected":false},"author":57,"featured_media":23366,"comment_status":"closed","ping_status":"closed","sticky":false,"template":"","format":"standard","meta":{"_acf_changed":false,"footnotes":""},"categories":[1826,1738,1752],"tags":[],"post_sectags":[],"post_format":[2478],"class_list":["post-99244","post","type-post","status-publish","format-standard","has-post-thumbnail","hentry","category-la-nostra-scelta","category-notizie","category-societa","format-notizia"],"acf":[],"yoast_head":"<!-- This site is optimized with the Yoast SEO Premium plugin v26.8 (Yoast SEO v27.4) - https:\/\/yoast.com\/product\/yoast-seo-premium-wordpress\/ -->\n<title>Caso Pastor: richiesto l&#039;ergastolo per Janowski in appello<\/title>\n<meta name=\"description\" content=\"Marted\u00ec 9 novembre 2021, il pubblico ministero Pierre Cortes ha chiesto l&#039;ergastolo per il genero di H\u00e9l\u00e8ne Pastor, accusato dell&#039;omicidio della donna.\" \/>\n<meta name=\"robots\" content=\"index, follow, max-snippet:-1, max-image-preview:large, max-video-preview:-1\" \/>\n<link rel=\"canonical\" href=\"https:\/\/www.monaco-tribune.com\/it\/2021\/11\/caso-pastor-richiesto-lergastolo-per-janowski-in-appello\/\" \/>\n<meta property=\"og:locale\" content=\"it_IT\" \/>\n<meta property=\"og:type\" content=\"article\" \/>\n<meta property=\"og:title\" content=\"Caso Pastor: richiesto l&#039;ergastolo per Janowski in appello - Monaco Tribune\" \/>\n<meta property=\"og:description\" content=\"Marted\u00ec 9 novembre 2021, il pubblico ministero Pierre Cortes ha chiesto l&#039;ergastolo per il genero di H\u00e9l\u00e8ne Pastor, accusato dell&#039;omicidio della donna.\" \/>\n<meta property=\"og:url\" content=\"https:\/\/www.monaco-tribune.com\/it\/2021\/11\/caso-pastor-richiesto-lergastolo-per-janowski-in-appello\/\" \/>\n<meta property=\"og:site_name\" content=\"Monaco Tribune\" \/>\n<meta property=\"article:publisher\" content=\"https:\/\/www.facebook.com\/MonacoTribune\" \/>\n<meta property=\"article:published_time\" content=\"2021-11-10T16:58:05+00:00\" \/>\n<meta property=\"article:modified_time\" content=\"2021-11-10T16:58:09+00:00\" \/>\n<meta property=\"og:image\" content=\"https:\/\/www.monaco-tribune.com\/wp-content\/uploads\/2020\/03\/maxmatinnews240278-4406451.jpg\" \/>\n\t<meta property=\"og:image:width\" content=\"1200\" \/>\n\t<meta property=\"og:image:height\" content=\"674\" \/>\n\t<meta property=\"og:image:type\" content=\"image\/jpeg\" \/>\n<meta name=\"author\" content=\"Josepha Toquereau\" \/>\n<meta name=\"twitter:card\" content=\"summary_large_image\" \/>\n<meta name=\"twitter:creator\" content=\"@MonacoTribune\" \/>\n<meta name=\"twitter:site\" content=\"@MonacoTribune\" \/>\n<script type=\"application\/ld+json\" class=\"yoast-schema-graph\">{\"@context\":\"https:\\\/\\\/schema.org\",\"@graph\":[{\"@type\":\"NewsArticle\",\"@id\":\"https:\\\/\\\/www.monaco-tribune.com\\\/it\\\/2021\\\/11\\\/caso-pastor-richiesto-lergastolo-per-janowski-in-appello\\\/#article\",\"isPartOf\":{\"@id\":\"https:\\\/\\\/www.monaco-tribune.com\\\/it\\\/2021\\\/11\\\/caso-pastor-richiesto-lergastolo-per-janowski-in-appello\\\/\"},\"author\":{\"name\":\"Josepha Toquereau\",\"@id\":\"https:\\\/\\\/www.monaco-tribune.com\\\/it\\\/#\\\/schema\\\/person\\\/c8eeb5e36b6ed3782736273e5eb7d764\"},\"headline\":\"Caso Pastor: richiesto l&#8217;ergastolo per Janowski in appello\",\"datePublished\":\"2021-11-10T16:58:05+00:00\",\"dateModified\":\"2021-11-10T16:58:09+00:00\",\"mainEntityOfPage\":{\"@id\":\"https:\\\/\\\/www.monaco-tribune.com\\\/it\\\/2021\\\/11\\\/caso-pastor-richiesto-lergastolo-per-janowski-in-appello\\\/\"},\"wordCount\":255,\"publisher\":{\"@id\":\"https:\\\/\\\/www.monaco-tribune.com\\\/it\\\/#organization\"},\"image\":{\"@id\":\"https:\\\/\\\/www.monaco-tribune.com\\\/it\\\/2021\\\/11\\\/caso-pastor-richiesto-lergastolo-per-janowski-in-appello\\\/#primaryimage\"},\"thumbnailUrl\":\"https:\\\/\\\/www.monaco-tribune.com\\\/wp-content\\\/uploads\\\/2020\\\/03\\\/maxmatinnews240278-4406451.jpg\",\"articleSection\":[\"La nostra scelta\",\"Notizie\",\"Societ\u00e0\"],\"inLanguage\":\"it-IT\",\"copyrightYear\":\"2021\",\"copyrightHolder\":{\"@id\":\"https:\\\/\\\/www.monaco-tribune.com\\\/#organization\"}},{\"@type\":\"WebPage\",\"@id\":\"https:\\\/\\\/www.monaco-tribune.com\\\/it\\\/2021\\\/11\\\/caso-pastor-richiesto-lergastolo-per-janowski-in-appello\\\/\",\"url\":\"https:\\\/\\\/www.monaco-tribune.com\\\/it\\\/2021\\\/11\\\/caso-pastor-richiesto-lergastolo-per-janowski-in-appello\\\/\",\"name\":\"Caso Pastor: richiesto l'ergastolo per Janowski in appello\",\"isPartOf\":{\"@id\":\"https:\\\/\\\/www.monaco-tribune.com\\\/it\\\/#website\"},\"primaryImageOfPage\":{\"@id\":\"https:\\\/\\\/www.monaco-tribune.com\\\/it\\\/2021\\\/11\\\/caso-pastor-richiesto-lergastolo-per-janowski-in-appello\\\/#primaryimage\"},\"image\":{\"@id\":\"https:\\\/\\\/www.monaco-tribune.com\\\/it\\\/2021\\\/11\\\/caso-pastor-richiesto-lergastolo-per-janowski-in-appello\\\/#primaryimage\"},\"thumbnailUrl\":\"https:\\\/\\\/www.monaco-tribune.com\\\/wp-content\\\/uploads\\\/2020\\\/03\\\/maxmatinnews240278-4406451.jpg\",\"datePublished\":\"2021-11-10T16:58:05+00:00\",\"dateModified\":\"2021-11-10T16:58:09+00:00\",\"description\":\"Marted\u00ec 9 novembre 2021, il pubblico ministero Pierre Cortes ha chiesto l'ergastolo per il genero di H\u00e9l\u00e8ne Pastor, accusato dell'omicidio della donna.\",\"breadcrumb\":{\"@id\":\"https:\\\/\\\/www.monaco-tribune.com\\\/it\\\/2021\\\/11\\\/caso-pastor-richiesto-lergastolo-per-janowski-in-appello\\\/#breadcrumb\"},\"inLanguage\":\"it-IT\",\"potentialAction\":[{\"@type\":\"ReadAction\",\"target\":[\"https:\\\/\\\/www.monaco-tribune.com\\\/it\\\/2021\\\/11\\\/caso-pastor-richiesto-lergastolo-per-janowski-in-appello\\\/\"]}]},{\"@type\":\"ImageObject\",\"inLanguage\":\"it-IT\",\"@id\":\"https:\\\/\\\/www.monaco-tribune.com\\\/it\\\/2021\\\/11\\\/caso-pastor-richiesto-lergastolo-per-janowski-in-appello\\\/#primaryimage\",\"url\":\"https:\\\/\\\/www.monaco-tribune.com\\\/wp-content\\\/uploads\\\/2020\\\/03\\\/maxmatinnews240278-4406451.jpg\",\"contentUrl\":\"https:\\\/\\\/www.monaco-tribune.com\\\/wp-content\\\/uploads\\\/2020\\\/03\\\/maxmatinnews240278-4406451.jpg\",\"width\":1200,\"height\":674,\"caption\":\"France 3 r\u00e9gions\"},{\"@type\":\"BreadcrumbList\",\"@id\":\"https:\\\/\\\/www.monaco-tribune.com\\\/it\\\/2021\\\/11\\\/caso-pastor-richiesto-lergastolo-per-janowski-in-appello\\\/#breadcrumb\",\"itemListElement\":[{\"@type\":\"ListItem\",\"position\":1,\"name\":\"Accueil\",\"item\":\"https:\\\/\\\/www.monaco-tribune.com\\\/it\\\/\"},{\"@type\":\"ListItem\",\"position\":2,\"name\":\"Caso Pastor: richiesto l&rsquo;ergastolo per Janowski in appello\"}]},{\"@type\":\"WebSite\",\"@id\":\"https:\\\/\\\/www.monaco-tribune.com\\\/it\\\/#website\",\"url\":\"https:\\\/\\\/www.monaco-tribune.com\\\/it\\\/\",\"name\":\"Monaco Tribune\",\"description\":\"Monaco : actualit\u00e9s \u00e9conomiques, politiques, culturelles et sportives de Monaco et de la French Riviera.\",\"publisher\":{\"@id\":\"https:\\\/\\\/www.monaco-tribune.com\\\/it\\\/#organization\"},\"potentialAction\":[{\"@type\":\"SearchAction\",\"target\":{\"@type\":\"EntryPoint\",\"urlTemplate\":\"https:\\\/\\\/www.monaco-tribune.com\\\/it\\\/?s={search_term_string}\"},\"query-input\":{\"@type\":\"PropertyValueSpecification\",\"valueRequired\":true,\"valueName\":\"search_term_string\"}}],\"inLanguage\":\"it-IT\"},{\"@type\":\"Organization\",\"@id\":\"https:\\\/\\\/www.monaco-tribune.com\\\/it\\\/#organization\",\"name\":\"Monaco Tribune\",\"url\":\"https:\\\/\\\/www.monaco-tribune.com\\\/it\\\/\",\"logo\":{\"@type\":\"ImageObject\",\"inLanguage\":\"it-IT\",\"@id\":\"https:\\\/\\\/www.monaco-tribune.com\\\/it\\\/#\\\/schema\\\/logo\\\/image\\\/\",\"url\":\"https:\\\/\\\/www.monaco-tribune.com\\\/wp-content\\\/uploads\\\/2022\\\/11\\\/logo-monaco-tribune.png\",\"contentUrl\":\"https:\\\/\\\/www.monaco-tribune.com\\\/wp-content\\\/uploads\\\/2022\\\/11\\\/logo-monaco-tribune.png\",\"width\":1548,\"height\":600,\"caption\":\"Monaco Tribune\"},\"image\":{\"@id\":\"https:\\\/\\\/www.monaco-tribune.com\\\/it\\\/#\\\/schema\\\/logo\\\/image\\\/\"},\"sameAs\":[\"https:\\\/\\\/www.facebook.com\\\/MonacoTribune\",\"https:\\\/\\\/x.com\\\/MonacoTribune\",\"https:\\\/\\\/www.instagram.com\\\/monacotribune\\\/\",\"https:\\\/\\\/www.linkedin.com\\\/company\\\/monaco-tribune\",\"https:\\\/\\\/www.youtube.com\\\/channel\\\/UCHle1MnG6hw1y4lWKijVbMA\"]},{\"@type\":\"Person\",\"@id\":\"https:\\\/\\\/www.monaco-tribune.com\\\/it\\\/#\\\/schema\\\/person\\\/c8eeb5e36b6ed3782736273e5eb7d764\",\"name\":\"Josepha Toquereau\",\"image\":{\"@type\":\"ImageObject\",\"inLanguage\":\"it-IT\",\"@id\":\"https:\\\/\\\/secure.gravatar.com\\\/avatar\\\/3e06e87605717b00d3b9743f79fca038480454ef05226ef9de5dfa9577c3363f?s=96&d=mm&r=g\",\"url\":\"https:\\\/\\\/secure.gravatar.com\\\/avatar\\\/3e06e87605717b00d3b9743f79fca038480454ef05226ef9de5dfa9577c3363f?s=96&d=mm&r=g\",\"contentUrl\":\"https:\\\/\\\/secure.gravatar.com\\\/avatar\\\/3e06e87605717b00d3b9743f79fca038480454ef05226ef9de5dfa9577c3363f?s=96&d=mm&r=g\",\"caption\":\"Josepha Toquereau\"},\"url\":\"https:\\\/\\\/www.monaco-tribune.com\\\/it\\\/author\\\/josephatoquereau\\\/\"}]}<\/script>\n<!-- \/ Yoast SEO Premium plugin. -->","yoast_head_json":{"title":"Caso Pastor: richiesto l'ergastolo per Janowski in appello","description":"Marted\u00ec 9 novembre 2021, il pubblico ministero Pierre Cortes ha chiesto l'ergastolo per il genero di H\u00e9l\u00e8ne Pastor, accusato dell'omicidio della donna.","robots":{"index":"index","follow":"follow","max-snippet":"max-snippet:-1","max-image-preview":"max-image-preview:large","max-video-preview":"max-video-preview:-1"},"canonical":"https:\/\/www.monaco-tribune.com\/it\/2021\/11\/caso-pastor-richiesto-lergastolo-per-janowski-in-appello\/","og_locale":"it_IT","og_type":"article","og_title":"Caso Pastor: richiesto l'ergastolo per Janowski in appello - Monaco Tribune","og_description":"Marted\u00ec 9 novembre 2021, il pubblico ministero Pierre Cortes ha chiesto l'ergastolo per il genero di H\u00e9l\u00e8ne Pastor, accusato dell'omicidio della donna.","og_url":"https:\/\/www.monaco-tribune.com\/it\/2021\/11\/caso-pastor-richiesto-lergastolo-per-janowski-in-appello\/","og_site_name":"Monaco Tribune","article_publisher":"https:\/\/www.facebook.com\/MonacoTribune","article_published_time":"2021-11-10T16:58:05+00:00","article_modified_time":"2021-11-10T16:58:09+00:00","og_image":[{"width":1200,"height":674,"url":"https:\/\/www.monaco-tribune.com\/wp-content\/uploads\/2020\/03\/maxmatinnews240278-4406451.jpg","type":"image\/jpeg"}],"author":"Josepha Toquereau","twitter_card":"summary_large_image","twitter_creator":"@MonacoTribune","twitter_site":"@MonacoTribune","schema":{"@context":"https:\/\/schema.org","@graph":[{"@type":"NewsArticle","@id":"https:\/\/www.monaco-tribune.com\/it\/2021\/11\/caso-pastor-richiesto-lergastolo-per-janowski-in-appello\/#article","isPartOf":{"@id":"https:\/\/www.monaco-tribune.com\/it\/2021\/11\/caso-pastor-richiesto-lergastolo-per-janowski-in-appello\/"},"author":{"name":"Josepha Toquereau","@id":"https:\/\/www.monaco-tribune.com\/it\/#\/schema\/person\/c8eeb5e36b6ed3782736273e5eb7d764"},"headline":"Caso Pastor: richiesto l&#8217;ergastolo per Janowski in appello","datePublished":"2021-11-10T16:58:05+00:00","dateModified":"2021-11-10T16:58:09+00:00","mainEntityOfPage":{"@id":"https:\/\/www.monaco-tribune.com\/it\/2021\/11\/caso-pastor-richiesto-lergastolo-per-janowski-in-appello\/"},"wordCount":255,"publisher":{"@id":"https:\/\/www.monaco-tribune.com\/it\/#organization"},"image":{"@id":"https:\/\/www.monaco-tribune.com\/it\/2021\/11\/caso-pastor-richiesto-lergastolo-per-janowski-in-appello\/#primaryimage"},"thumbnailUrl":"https:\/\/www.monaco-tribune.com\/wp-content\/uploads\/2020\/03\/maxmatinnews240278-4406451.jpg","articleSection":["La nostra scelta","Notizie","Societ\u00e0"],"inLanguage":"it-IT","copyrightYear":"2021","copyrightHolder":{"@id":"https:\/\/www.monaco-tribune.com\/#organization"}},{"@type":"WebPage","@id":"https:\/\/www.monaco-tribune.com\/it\/2021\/11\/caso-pastor-richiesto-lergastolo-per-janowski-in-appello\/","url":"https:\/\/www.monaco-tribune.com\/it\/2021\/11\/caso-pastor-richiesto-lergastolo-per-janowski-in-appello\/","name":"Caso Pastor: richiesto l'ergastolo per Janowski in appello","isPartOf":{"@id":"https:\/\/www.monaco-tribune.com\/it\/#website"},"primaryImageOfPage":{"@id":"https:\/\/www.monaco-tribune.com\/it\/2021\/11\/caso-pastor-richiesto-lergastolo-per-janowski-in-appello\/#primaryimage"},"image":{"@id":"https:\/\/www.monaco-tribune.com\/it\/2021\/11\/caso-pastor-richiesto-lergastolo-per-janowski-in-appello\/#primaryimage"},"thumbnailUrl":"https:\/\/www.monaco-tribune.com\/wp-content\/uploads\/2020\/03\/maxmatinnews240278-4406451.jpg","datePublished":"2021-11-10T16:58:05+00:00","dateModified":"2021-11-10T16:58:09+00:00","description":"Marted\u00ec 9 novembre 2021, il pubblico ministero Pierre Cortes ha chiesto l'ergastolo per il genero di H\u00e9l\u00e8ne Pastor, accusato dell'omicidio della donna.","breadcrumb":{"@id":"https:\/\/www.monaco-tribune.com\/it\/2021\/11\/caso-pastor-richiesto-lergastolo-per-janowski-in-appello\/#breadcrumb"},"inLanguage":"it-IT","potentialAction":[{"@type":"ReadAction","target":["https:\/\/www.monaco-tribune.com\/it\/2021\/11\/caso-pastor-richiesto-lergastolo-per-janowski-in-appello\/"]}]},{"@type":"ImageObject","inLanguage":"it-IT","@id":"https:\/\/www.monaco-tribune.com\/it\/2021\/11\/caso-pastor-richiesto-lergastolo-per-janowski-in-appello\/#primaryimage","url":"https:\/\/www.monaco-tribune.com\/wp-content\/uploads\/2020\/03\/maxmatinnews240278-4406451.jpg","contentUrl":"https:\/\/www.monaco-tribune.com\/wp-content\/uploads\/2020\/03\/maxmatinnews240278-4406451.jpg","width":1200,"height":674,"caption":"France 3 r\u00e9gions"},{"@type":"BreadcrumbList","@id":"https:\/\/www.monaco-tribune.com\/it\/2021\/11\/caso-pastor-richiesto-lergastolo-per-janowski-in-appello\/#breadcrumb","itemListElement":[{"@type":"ListItem","position":1,"name":"Accueil","item":"https:\/\/www.monaco-tribune.com\/it\/"},{"@type":"ListItem","position":2,"name":"Caso Pastor: richiesto l&rsquo;ergastolo per Janowski in appello"}]},{"@type":"WebSite","@id":"https:\/\/www.monaco-tribune.com\/it\/#website","url":"https:\/\/www.monaco-tribune.com\/it\/","name":"Monaco Tribune","description":"Monaco : actualit\u00e9s \u00e9conomiques, politiques, culturelles et sportives de Monaco et de la French Riviera.","publisher":{"@id":"https:\/\/www.monaco-tribune.com\/it\/#organization"},"potentialAction":[{"@type":"SearchAction","target":{"@type":"EntryPoint","urlTemplate":"https:\/\/www.monaco-tribune.com\/it\/?s={search_term_string}"},"query-input":{"@type":"PropertyValueSpecification","valueRequired":true,"valueName":"search_term_string"}}],"inLanguage":"it-IT"},{"@type":"Organization","@id":"https:\/\/www.monaco-tribune.com\/it\/#organization","name":"Monaco Tribune","url":"https:\/\/www.monaco-tribune.com\/it\/","logo":{"@type":"ImageObject","inLanguage":"it-IT","@id":"https:\/\/www.monaco-tribune.com\/it\/#\/schema\/logo\/image\/","url":"https:\/\/www.monaco-tribune.com\/wp-content\/uploads\/2022\/11\/logo-monaco-tribune.png","contentUrl":"https:\/\/www.monaco-tribune.com\/wp-content\/uploads\/2022\/11\/logo-monaco-tribune.png","width":1548,"height":600,"caption":"Monaco Tribune"},"image":{"@id":"https:\/\/www.monaco-tribune.com\/it\/#\/schema\/logo\/image\/"},"sameAs":["https:\/\/www.facebook.com\/MonacoTribune","https:\/\/x.com\/MonacoTribune","https:\/\/www.instagram.com\/monacotribune\/","https:\/\/www.linkedin.com\/company\/monaco-tribune","https:\/\/www.youtube.com\/channel\/UCHle1MnG6hw1y4lWKijVbMA"]},{"@type":"Person","@id":"https:\/\/www.monaco-tribune.com\/it\/#\/schema\/person\/c8eeb5e36b6ed3782736273e5eb7d764","name":"Josepha Toquereau","image":{"@type":"ImageObject","inLanguage":"it-IT","@id":"https:\/\/secure.gravatar.com\/avatar\/3e06e87605717b00d3b9743f79fca038480454ef05226ef9de5dfa9577c3363f?s=96&d=mm&r=g","url":"https:\/\/secure.gravatar.com\/avatar\/3e06e87605717b00d3b9743f79fca038480454ef05226ef9de5dfa9577c3363f?s=96&d=mm&r=g","contentUrl":"https:\/\/secure.gravatar.com\/avatar\/3e06e87605717b00d3b9743f79fca038480454ef05226ef9de5dfa9577c3363f?s=96&d=mm&r=g","caption":"Josepha Toquereau"},"url":"https:\/\/www.monaco-tribune.com\/it\/author\/josephatoquereau\/"}]}},"_links":{"self":[{"href":"https:\/\/www.monaco-tribune.com\/it\/wp-json\/wp\/v2\/posts\/99244","targetHints":{"allow":["GET"]}}],"collection":[{"href":"https:\/\/www.monaco-tribune.com\/it\/wp-json\/wp\/v2\/posts"}],"about":[{"href":"https:\/\/www.monaco-tribune.com\/it\/wp-json\/wp\/v2\/types\/post"}],"author":[{"embeddable":true,"href":"https:\/\/www.monaco-tribune.com\/it\/wp-json\/wp\/v2\/users\/57"}],"replies":[{"embeddable":true,"href":"https:\/\/www.monaco-tribune.com\/it\/wp-json\/wp\/v2\/comments?post=99244"}],"version-history":[{"count":0,"href":"https:\/\/www.monaco-tribune.com\/it\/wp-json\/wp\/v2\/posts\/99244\/revisions"}],"wp:featuredmedia":[{"embeddable":true,"href":"https:\/\/www.monaco-tribune.com\/it\/wp-json\/wp\/v2\/media\/23366"}],"wp:attachment":[{"href":"https:\/\/www.monaco-tribune.com\/it\/wp-json\/wp\/v2\/media?parent=99244"}],"wp:term":[{"taxonomy":"category","embeddable":true,"href":"https:\/\/www.monaco-tribune.com\/it\/wp-json\/wp\/v2\/categories?post=99244"},{"taxonomy":"post_tag","embeddable":true,"href":"https:\/\/www.monaco-tribune.com\/it\/wp-json\/wp\/v2\/tags?post=99244"},{"taxonomy":"sectag","embeddable":true,"href":"https:\/\/www.monaco-tribune.com\/it\/wp-json\/wp\/v2\/post_sectags?post=99244"},{"taxonomy":"format","embeddable":true,"href":"https:\/\/www.monaco-tribune.com\/it\/wp-json\/wp\/v2\/post_format?post=99244"}],"curies":[{"name":"wp","href":"https:\/\/api.w.org\/{rel}","templated":true}]}}