{"id":99627,"date":"2021-11-12T18:26:21","date_gmt":"2021-11-12T17:26:21","guid":{"rendered":"https:\/\/www.monaco-tribune.com\/2021\/11\/campagna-anti-spreco-commemorazione-dell11-novembre-imsee-le-principali-notizie-di-questo-venerdi\/"},"modified":"2021-11-12T18:27:12","modified_gmt":"2021-11-12T17:27:12","slug":"campagna-anti-spreco-commemorazione-dell11-novembre-imsee-le-principali-notizie-di-questo-venerdi","status":"publish","type":"post","link":"https:\/\/www.monaco-tribune.com\/it\/2021\/11\/campagna-anti-spreco-commemorazione-dell11-novembre-imsee-le-principali-notizie-di-questo-venerdi\/","title":{"rendered":"Campagna anti spreco, commemorazione dell&#8217;11 novembre, IMSEE&#8230; Le principali notizie di questo venerd\u00ec"},"content":{"rendered":"\n<p><strong>Un riepilogo delle notizie pi\u00f9 importanti di venerd\u00ec 12 novembre 2021.<\/strong><\/p>\n\n\n\n<p><strong>Il ristorante Stars&#8217;n&#8217;Bars premiato per la sua campagna anti spreco\u00a0<\/strong>&#8211; Il famoso ristorante monegasco ha ricevuto il premio &#8220;National Energy Globe Award&#8221; per la sua partecipazione alla Settimana europea della riduzione dei rifiuti 2020. Il premio \u00e8 stato annunciato luned\u00ec 8 novembre, in occasione del summit mondiale sul clima COP26 a Glasgow, e premia i sette poster, creativi e ironici, creati dal ristorante per incoraggiare gli abitanti di Monaco a ridurre i rifiuti di tutti i giorni.<\/p>\n\n\n\n<p><strong>Commemorazione dell&#8217;11 novembre nel Principato<\/strong> &#8211; Questo gioved\u00ec, la <em>Maison de France<\/em> e il suo Segretario generale Pierre Bri\u00e8re hanno accolto diverse personalit\u00e0 per commemorare l&#8217;Armistizio dell&#8217;11 novembre 1918. Anche se Monaco non ha partecipato alla Prima Guerra Mondiale, il principe Louis entr\u00f2 volontariamente nell&#8217;esercito francese nel 1914. La Presidentessa della Federazione dei Gruppi francesi di Monaco, Danielle Merlino, ha ricordato l&#8217;importanza di questa commemorazione, senza dimenticare di citare i problemi che il mondo sta affrontando oggi, per esempio il riscaldamento globale. L&#8217;ambasciatore di Francia a Monaco, Laurent St\u00e9fani, ha inoltre reso omaggio ai volontari monegaschi che hanno partecipato al conflitto nonostante la neutralit\u00e0 del Principato.<\/p>\n\n\n\n<p><strong>Alexandre Bubbio prende le redini dell&#8217;IMSEE&nbsp;<\/strong>&#8211; Nominato con ordinanza sovrana pubblicata sul <em>Journal de Monaco<\/em>, Alexandre Bubbio ha preso il comando dell&#8217;Istituto, in sostituzione di Sophie Vincent, ora direttrice delle risorse umane della Soci\u00e9t\u00e9 des Bains de Mer. Dal 2013, Alexandre Bubbio \u00e8 stato capodivisione all&#8217;interno dell&#8217;<a href=\"https:\/\/www.monaco-tribune.com\/it\/2021\/09\/nuovo-rapporto-economico-dellimsee-leconomia-del-principato-e-in-ascesa\/\">IMSEE<\/a>.<\/p>\n\n\n\n<p><strong>Il Centro Scientifico di Monaco si unir\u00e0 presto a una rete di virologi internazionale<\/strong> &#8211; Il 2 e il 3 dicembre, il <a href=\"https:\/\/www.monaco-tribune.com\/it\/2021\/09\/intervista-a-denis-allemand-da-20-anni-a-capo-del-centro-scientifico-di-monaco\/\">Centro Scientifico di Monaco<\/a> (CSM) ospiter\u00e0 un simposio internazionale insieme ad altre grandi istituzioni, come la Fondazione Principe Alberto II. I dibattiti verteranno su sei tematiche, tutte legate all&#8217;emergenza sanitaria. Le istituzioni presenti dovranno a turno raccontare la loro esperienza nelle modalit\u00e0 di screening del virus.<\/p>\n","protected":false},"excerpt":{"rendered":"<p>Un riepilogo delle notizie pi\u00f9 importanti di venerd\u00ec 12 novembre 2021. Il ristorante Stars&#8217;n&#8217;Bars premiato per la sua campagna anti [&hellip;]<\/p>\n","protected":false},"author":60,"featured_media":99472,"comment_status":"closed","ping_status":"closed","sticky":false,"template":"","format":"standard","meta":{"_acf_changed":false,"footnotes":""},"categories":[1738,1752],"tags":[],"post_sectags":[],"post_format":[2478],"class_list":["post-99627","post","type-post","status-publish","format-standard","has-post-thumbnail","hentry","category-notizie","category-societa","format-notizia"],"acf":[],"yoast_head":"<!-- This site is optimized with the Yoast SEO Premium plugin v26.8 (Yoast SEO v27.4) - https:\/\/yoast.com\/product\/yoast-seo-premium-wordpress\/ -->\n<title>Campagna anti spreco, commemorazione dell&#039;11 novembre, IMSEE... Le principali notizie di questo venerd\u00ec<\/title>\n<meta name=\"description\" content=\"Un riepilogo delle notizie pi\u00f9 importanti di venerd\u00ec 12 novembre 2021. Il ristorante Stars&#039;n&#039;Bars premiato per la sua campagna anti spreco\u00a0- Il famoso\" \/>\n<meta name=\"robots\" content=\"index, follow, max-snippet:-1, max-image-preview:large, max-video-preview:-1\" \/>\n<link rel=\"canonical\" href=\"https:\/\/www.monaco-tribune.com\/it\/2021\/11\/campagna-anti-spreco-commemorazione-dell11-novembre-imsee-le-principali-notizie-di-questo-venerdi\/\" \/>\n<meta property=\"og:locale\" content=\"it_IT\" \/>\n<meta property=\"og:type\" content=\"article\" \/>\n<meta property=\"og:title\" content=\"Campagna anti spreco, commemorazione dell&#039;11 novembre, IMSEE... Le principali notizie di questo venerd\u00ec - Monaco Tribune\" \/>\n<meta property=\"og:description\" content=\"Un riepilogo delle notizie pi\u00f9 importanti di venerd\u00ec 12 novembre 2021. Il ristorante Stars&#039;n&#039;Bars premiato per la sua campagna anti spreco\u00a0- Il famoso\" \/>\n<meta property=\"og:url\" content=\"https:\/\/www.monaco-tribune.com\/it\/2021\/11\/campagna-anti-spreco-commemorazione-dell11-novembre-imsee-le-principali-notizie-di-questo-venerdi\/\" \/>\n<meta property=\"og:site_name\" content=\"Monaco Tribune\" \/>\n<meta property=\"article:publisher\" content=\"https:\/\/www.facebook.com\/MonacoTribune\" \/>\n<meta property=\"article:published_time\" content=\"2021-11-12T17:26:21+00:00\" \/>\n<meta property=\"article:modified_time\" content=\"2021-11-12T17:27:12+00:00\" \/>\n<meta property=\"og:image\" content=\"https:\/\/www.monaco-tribune.com\/wp-content\/uploads\/2021\/11\/stars-n-bar-1-1.png\" \/>\n\t<meta property=\"og:image:width\" content=\"1198\" \/>\n\t<meta property=\"og:image:height\" content=\"805\" \/>\n\t<meta property=\"og:image:type\" content=\"image\/png\" \/>\n<meta name=\"author\" content=\"Camille Esteve\" \/>\n<meta name=\"twitter:card\" content=\"summary_large_image\" \/>\n<meta name=\"twitter:creator\" content=\"@MonacoTribune\" \/>\n<meta name=\"twitter:site\" content=\"@MonacoTribune\" \/>\n<script type=\"application\/ld+json\" class=\"yoast-schema-graph\">{\"@context\":\"https:\\\/\\\/schema.org\",\"@graph\":[{\"@type\":\"NewsArticle\",\"@id\":\"https:\\\/\\\/www.monaco-tribune.com\\\/it\\\/2021\\\/11\\\/campagna-anti-spreco-commemorazione-dell11-novembre-imsee-le-principali-notizie-di-questo-venerdi\\\/#article\",\"isPartOf\":{\"@id\":\"https:\\\/\\\/www.monaco-tribune.com\\\/it\\\/2021\\\/11\\\/campagna-anti-spreco-commemorazione-dell11-novembre-imsee-le-principali-notizie-di-questo-venerdi\\\/\"},\"author\":{\"name\":\"Camille Esteve\",\"@id\":\"https:\\\/\\\/www.monaco-tribune.com\\\/it\\\/#\\\/schema\\\/person\\\/a855d420fff4d03637641d60b93ac62e\"},\"headline\":\"Campagna anti spreco, commemorazione dell&#8217;11 novembre, IMSEE&#8230; Le principali notizie di questo venerd\u00ec\",\"datePublished\":\"2021-11-12T17:26:21+00:00\",\"dateModified\":\"2021-11-12T17:27:12+00:00\",\"mainEntityOfPage\":{\"@id\":\"https:\\\/\\\/www.monaco-tribune.com\\\/it\\\/2021\\\/11\\\/campagna-anti-spreco-commemorazione-dell11-novembre-imsee-le-principali-notizie-di-questo-venerdi\\\/\"},\"wordCount\":328,\"publisher\":{\"@id\":\"https:\\\/\\\/www.monaco-tribune.com\\\/it\\\/#organization\"},\"image\":{\"@id\":\"https:\\\/\\\/www.monaco-tribune.com\\\/it\\\/2021\\\/11\\\/campagna-anti-spreco-commemorazione-dell11-novembre-imsee-le-principali-notizie-di-questo-venerdi\\\/#primaryimage\"},\"thumbnailUrl\":\"https:\\\/\\\/www.monaco-tribune.com\\\/wp-content\\\/uploads\\\/2021\\\/11\\\/stars-n-bar-1-1.png\",\"articleSection\":[\"Notizie\",\"Societ\u00e0\"],\"inLanguage\":\"it-IT\",\"copyrightYear\":\"2021\",\"copyrightHolder\":{\"@id\":\"https:\\\/\\\/www.monaco-tribune.com\\\/#organization\"}},{\"@type\":\"WebPage\",\"@id\":\"https:\\\/\\\/www.monaco-tribune.com\\\/it\\\/2021\\\/11\\\/campagna-anti-spreco-commemorazione-dell11-novembre-imsee-le-principali-notizie-di-questo-venerdi\\\/\",\"url\":\"https:\\\/\\\/www.monaco-tribune.com\\\/it\\\/2021\\\/11\\\/campagna-anti-spreco-commemorazione-dell11-novembre-imsee-le-principali-notizie-di-questo-venerdi\\\/\",\"name\":\"Campagna anti spreco, commemorazione dell'11 novembre, IMSEE... Le principali notizie di questo venerd\u00ec\",\"isPartOf\":{\"@id\":\"https:\\\/\\\/www.monaco-tribune.com\\\/it\\\/#website\"},\"primaryImageOfPage\":{\"@id\":\"https:\\\/\\\/www.monaco-tribune.com\\\/it\\\/2021\\\/11\\\/campagna-anti-spreco-commemorazione-dell11-novembre-imsee-le-principali-notizie-di-questo-venerdi\\\/#primaryimage\"},\"image\":{\"@id\":\"https:\\\/\\\/www.monaco-tribune.com\\\/it\\\/2021\\\/11\\\/campagna-anti-spreco-commemorazione-dell11-novembre-imsee-le-principali-notizie-di-questo-venerdi\\\/#primaryimage\"},\"thumbnailUrl\":\"https:\\\/\\\/www.monaco-tribune.com\\\/wp-content\\\/uploads\\\/2021\\\/11\\\/stars-n-bar-1-1.png\",\"datePublished\":\"2021-11-12T17:26:21+00:00\",\"dateModified\":\"2021-11-12T17:27:12+00:00\",\"description\":\"Un riepilogo delle notizie pi\u00f9 importanti di venerd\u00ec 12 novembre 2021. Il ristorante Stars'n'Bars premiato per la sua campagna anti spreco\u00a0- Il famoso\",\"breadcrumb\":{\"@id\":\"https:\\\/\\\/www.monaco-tribune.com\\\/it\\\/2021\\\/11\\\/campagna-anti-spreco-commemorazione-dell11-novembre-imsee-le-principali-notizie-di-questo-venerdi\\\/#breadcrumb\"},\"inLanguage\":\"it-IT\",\"potentialAction\":[{\"@type\":\"ReadAction\",\"target\":[\"https:\\\/\\\/www.monaco-tribune.com\\\/it\\\/2021\\\/11\\\/campagna-anti-spreco-commemorazione-dell11-novembre-imsee-le-principali-notizie-di-questo-venerdi\\\/\"]}]},{\"@type\":\"ImageObject\",\"inLanguage\":\"it-IT\",\"@id\":\"https:\\\/\\\/www.monaco-tribune.com\\\/it\\\/2021\\\/11\\\/campagna-anti-spreco-commemorazione-dell11-novembre-imsee-le-principali-notizie-di-questo-venerdi\\\/#primaryimage\",\"url\":\"https:\\\/\\\/www.monaco-tribune.com\\\/wp-content\\\/uploads\\\/2021\\\/11\\\/stars-n-bar-1-1.png\",\"contentUrl\":\"https:\\\/\\\/www.monaco-tribune.com\\\/wp-content\\\/uploads\\\/2021\\\/11\\\/stars-n-bar-1-1.png\",\"width\":1198,\"height\":805,\"caption\":\"Restaurant Stars'N'Bars\"},{\"@type\":\"BreadcrumbList\",\"@id\":\"https:\\\/\\\/www.monaco-tribune.com\\\/it\\\/2021\\\/11\\\/campagna-anti-spreco-commemorazione-dell11-novembre-imsee-le-principali-notizie-di-questo-venerdi\\\/#breadcrumb\",\"itemListElement\":[{\"@type\":\"ListItem\",\"position\":1,\"name\":\"Accueil\",\"item\":\"https:\\\/\\\/www.monaco-tribune.com\\\/it\\\/\"},{\"@type\":\"ListItem\",\"position\":2,\"name\":\"Campagna anti spreco, commemorazione dell&rsquo;11 novembre, IMSEE&#8230; Le principali notizie di questo venerd\u00ec\"}]},{\"@type\":\"WebSite\",\"@id\":\"https:\\\/\\\/www.monaco-tribune.com\\\/it\\\/#website\",\"url\":\"https:\\\/\\\/www.monaco-tribune.com\\\/it\\\/\",\"name\":\"Monaco Tribune\",\"description\":\"Monaco : actualit\u00e9s \u00e9conomiques, politiques, culturelles et sportives de Monaco et de la French Riviera.\",\"publisher\":{\"@id\":\"https:\\\/\\\/www.monaco-tribune.com\\\/it\\\/#organization\"},\"potentialAction\":[{\"@type\":\"SearchAction\",\"target\":{\"@type\":\"EntryPoint\",\"urlTemplate\":\"https:\\\/\\\/www.monaco-tribune.com\\\/it\\\/?s={search_term_string}\"},\"query-input\":{\"@type\":\"PropertyValueSpecification\",\"valueRequired\":true,\"valueName\":\"search_term_string\"}}],\"inLanguage\":\"it-IT\"},{\"@type\":\"Organization\",\"@id\":\"https:\\\/\\\/www.monaco-tribune.com\\\/it\\\/#organization\",\"name\":\"Monaco Tribune\",\"url\":\"https:\\\/\\\/www.monaco-tribune.com\\\/it\\\/\",\"logo\":{\"@type\":\"ImageObject\",\"inLanguage\":\"it-IT\",\"@id\":\"https:\\\/\\\/www.monaco-tribune.com\\\/it\\\/#\\\/schema\\\/logo\\\/image\\\/\",\"url\":\"https:\\\/\\\/www.monaco-tribune.com\\\/wp-content\\\/uploads\\\/2022\\\/11\\\/logo-monaco-tribune.png\",\"contentUrl\":\"https:\\\/\\\/www.monaco-tribune.com\\\/wp-content\\\/uploads\\\/2022\\\/11\\\/logo-monaco-tribune.png\",\"width\":1548,\"height\":600,\"caption\":\"Monaco Tribune\"},\"image\":{\"@id\":\"https:\\\/\\\/www.monaco-tribune.com\\\/it\\\/#\\\/schema\\\/logo\\\/image\\\/\"},\"sameAs\":[\"https:\\\/\\\/www.facebook.com\\\/MonacoTribune\",\"https:\\\/\\\/x.com\\\/MonacoTribune\",\"https:\\\/\\\/www.instagram.com\\\/monacotribune\\\/\",\"https:\\\/\\\/www.linkedin.com\\\/company\\\/monaco-tribune\",\"https:\\\/\\\/www.youtube.com\\\/channel\\\/UCHle1MnG6hw1y4lWKijVbMA\"]},{\"@type\":\"Person\",\"@id\":\"https:\\\/\\\/www.monaco-tribune.com\\\/it\\\/#\\\/schema\\\/person\\\/a855d420fff4d03637641d60b93ac62e\",\"name\":\"Camille Esteve\",\"image\":{\"@type\":\"ImageObject\",\"inLanguage\":\"it-IT\",\"@id\":\"https:\\\/\\\/secure.gravatar.com\\\/avatar\\\/eaaa2355a7bb56c0018a391c20a55bf9b4690e3f493231dd850e612bfa6ce161?s=96&d=mm&r=g\",\"url\":\"https:\\\/\\\/secure.gravatar.com\\\/avatar\\\/eaaa2355a7bb56c0018a391c20a55bf9b4690e3f493231dd850e612bfa6ce161?s=96&d=mm&r=g\",\"contentUrl\":\"https:\\\/\\\/secure.gravatar.com\\\/avatar\\\/eaaa2355a7bb56c0018a391c20a55bf9b4690e3f493231dd850e612bfa6ce161?s=96&d=mm&r=g\",\"caption\":\"Camille Esteve\"},\"url\":\"https:\\\/\\\/www.monaco-tribune.com\\\/it\\\/author\\\/camilleesteve\\\/\"}]}<\/script>\n<!-- \/ Yoast SEO Premium plugin. -->","yoast_head_json":{"title":"Campagna anti spreco, commemorazione dell'11 novembre, IMSEE... Le principali notizie di questo venerd\u00ec","description":"Un riepilogo delle notizie pi\u00f9 importanti di venerd\u00ec 12 novembre 2021. Il ristorante Stars'n'Bars premiato per la sua campagna anti spreco\u00a0- Il famoso","robots":{"index":"index","follow":"follow","max-snippet":"max-snippet:-1","max-image-preview":"max-image-preview:large","max-video-preview":"max-video-preview:-1"},"canonical":"https:\/\/www.monaco-tribune.com\/it\/2021\/11\/campagna-anti-spreco-commemorazione-dell11-novembre-imsee-le-principali-notizie-di-questo-venerdi\/","og_locale":"it_IT","og_type":"article","og_title":"Campagna anti spreco, commemorazione dell'11 novembre, IMSEE... Le principali notizie di questo venerd\u00ec - Monaco Tribune","og_description":"Un riepilogo delle notizie pi\u00f9 importanti di venerd\u00ec 12 novembre 2021. Il ristorante Stars'n'Bars premiato per la sua campagna anti spreco\u00a0- Il famoso","og_url":"https:\/\/www.monaco-tribune.com\/it\/2021\/11\/campagna-anti-spreco-commemorazione-dell11-novembre-imsee-le-principali-notizie-di-questo-venerdi\/","og_site_name":"Monaco Tribune","article_publisher":"https:\/\/www.facebook.com\/MonacoTribune","article_published_time":"2021-11-12T17:26:21+00:00","article_modified_time":"2021-11-12T17:27:12+00:00","og_image":[{"width":1198,"height":805,"url":"https:\/\/www.monaco-tribune.com\/wp-content\/uploads\/2021\/11\/stars-n-bar-1-1.png","type":"image\/png"}],"author":"Camille Esteve","twitter_card":"summary_large_image","twitter_creator":"@MonacoTribune","twitter_site":"@MonacoTribune","schema":{"@context":"https:\/\/schema.org","@graph":[{"@type":"NewsArticle","@id":"https:\/\/www.monaco-tribune.com\/it\/2021\/11\/campagna-anti-spreco-commemorazione-dell11-novembre-imsee-le-principali-notizie-di-questo-venerdi\/#article","isPartOf":{"@id":"https:\/\/www.monaco-tribune.com\/it\/2021\/11\/campagna-anti-spreco-commemorazione-dell11-novembre-imsee-le-principali-notizie-di-questo-venerdi\/"},"author":{"name":"Camille Esteve","@id":"https:\/\/www.monaco-tribune.com\/it\/#\/schema\/person\/a855d420fff4d03637641d60b93ac62e"},"headline":"Campagna anti spreco, commemorazione dell&#8217;11 novembre, IMSEE&#8230; Le principali notizie di questo venerd\u00ec","datePublished":"2021-11-12T17:26:21+00:00","dateModified":"2021-11-12T17:27:12+00:00","mainEntityOfPage":{"@id":"https:\/\/www.monaco-tribune.com\/it\/2021\/11\/campagna-anti-spreco-commemorazione-dell11-novembre-imsee-le-principali-notizie-di-questo-venerdi\/"},"wordCount":328,"publisher":{"@id":"https:\/\/www.monaco-tribune.com\/it\/#organization"},"image":{"@id":"https:\/\/www.monaco-tribune.com\/it\/2021\/11\/campagna-anti-spreco-commemorazione-dell11-novembre-imsee-le-principali-notizie-di-questo-venerdi\/#primaryimage"},"thumbnailUrl":"https:\/\/www.monaco-tribune.com\/wp-content\/uploads\/2021\/11\/stars-n-bar-1-1.png","articleSection":["Notizie","Societ\u00e0"],"inLanguage":"it-IT","copyrightYear":"2021","copyrightHolder":{"@id":"https:\/\/www.monaco-tribune.com\/#organization"}},{"@type":"WebPage","@id":"https:\/\/www.monaco-tribune.com\/it\/2021\/11\/campagna-anti-spreco-commemorazione-dell11-novembre-imsee-le-principali-notizie-di-questo-venerdi\/","url":"https:\/\/www.monaco-tribune.com\/it\/2021\/11\/campagna-anti-spreco-commemorazione-dell11-novembre-imsee-le-principali-notizie-di-questo-venerdi\/","name":"Campagna anti spreco, commemorazione dell'11 novembre, IMSEE... Le principali notizie di questo venerd\u00ec","isPartOf":{"@id":"https:\/\/www.monaco-tribune.com\/it\/#website"},"primaryImageOfPage":{"@id":"https:\/\/www.monaco-tribune.com\/it\/2021\/11\/campagna-anti-spreco-commemorazione-dell11-novembre-imsee-le-principali-notizie-di-questo-venerdi\/#primaryimage"},"image":{"@id":"https:\/\/www.monaco-tribune.com\/it\/2021\/11\/campagna-anti-spreco-commemorazione-dell11-novembre-imsee-le-principali-notizie-di-questo-venerdi\/#primaryimage"},"thumbnailUrl":"https:\/\/www.monaco-tribune.com\/wp-content\/uploads\/2021\/11\/stars-n-bar-1-1.png","datePublished":"2021-11-12T17:26:21+00:00","dateModified":"2021-11-12T17:27:12+00:00","description":"Un riepilogo delle notizie pi\u00f9 importanti di venerd\u00ec 12 novembre 2021. Il ristorante Stars'n'Bars premiato per la sua campagna anti spreco\u00a0- Il famoso","breadcrumb":{"@id":"https:\/\/www.monaco-tribune.com\/it\/2021\/11\/campagna-anti-spreco-commemorazione-dell11-novembre-imsee-le-principali-notizie-di-questo-venerdi\/#breadcrumb"},"inLanguage":"it-IT","potentialAction":[{"@type":"ReadAction","target":["https:\/\/www.monaco-tribune.com\/it\/2021\/11\/campagna-anti-spreco-commemorazione-dell11-novembre-imsee-le-principali-notizie-di-questo-venerdi\/"]}]},{"@type":"ImageObject","inLanguage":"it-IT","@id":"https:\/\/www.monaco-tribune.com\/it\/2021\/11\/campagna-anti-spreco-commemorazione-dell11-novembre-imsee-le-principali-notizie-di-questo-venerdi\/#primaryimage","url":"https:\/\/www.monaco-tribune.com\/wp-content\/uploads\/2021\/11\/stars-n-bar-1-1.png","contentUrl":"https:\/\/www.monaco-tribune.com\/wp-content\/uploads\/2021\/11\/stars-n-bar-1-1.png","width":1198,"height":805,"caption":"Restaurant Stars'N'Bars"},{"@type":"BreadcrumbList","@id":"https:\/\/www.monaco-tribune.com\/it\/2021\/11\/campagna-anti-spreco-commemorazione-dell11-novembre-imsee-le-principali-notizie-di-questo-venerdi\/#breadcrumb","itemListElement":[{"@type":"ListItem","position":1,"name":"Accueil","item":"https:\/\/www.monaco-tribune.com\/it\/"},{"@type":"ListItem","position":2,"name":"Campagna anti spreco, commemorazione dell&rsquo;11 novembre, IMSEE&#8230; Le principali notizie di questo venerd\u00ec"}]},{"@type":"WebSite","@id":"https:\/\/www.monaco-tribune.com\/it\/#website","url":"https:\/\/www.monaco-tribune.com\/it\/","name":"Monaco Tribune","description":"Monaco : actualit\u00e9s \u00e9conomiques, politiques, culturelles et sportives de Monaco et de la French Riviera.","publisher":{"@id":"https:\/\/www.monaco-tribune.com\/it\/#organization"},"potentialAction":[{"@type":"SearchAction","target":{"@type":"EntryPoint","urlTemplate":"https:\/\/www.monaco-tribune.com\/it\/?s={search_term_string}"},"query-input":{"@type":"PropertyValueSpecification","valueRequired":true,"valueName":"search_term_string"}}],"inLanguage":"it-IT"},{"@type":"Organization","@id":"https:\/\/www.monaco-tribune.com\/it\/#organization","name":"Monaco Tribune","url":"https:\/\/www.monaco-tribune.com\/it\/","logo":{"@type":"ImageObject","inLanguage":"it-IT","@id":"https:\/\/www.monaco-tribune.com\/it\/#\/schema\/logo\/image\/","url":"https:\/\/www.monaco-tribune.com\/wp-content\/uploads\/2022\/11\/logo-monaco-tribune.png","contentUrl":"https:\/\/www.monaco-tribune.com\/wp-content\/uploads\/2022\/11\/logo-monaco-tribune.png","width":1548,"height":600,"caption":"Monaco Tribune"},"image":{"@id":"https:\/\/www.monaco-tribune.com\/it\/#\/schema\/logo\/image\/"},"sameAs":["https:\/\/www.facebook.com\/MonacoTribune","https:\/\/x.com\/MonacoTribune","https:\/\/www.instagram.com\/monacotribune\/","https:\/\/www.linkedin.com\/company\/monaco-tribune","https:\/\/www.youtube.com\/channel\/UCHle1MnG6hw1y4lWKijVbMA"]},{"@type":"Person","@id":"https:\/\/www.monaco-tribune.com\/it\/#\/schema\/person\/a855d420fff4d03637641d60b93ac62e","name":"Camille Esteve","image":{"@type":"ImageObject","inLanguage":"it-IT","@id":"https:\/\/secure.gravatar.com\/avatar\/eaaa2355a7bb56c0018a391c20a55bf9b4690e3f493231dd850e612bfa6ce161?s=96&d=mm&r=g","url":"https:\/\/secure.gravatar.com\/avatar\/eaaa2355a7bb56c0018a391c20a55bf9b4690e3f493231dd850e612bfa6ce161?s=96&d=mm&r=g","contentUrl":"https:\/\/secure.gravatar.com\/avatar\/eaaa2355a7bb56c0018a391c20a55bf9b4690e3f493231dd850e612bfa6ce161?s=96&d=mm&r=g","caption":"Camille Esteve"},"url":"https:\/\/www.monaco-tribune.com\/it\/author\/camilleesteve\/"}]}},"_links":{"self":[{"href":"https:\/\/www.monaco-tribune.com\/it\/wp-json\/wp\/v2\/posts\/99627","targetHints":{"allow":["GET"]}}],"collection":[{"href":"https:\/\/www.monaco-tribune.com\/it\/wp-json\/wp\/v2\/posts"}],"about":[{"href":"https:\/\/www.monaco-tribune.com\/it\/wp-json\/wp\/v2\/types\/post"}],"author":[{"embeddable":true,"href":"https:\/\/www.monaco-tribune.com\/it\/wp-json\/wp\/v2\/users\/60"}],"replies":[{"embeddable":true,"href":"https:\/\/www.monaco-tribune.com\/it\/wp-json\/wp\/v2\/comments?post=99627"}],"version-history":[{"count":0,"href":"https:\/\/www.monaco-tribune.com\/it\/wp-json\/wp\/v2\/posts\/99627\/revisions"}],"wp:featuredmedia":[{"embeddable":true,"href":"https:\/\/www.monaco-tribune.com\/it\/wp-json\/wp\/v2\/media\/99472"}],"wp:attachment":[{"href":"https:\/\/www.monaco-tribune.com\/it\/wp-json\/wp\/v2\/media?parent=99627"}],"wp:term":[{"taxonomy":"category","embeddable":true,"href":"https:\/\/www.monaco-tribune.com\/it\/wp-json\/wp\/v2\/categories?post=99627"},{"taxonomy":"post_tag","embeddable":true,"href":"https:\/\/www.monaco-tribune.com\/it\/wp-json\/wp\/v2\/tags?post=99627"},{"taxonomy":"sectag","embeddable":true,"href":"https:\/\/www.monaco-tribune.com\/it\/wp-json\/wp\/v2\/post_sectags?post=99627"},{"taxonomy":"format","embeddable":true,"href":"https:\/\/www.monaco-tribune.com\/it\/wp-json\/wp\/v2\/post_format?post=99627"}],"curies":[{"name":"wp","href":"https:\/\/api.w.org\/{rel}","templated":true}]}}