{"id":99936,"date":"2021-11-16T17:10:09","date_gmt":"2021-11-16T16:10:09","guid":{"rendered":"https:\/\/www.monaco-tribune.com\/2021\/11\/presentazione-del-volume-5-del-manga-blitz-alla-biblioteca-principessa-caroline\/"},"modified":"2021-11-16T17:28:22","modified_gmt":"2021-11-16T16:28:22","slug":"presentazione-del-volume-5-del-manga-blitz-alla-biblioteca-principessa-caroline","status":"publish","type":"post","link":"https:\/\/www.monaco-tribune.com\/it\/2021\/11\/presentazione-del-volume-5-del-manga-blitz-alla-biblioteca-principessa-caroline\/","title":{"rendered":"Presentazione del volume 5 del manga Blitz alla biblioteca Principessa Caroline"},"content":{"rendered":"\n<p><b>Il 10 novembre scorso, presso la biblioteca, sono state proposte diverse attivit\u00e0 educative e ludiche legate al mondo dei manga e degli scacchi.<\/b><\/p>\n\n<p>Laboratori di disegno manga, di scacchi e di intuizione per i lettori di Blitz che si sono ritrovati presso la biblioteca Principessa Caroline il 10 novembre in occasione del lancio del quinto volume del manga di C\u00e9dric Biscay. Anche l&#8217;autore era presente all&#8217;evento, in compagnia di Alexis Champion, esperto di intuizione, di Pierre Villegas, istruttore di scacchi e di R\u00e9gis Pulisciano, disegnatore di manga. <\/p>\n\n<p>Tutti e tre hanno incontrato i fan, rispondendo alle loro domande e condividendo con il pubblico la passione e il talento che li caratterizza. La giornata si \u00e8 conclusa con l&#8217;opportunit\u00e0 di farsi autografare il libro dall&#8217;autore, C\u00e9dric Biscay: i giovani lettori sono tornati a casa con una copia con firma e dedica del quinto volume, due giorni prima dell&#8217;uscita nazionale nelle librerie che \u00e8 avvenuta il 12 novembre.<\/p>\n\n<figure class=\"wp-block-gallery aligncenter columns-1 is-cropped wp-block-gallery-1 is-layout-flex wp-block-gallery-is-layout-flex\"><ul class=\"blocks-gallery-grid\"><li class=\"blocks-gallery-item\"><figure><img loading=\"lazy\" decoding=\"async\" width=\"1024\" height=\"1024\" src=\"https:\/\/www.monaco-tribune.com\/wp-content\/uploads\/2021\/11\/img_1517-1024x1024.jpeg\" alt=\"Blitz\" data-id=\"99596\" data-full-url=\"https:\/\/www.monaco-tribune.com\/wp-content\/uploads\/2021\/11\/img_1517.jpeg\" data-link=\"https:\/\/www.monaco-tribune.com\/?attachment_id=99596\" class=\"wp-image-99598\" srcset=\"https:\/\/www.monaco-tribune.com\/wp-content\/uploads\/2021\/11\/img_1517-1024x1024.jpeg 1024w, https:\/\/www.monaco-tribune.com\/wp-content\/uploads\/2021\/11\/img_1517-300x300.jpeg 300w, https:\/\/www.monaco-tribune.com\/wp-content\/uploads\/2021\/11\/img_1517-150x150.jpeg 150w, https:\/\/www.monaco-tribune.com\/wp-content\/uploads\/2021\/11\/img_1517-768x768.jpeg 768w, https:\/\/www.monaco-tribune.com\/wp-content\/uploads\/2021\/11\/img_1517-175x175.jpeg 175w, https:\/\/www.monaco-tribune.com\/wp-content\/uploads\/2021\/11\/img_1517.jpeg 1200w\" sizes=\"auto, (max-width: 1024px) 100vw, 1024px\" \/><figcaption class=\"blocks-gallery-item__caption\"><em>\u00a9 IWA \/ Shibuya Productions<\/em><\/figcaption><\/figure><\/li><li class=\"blocks-gallery-item\"><figure><img loading=\"lazy\" decoding=\"async\" width=\"1024\" height=\"1024\" src=\"https:\/\/www.monaco-tribune.com\/wp-content\/uploads\/2021\/11\/img_1544-1024x1024.jpeg\" alt=\"Blitz\" data-id=\"99600\" data-full-url=\"https:\/\/www.monaco-tribune.com\/wp-content\/uploads\/2021\/11\/img_1544.jpeg\" data-link=\"https:\/\/www.monaco-tribune.com\/?attachment_id=99600\" class=\"wp-image-99602\" srcset=\"https:\/\/www.monaco-tribune.com\/wp-content\/uploads\/2021\/11\/img_1544-1024x1024.jpeg 1024w, https:\/\/www.monaco-tribune.com\/wp-content\/uploads\/2021\/11\/img_1544-300x300.jpeg 300w, https:\/\/www.monaco-tribune.com\/wp-content\/uploads\/2021\/11\/img_1544-150x150.jpeg 150w, https:\/\/www.monaco-tribune.com\/wp-content\/uploads\/2021\/11\/img_1544-768x768.jpeg 768w, https:\/\/www.monaco-tribune.com\/wp-content\/uploads\/2021\/11\/img_1544-175x175.jpeg 175w, https:\/\/www.monaco-tribune.com\/wp-content\/uploads\/2021\/11\/img_1544.jpeg 1200w\" sizes=\"auto, (max-width: 1024px) 100vw, 1024px\" \/><figcaption class=\"blocks-gallery-item__caption\"><em>\u00a9 IWA \/ Shibuya Productions<\/em><\/figcaption><\/figure><\/li><li class=\"blocks-gallery-item\"><figure><img loading=\"lazy\" decoding=\"async\" width=\"768\" height=\"1024\" src=\"https:\/\/www.monaco-tribune.com\/wp-content\/uploads\/2021\/11\/img_1530-1-768x1024.jpeg\" alt=\"Blitz\" data-id=\"99612\" data-full-url=\"https:\/\/www.monaco-tribune.com\/wp-content\/uploads\/2021\/11\/img_1530-1.jpeg\" data-link=\"https:\/\/www.monaco-tribune.com\/?attachment_id=99612\" class=\"wp-image-99614\" srcset=\"https:\/\/www.monaco-tribune.com\/wp-content\/uploads\/2021\/11\/img_1530-1-768x1024.jpeg 768w, https:\/\/www.monaco-tribune.com\/wp-content\/uploads\/2021\/11\/img_1530-1-225x300.jpeg 225w, https:\/\/www.monaco-tribune.com\/wp-content\/uploads\/2021\/11\/img_1530-1-113x150.jpeg 113w, https:\/\/www.monaco-tribune.com\/wp-content\/uploads\/2021\/11\/img_1530-1-1152x1536.jpeg 1152w, https:\/\/www.monaco-tribune.com\/wp-content\/uploads\/2021\/11\/img_1530-1-135x180.jpeg 135w, https:\/\/www.monaco-tribune.com\/wp-content\/uploads\/2021\/11\/img_1530-1.jpeg 1200w\" sizes=\"auto, (max-width: 768px) 100vw, 768px\" \/><figcaption class=\"blocks-gallery-item__caption\"><em>\u00a9 IWA \/ Shibuya Productions<\/em><\/figcaption><\/figure><\/li><\/ul><\/figure>\n<p>Blitz racconta la storia di Tom, giovane studente, che si innamora di una ragazza di nome Harmony. Vista la passione di lei per gli scacchi, Tom decide di iscriversi al club della scuola anche se non conosce nemmeno le regole del gioco. Deve quindi imparare da zero e allenarsi seriamente.<\/p>\n\n<p><strong>&gt;&gt; LEGGI ANCHE: <\/strong><a href=\"https:\/\/www.monaco-tribune.com\/it\/2021\/03\/cedric-biscay-e-la-shibuya-productions-monaco-entra-nel-mondo-dei-manga-e-dei-videogiochi\/\">C\u00e9dric Biscay: Monaco diventa famosa per manga e videogiochi<\/a><\/p>\n","protected":false},"excerpt":{"rendered":"<p>Il 10 novembre scorso, presso la biblioteca, sono state proposte diverse attivit\u00e0 educative e ludiche legate al mondo dei manga [&hellip;]<\/p>\n","protected":false},"author":60,"featured_media":99606,"comment_status":"closed","ping_status":"closed","sticky":false,"template":"","format":"standard","meta":{"_acf_changed":false,"footnotes":""},"categories":[1740,1738],"tags":[],"post_sectags":[],"post_format":[2478],"class_list":["post-99936","post","type-post","status-publish","format-standard","has-post-thumbnail","hentry","category-cosa-fare","category-notizie","format-notizia"],"acf":[],"yoast_head":"<!-- This site is optimized with the Yoast SEO Premium plugin v26.8 (Yoast SEO v27.5) - https:\/\/yoast.com\/product\/yoast-seo-premium-wordpress\/ -->\n<title>Presentazione del volume 5 del manga Blitz alla biblioteca Principessa Caroline<\/title>\n<meta name=\"description\" content=\"Il 10 novembre scorso, presso la biblioteca, sono state proposte diverse attivit\u00e0 educative e ludiche legate al mondo dei manga e degli scacchi.\" \/>\n<meta name=\"robots\" content=\"index, follow, max-snippet:-1, max-image-preview:large, max-video-preview:-1\" \/>\n<link rel=\"canonical\" href=\"https:\/\/www.monaco-tribune.com\/it\/2021\/11\/presentazione-del-volume-5-del-manga-blitz-alla-biblioteca-principessa-caroline\/\" \/>\n<meta property=\"og:locale\" content=\"it_IT\" \/>\n<meta property=\"og:type\" content=\"article\" \/>\n<meta property=\"og:title\" content=\"Presentazione del volume 5 del manga Blitz alla biblioteca Principessa Caroline - Monaco Tribune\" \/>\n<meta property=\"og:description\" content=\"Il 10 novembre scorso, presso la biblioteca, sono state proposte diverse attivit\u00e0 educative e ludiche legate al mondo dei manga e degli scacchi.\" \/>\n<meta property=\"og:url\" content=\"https:\/\/www.monaco-tribune.com\/it\/2021\/11\/presentazione-del-volume-5-del-manga-blitz-alla-biblioteca-principessa-caroline\/\" \/>\n<meta property=\"og:site_name\" content=\"Monaco Tribune\" \/>\n<meta property=\"article:publisher\" content=\"https:\/\/www.facebook.com\/MonacoTribune\" \/>\n<meta property=\"article:published_time\" content=\"2021-11-16T16:10:09+00:00\" \/>\n<meta property=\"article:modified_time\" content=\"2021-11-16T16:28:22+00:00\" \/>\n<meta property=\"og:image\" content=\"https:\/\/www.monaco-tribune.com\/wp-content\/uploads\/2021\/11\/img_1533.jpeg\" \/>\n\t<meta property=\"og:image:width\" content=\"1190\" \/>\n\t<meta property=\"og:image:height\" content=\"881\" \/>\n\t<meta property=\"og:image:type\" content=\"image\/jpeg\" \/>\n<meta name=\"author\" content=\"Camille Esteve\" \/>\n<meta name=\"twitter:card\" content=\"summary_large_image\" \/>\n<meta name=\"twitter:creator\" content=\"@MonacoTribune\" \/>\n<meta name=\"twitter:site\" content=\"@MonacoTribune\" \/>\n<script type=\"application\/ld+json\" class=\"yoast-schema-graph\">{\"@context\":\"https:\\\/\\\/schema.org\",\"@graph\":[{\"@type\":\"NewsArticle\",\"@id\":\"https:\\\/\\\/www.monaco-tribune.com\\\/it\\\/2021\\\/11\\\/presentazione-del-volume-5-del-manga-blitz-alla-biblioteca-principessa-caroline\\\/#article\",\"isPartOf\":{\"@id\":\"https:\\\/\\\/www.monaco-tribune.com\\\/it\\\/2021\\\/11\\\/presentazione-del-volume-5-del-manga-blitz-alla-biblioteca-principessa-caroline\\\/\"},\"author\":{\"name\":\"Camille Esteve\",\"@id\":\"https:\\\/\\\/www.monaco-tribune.com\\\/it\\\/#\\\/schema\\\/person\\\/a855d420fff4d03637641d60b93ac62e\"},\"headline\":\"Presentazione del volume 5 del manga Blitz alla biblioteca Principessa Caroline\",\"datePublished\":\"2021-11-16T16:10:09+00:00\",\"dateModified\":\"2021-11-16T16:28:22+00:00\",\"mainEntityOfPage\":{\"@id\":\"https:\\\/\\\/www.monaco-tribune.com\\\/it\\\/2021\\\/11\\\/presentazione-del-volume-5-del-manga-blitz-alla-biblioteca-principessa-caroline\\\/\"},\"wordCount\":242,\"publisher\":{\"@id\":\"https:\\\/\\\/www.monaco-tribune.com\\\/it\\\/#organization\"},\"image\":{\"@id\":\"https:\\\/\\\/www.monaco-tribune.com\\\/it\\\/2021\\\/11\\\/presentazione-del-volume-5-del-manga-blitz-alla-biblioteca-principessa-caroline\\\/#primaryimage\"},\"thumbnailUrl\":\"https:\\\/\\\/www.monaco-tribune.com\\\/wp-content\\\/uploads\\\/2021\\\/11\\\/img_1533.jpeg\",\"articleSection\":[\"Cosa fare\",\"Notizie\"],\"inLanguage\":\"it-IT\",\"copyrightYear\":\"2021\",\"copyrightHolder\":{\"@id\":\"https:\\\/\\\/www.monaco-tribune.com\\\/#organization\"}},{\"@type\":\"WebPage\",\"@id\":\"https:\\\/\\\/www.monaco-tribune.com\\\/it\\\/2021\\\/11\\\/presentazione-del-volume-5-del-manga-blitz-alla-biblioteca-principessa-caroline\\\/\",\"url\":\"https:\\\/\\\/www.monaco-tribune.com\\\/it\\\/2021\\\/11\\\/presentazione-del-volume-5-del-manga-blitz-alla-biblioteca-principessa-caroline\\\/\",\"name\":\"Presentazione del volume 5 del manga Blitz alla biblioteca Principessa Caroline\",\"isPartOf\":{\"@id\":\"https:\\\/\\\/www.monaco-tribune.com\\\/it\\\/#website\"},\"primaryImageOfPage\":{\"@id\":\"https:\\\/\\\/www.monaco-tribune.com\\\/it\\\/2021\\\/11\\\/presentazione-del-volume-5-del-manga-blitz-alla-biblioteca-principessa-caroline\\\/#primaryimage\"},\"image\":{\"@id\":\"https:\\\/\\\/www.monaco-tribune.com\\\/it\\\/2021\\\/11\\\/presentazione-del-volume-5-del-manga-blitz-alla-biblioteca-principessa-caroline\\\/#primaryimage\"},\"thumbnailUrl\":\"https:\\\/\\\/www.monaco-tribune.com\\\/wp-content\\\/uploads\\\/2021\\\/11\\\/img_1533.jpeg\",\"datePublished\":\"2021-11-16T16:10:09+00:00\",\"dateModified\":\"2021-11-16T16:28:22+00:00\",\"description\":\"Il 10 novembre scorso, presso la biblioteca, sono state proposte diverse attivit\u00e0 educative e ludiche legate al mondo dei manga e degli scacchi.\",\"breadcrumb\":{\"@id\":\"https:\\\/\\\/www.monaco-tribune.com\\\/it\\\/2021\\\/11\\\/presentazione-del-volume-5-del-manga-blitz-alla-biblioteca-principessa-caroline\\\/#breadcrumb\"},\"inLanguage\":\"it-IT\",\"potentialAction\":[{\"@type\":\"ReadAction\",\"target\":[\"https:\\\/\\\/www.monaco-tribune.com\\\/it\\\/2021\\\/11\\\/presentazione-del-volume-5-del-manga-blitz-alla-biblioteca-principessa-caroline\\\/\"]}]},{\"@type\":\"ImageObject\",\"inLanguage\":\"it-IT\",\"@id\":\"https:\\\/\\\/www.monaco-tribune.com\\\/it\\\/2021\\\/11\\\/presentazione-del-volume-5-del-manga-blitz-alla-biblioteca-principessa-caroline\\\/#primaryimage\",\"url\":\"https:\\\/\\\/www.monaco-tribune.com\\\/wp-content\\\/uploads\\\/2021\\\/11\\\/img_1533.jpeg\",\"contentUrl\":\"https:\\\/\\\/www.monaco-tribune.com\\\/wp-content\\\/uploads\\\/2021\\\/11\\\/img_1533.jpeg\",\"width\":1190,\"height\":881,\"caption\":\"IWA \\\/ Shibuya Productions\"},{\"@type\":\"BreadcrumbList\",\"@id\":\"https:\\\/\\\/www.monaco-tribune.com\\\/it\\\/2021\\\/11\\\/presentazione-del-volume-5-del-manga-blitz-alla-biblioteca-principessa-caroline\\\/#breadcrumb\",\"itemListElement\":[{\"@type\":\"ListItem\",\"position\":1,\"name\":\"Accueil\",\"item\":\"https:\\\/\\\/www.monaco-tribune.com\\\/it\\\/\"},{\"@type\":\"ListItem\",\"position\":2,\"name\":\"Presentazione del volume 5 del manga Blitz alla biblioteca Principessa Caroline\"}]},{\"@type\":\"WebSite\",\"@id\":\"https:\\\/\\\/www.monaco-tribune.com\\\/it\\\/#website\",\"url\":\"https:\\\/\\\/www.monaco-tribune.com\\\/it\\\/\",\"name\":\"Monaco Tribune\",\"description\":\"Monaco : actualit\u00e9s \u00e9conomiques, politiques, culturelles et sportives de Monaco et de la French Riviera.\",\"publisher\":{\"@id\":\"https:\\\/\\\/www.monaco-tribune.com\\\/it\\\/#organization\"},\"potentialAction\":[{\"@type\":\"SearchAction\",\"target\":{\"@type\":\"EntryPoint\",\"urlTemplate\":\"https:\\\/\\\/www.monaco-tribune.com\\\/it\\\/?s={search_term_string}\"},\"query-input\":{\"@type\":\"PropertyValueSpecification\",\"valueRequired\":true,\"valueName\":\"search_term_string\"}}],\"inLanguage\":\"it-IT\"},{\"@type\":\"Organization\",\"@id\":\"https:\\\/\\\/www.monaco-tribune.com\\\/it\\\/#organization\",\"name\":\"Monaco Tribune\",\"url\":\"https:\\\/\\\/www.monaco-tribune.com\\\/it\\\/\",\"logo\":{\"@type\":\"ImageObject\",\"inLanguage\":\"it-IT\",\"@id\":\"https:\\\/\\\/www.monaco-tribune.com\\\/it\\\/#\\\/schema\\\/logo\\\/image\\\/\",\"url\":\"https:\\\/\\\/www.monaco-tribune.com\\\/wp-content\\\/uploads\\\/2022\\\/11\\\/logo-monaco-tribune.png\",\"contentUrl\":\"https:\\\/\\\/www.monaco-tribune.com\\\/wp-content\\\/uploads\\\/2022\\\/11\\\/logo-monaco-tribune.png\",\"width\":1548,\"height\":600,\"caption\":\"Monaco Tribune\"},\"image\":{\"@id\":\"https:\\\/\\\/www.monaco-tribune.com\\\/it\\\/#\\\/schema\\\/logo\\\/image\\\/\"},\"sameAs\":[\"https:\\\/\\\/www.facebook.com\\\/MonacoTribune\",\"https:\\\/\\\/x.com\\\/MonacoTribune\",\"https:\\\/\\\/www.instagram.com\\\/monacotribune\\\/\",\"https:\\\/\\\/www.linkedin.com\\\/company\\\/monaco-tribune\",\"https:\\\/\\\/www.youtube.com\\\/channel\\\/UCHle1MnG6hw1y4lWKijVbMA\"]},{\"@type\":\"Person\",\"@id\":\"https:\\\/\\\/www.monaco-tribune.com\\\/it\\\/#\\\/schema\\\/person\\\/a855d420fff4d03637641d60b93ac62e\",\"name\":\"Camille Esteve\",\"image\":{\"@type\":\"ImageObject\",\"inLanguage\":\"it-IT\",\"@id\":\"https:\\\/\\\/secure.gravatar.com\\\/avatar\\\/eaaa2355a7bb56c0018a391c20a55bf9b4690e3f493231dd850e612bfa6ce161?s=96&d=mm&r=g\",\"url\":\"https:\\\/\\\/secure.gravatar.com\\\/avatar\\\/eaaa2355a7bb56c0018a391c20a55bf9b4690e3f493231dd850e612bfa6ce161?s=96&d=mm&r=g\",\"contentUrl\":\"https:\\\/\\\/secure.gravatar.com\\\/avatar\\\/eaaa2355a7bb56c0018a391c20a55bf9b4690e3f493231dd850e612bfa6ce161?s=96&d=mm&r=g\",\"caption\":\"Camille Esteve\"},\"url\":\"https:\\\/\\\/www.monaco-tribune.com\\\/it\\\/author\\\/camilleesteve\\\/\"}]}<\/script>\n<!-- \/ Yoast SEO Premium plugin. -->","yoast_head_json":{"title":"Presentazione del volume 5 del manga Blitz alla biblioteca Principessa Caroline","description":"Il 10 novembre scorso, presso la biblioteca, sono state proposte diverse attivit\u00e0 educative e ludiche legate al mondo dei manga e degli scacchi.","robots":{"index":"index","follow":"follow","max-snippet":"max-snippet:-1","max-image-preview":"max-image-preview:large","max-video-preview":"max-video-preview:-1"},"canonical":"https:\/\/www.monaco-tribune.com\/it\/2021\/11\/presentazione-del-volume-5-del-manga-blitz-alla-biblioteca-principessa-caroline\/","og_locale":"it_IT","og_type":"article","og_title":"Presentazione del volume 5 del manga Blitz alla biblioteca Principessa Caroline - Monaco Tribune","og_description":"Il 10 novembre scorso, presso la biblioteca, sono state proposte diverse attivit\u00e0 educative e ludiche legate al mondo dei manga e degli scacchi.","og_url":"https:\/\/www.monaco-tribune.com\/it\/2021\/11\/presentazione-del-volume-5-del-manga-blitz-alla-biblioteca-principessa-caroline\/","og_site_name":"Monaco Tribune","article_publisher":"https:\/\/www.facebook.com\/MonacoTribune","article_published_time":"2021-11-16T16:10:09+00:00","article_modified_time":"2021-11-16T16:28:22+00:00","og_image":[{"width":1190,"height":881,"url":"https:\/\/www.monaco-tribune.com\/wp-content\/uploads\/2021\/11\/img_1533.jpeg","type":"image\/jpeg"}],"author":"Camille Esteve","twitter_card":"summary_large_image","twitter_creator":"@MonacoTribune","twitter_site":"@MonacoTribune","schema":{"@context":"https:\/\/schema.org","@graph":[{"@type":"NewsArticle","@id":"https:\/\/www.monaco-tribune.com\/it\/2021\/11\/presentazione-del-volume-5-del-manga-blitz-alla-biblioteca-principessa-caroline\/#article","isPartOf":{"@id":"https:\/\/www.monaco-tribune.com\/it\/2021\/11\/presentazione-del-volume-5-del-manga-blitz-alla-biblioteca-principessa-caroline\/"},"author":{"name":"Camille Esteve","@id":"https:\/\/www.monaco-tribune.com\/it\/#\/schema\/person\/a855d420fff4d03637641d60b93ac62e"},"headline":"Presentazione del volume 5 del manga Blitz alla biblioteca Principessa Caroline","datePublished":"2021-11-16T16:10:09+00:00","dateModified":"2021-11-16T16:28:22+00:00","mainEntityOfPage":{"@id":"https:\/\/www.monaco-tribune.com\/it\/2021\/11\/presentazione-del-volume-5-del-manga-blitz-alla-biblioteca-principessa-caroline\/"},"wordCount":242,"publisher":{"@id":"https:\/\/www.monaco-tribune.com\/it\/#organization"},"image":{"@id":"https:\/\/www.monaco-tribune.com\/it\/2021\/11\/presentazione-del-volume-5-del-manga-blitz-alla-biblioteca-principessa-caroline\/#primaryimage"},"thumbnailUrl":"https:\/\/www.monaco-tribune.com\/wp-content\/uploads\/2021\/11\/img_1533.jpeg","articleSection":["Cosa fare","Notizie"],"inLanguage":"it-IT","copyrightYear":"2021","copyrightHolder":{"@id":"https:\/\/www.monaco-tribune.com\/#organization"}},{"@type":"WebPage","@id":"https:\/\/www.monaco-tribune.com\/it\/2021\/11\/presentazione-del-volume-5-del-manga-blitz-alla-biblioteca-principessa-caroline\/","url":"https:\/\/www.monaco-tribune.com\/it\/2021\/11\/presentazione-del-volume-5-del-manga-blitz-alla-biblioteca-principessa-caroline\/","name":"Presentazione del volume 5 del manga Blitz alla biblioteca Principessa Caroline","isPartOf":{"@id":"https:\/\/www.monaco-tribune.com\/it\/#website"},"primaryImageOfPage":{"@id":"https:\/\/www.monaco-tribune.com\/it\/2021\/11\/presentazione-del-volume-5-del-manga-blitz-alla-biblioteca-principessa-caroline\/#primaryimage"},"image":{"@id":"https:\/\/www.monaco-tribune.com\/it\/2021\/11\/presentazione-del-volume-5-del-manga-blitz-alla-biblioteca-principessa-caroline\/#primaryimage"},"thumbnailUrl":"https:\/\/www.monaco-tribune.com\/wp-content\/uploads\/2021\/11\/img_1533.jpeg","datePublished":"2021-11-16T16:10:09+00:00","dateModified":"2021-11-16T16:28:22+00:00","description":"Il 10 novembre scorso, presso la biblioteca, sono state proposte diverse attivit\u00e0 educative e ludiche legate al mondo dei manga e degli scacchi.","breadcrumb":{"@id":"https:\/\/www.monaco-tribune.com\/it\/2021\/11\/presentazione-del-volume-5-del-manga-blitz-alla-biblioteca-principessa-caroline\/#breadcrumb"},"inLanguage":"it-IT","potentialAction":[{"@type":"ReadAction","target":["https:\/\/www.monaco-tribune.com\/it\/2021\/11\/presentazione-del-volume-5-del-manga-blitz-alla-biblioteca-principessa-caroline\/"]}]},{"@type":"ImageObject","inLanguage":"it-IT","@id":"https:\/\/www.monaco-tribune.com\/it\/2021\/11\/presentazione-del-volume-5-del-manga-blitz-alla-biblioteca-principessa-caroline\/#primaryimage","url":"https:\/\/www.monaco-tribune.com\/wp-content\/uploads\/2021\/11\/img_1533.jpeg","contentUrl":"https:\/\/www.monaco-tribune.com\/wp-content\/uploads\/2021\/11\/img_1533.jpeg","width":1190,"height":881,"caption":"IWA \/ Shibuya Productions"},{"@type":"BreadcrumbList","@id":"https:\/\/www.monaco-tribune.com\/it\/2021\/11\/presentazione-del-volume-5-del-manga-blitz-alla-biblioteca-principessa-caroline\/#breadcrumb","itemListElement":[{"@type":"ListItem","position":1,"name":"Accueil","item":"https:\/\/www.monaco-tribune.com\/it\/"},{"@type":"ListItem","position":2,"name":"Presentazione del volume 5 del manga Blitz alla biblioteca Principessa Caroline"}]},{"@type":"WebSite","@id":"https:\/\/www.monaco-tribune.com\/it\/#website","url":"https:\/\/www.monaco-tribune.com\/it\/","name":"Monaco Tribune","description":"Monaco : actualit\u00e9s \u00e9conomiques, politiques, culturelles et sportives de Monaco et de la French Riviera.","publisher":{"@id":"https:\/\/www.monaco-tribune.com\/it\/#organization"},"potentialAction":[{"@type":"SearchAction","target":{"@type":"EntryPoint","urlTemplate":"https:\/\/www.monaco-tribune.com\/it\/?s={search_term_string}"},"query-input":{"@type":"PropertyValueSpecification","valueRequired":true,"valueName":"search_term_string"}}],"inLanguage":"it-IT"},{"@type":"Organization","@id":"https:\/\/www.monaco-tribune.com\/it\/#organization","name":"Monaco Tribune","url":"https:\/\/www.monaco-tribune.com\/it\/","logo":{"@type":"ImageObject","inLanguage":"it-IT","@id":"https:\/\/www.monaco-tribune.com\/it\/#\/schema\/logo\/image\/","url":"https:\/\/www.monaco-tribune.com\/wp-content\/uploads\/2022\/11\/logo-monaco-tribune.png","contentUrl":"https:\/\/www.monaco-tribune.com\/wp-content\/uploads\/2022\/11\/logo-monaco-tribune.png","width":1548,"height":600,"caption":"Monaco Tribune"},"image":{"@id":"https:\/\/www.monaco-tribune.com\/it\/#\/schema\/logo\/image\/"},"sameAs":["https:\/\/www.facebook.com\/MonacoTribune","https:\/\/x.com\/MonacoTribune","https:\/\/www.instagram.com\/monacotribune\/","https:\/\/www.linkedin.com\/company\/monaco-tribune","https:\/\/www.youtube.com\/channel\/UCHle1MnG6hw1y4lWKijVbMA"]},{"@type":"Person","@id":"https:\/\/www.monaco-tribune.com\/it\/#\/schema\/person\/a855d420fff4d03637641d60b93ac62e","name":"Camille Esteve","image":{"@type":"ImageObject","inLanguage":"it-IT","@id":"https:\/\/secure.gravatar.com\/avatar\/eaaa2355a7bb56c0018a391c20a55bf9b4690e3f493231dd850e612bfa6ce161?s=96&d=mm&r=g","url":"https:\/\/secure.gravatar.com\/avatar\/eaaa2355a7bb56c0018a391c20a55bf9b4690e3f493231dd850e612bfa6ce161?s=96&d=mm&r=g","contentUrl":"https:\/\/secure.gravatar.com\/avatar\/eaaa2355a7bb56c0018a391c20a55bf9b4690e3f493231dd850e612bfa6ce161?s=96&d=mm&r=g","caption":"Camille Esteve"},"url":"https:\/\/www.monaco-tribune.com\/it\/author\/camilleesteve\/"}]}},"_links":{"self":[{"href":"https:\/\/www.monaco-tribune.com\/it\/wp-json\/wp\/v2\/posts\/99936","targetHints":{"allow":["GET"]}}],"collection":[{"href":"https:\/\/www.monaco-tribune.com\/it\/wp-json\/wp\/v2\/posts"}],"about":[{"href":"https:\/\/www.monaco-tribune.com\/it\/wp-json\/wp\/v2\/types\/post"}],"author":[{"embeddable":true,"href":"https:\/\/www.monaco-tribune.com\/it\/wp-json\/wp\/v2\/users\/60"}],"replies":[{"embeddable":true,"href":"https:\/\/www.monaco-tribune.com\/it\/wp-json\/wp\/v2\/comments?post=99936"}],"version-history":[{"count":0,"href":"https:\/\/www.monaco-tribune.com\/it\/wp-json\/wp\/v2\/posts\/99936\/revisions"}],"wp:featuredmedia":[{"embeddable":true,"href":"https:\/\/www.monaco-tribune.com\/it\/wp-json\/wp\/v2\/media\/99606"}],"wp:attachment":[{"href":"https:\/\/www.monaco-tribune.com\/it\/wp-json\/wp\/v2\/media?parent=99936"}],"wp:term":[{"taxonomy":"category","embeddable":true,"href":"https:\/\/www.monaco-tribune.com\/it\/wp-json\/wp\/v2\/categories?post=99936"},{"taxonomy":"post_tag","embeddable":true,"href":"https:\/\/www.monaco-tribune.com\/it\/wp-json\/wp\/v2\/tags?post=99936"},{"taxonomy":"sectag","embeddable":true,"href":"https:\/\/www.monaco-tribune.com\/it\/wp-json\/wp\/v2\/post_sectags?post=99936"},{"taxonomy":"format","embeddable":true,"href":"https:\/\/www.monaco-tribune.com\/it\/wp-json\/wp\/v2\/post_format?post=99936"}],"curies":[{"name":"wp","href":"https:\/\/api.w.org\/{rel}","templated":true}]}}