{"id":99980,"date":"2021-11-16T18:31:35","date_gmt":"2021-11-16T17:31:35","guid":{"rendered":"https:\/\/www.monaco-tribune.com\/2021\/11\/alexander-moghadam-il-principe-dei-tappeti-iraniani-a-monaco\/"},"modified":"2021-11-16T18:39:12","modified_gmt":"2021-11-16T17:39:12","slug":"alexander-moghadam-il-principe-dei-tappeti-iraniani-a-monaco","status":"publish","type":"post","link":"https:\/\/www.monaco-tribune.com\/it\/2021\/11\/alexander-moghadam-il-principe-dei-tappeti-iraniani-a-monaco\/","title":{"rendered":"Alexander Moghadam, il principe dei tappeti iraniani a Monaco"},"content":{"rendered":"\n<p><strong>Dal 1977, la Galleria Moghadam vende tappeti persiani variopinti. Alexander Moghadam, padre fondatore della galleria, che presto compir\u00e0 86 anni nonostante ne dimostri dieci di meno, si prepara a passare le redini. Scopriamo insieme l&#8217;incredibile storia di un mercante eccezionale, con un&#8217;ammirevole passione per i tappeti.<\/strong><\/p>\n\n\n\n<p>Tutto \u00e8 cambiato con un incontro inatteso. In quel momento, non immaginava neanche che la sua vita sarebbe cambiata. Ma succede cos\u00ec quando il destino riserva sorprese inaspettate. Durante un viaggio a Monaco, Alexander Moghadam e la sua famiglia prenotano un tavolo al Le Meridien. Nel bel mezzo della cena, la famiglia principesca si accomoda a pochi metri da loro sulla terrazza: il principe Ranieri III, la principessa Grace Kelly, la figlia Stephanie e il giovane Alberto II. \u00c8 l&#8217;occasione perfetta per scattare una foto.<\/p>\n\n\n\n<blockquote class=\"wp-block-quote is-layout-flow wp-block-quote-is-layout-flow\"><p>La principessa Grace mi ha chiesto da dove venivo, cosa facevo, perch\u00e9 ero l\u00ec. Gli ho risposto che Monaco era un paradiso<\/p><cite>Alexander Moghadam<\/cite><\/blockquote>\n\n\n\n<p>&#8220;Mi sono avvicinato e ho iniziato a parlare con la Principessa Grace&#8221;, racconta Alexander Moghadam, in un francese dai toni orientali. &#8220;Mi ha chiesto da dove venivo, cosa facevo, perch\u00e9 ero l\u00ec. Gli ho risposto che Monaco era un paradiso&#8221;. \u00c8 in quel momento che Grace Kelly chiede al ragazzo tedesco di origine iraniana perch\u00e9 non si stabilisse nel Principato per esercitare la sua attivit\u00e0. &#8220;Le ho chiesto se stesse scherzando&#8221;, sorride, &#8220;Era seria&#8221;.<\/p>\n\n\n\n<h2 class=\"wp-block-heading\" id=\"h-grace-kelly-ha-partecipato-all-inaugurazione-della-galleria\">Grace Kelly ha partecipato all&#8217;inaugurazione della galleria<\/h2>\n\n\n\n<p>Il giorno dopo, Alexander Moghadam inizia a cercare un negozio a Monaco, ma c&#8217;\u00e8 un intoppo. Per esporre i suoi tappeti, ha bisogno di spazio. Come fare a trovare un locale di 300m\u00b2 quando la stragrande maggioranza dei negozi del Boulevard des Moulins sono meno di 50m\u00b2?<\/p>\n\n\n\n<div class=\"wp-block-image\"><figure class=\"aligncenter size-full\"><img loading=\"lazy\" decoding=\"async\" width=\"1024\" height=\"609\" src=\"https:\/\/www.monaco-tribune.com\/wp-content\/uploads\/2021\/11\/moghadam.jpg\" alt=\"\" class=\"wp-image-99649\" srcset=\"https:\/\/www.monaco-tribune.com\/wp-content\/uploads\/2021\/11\/moghadam.jpg 1024w, https:\/\/www.monaco-tribune.com\/wp-content\/uploads\/2021\/11\/moghadam-504x300.jpg 504w, https:\/\/www.monaco-tribune.com\/wp-content\/uploads\/2021\/11\/moghadam-252x150.jpg 252w, https:\/\/www.monaco-tribune.com\/wp-content\/uploads\/2021\/11\/moghadam-768x457.jpg 768w, https:\/\/www.monaco-tribune.com\/wp-content\/uploads\/2021\/11\/moghadam-175x104.jpg 175w\" sizes=\"auto, (max-width: 1024px) 100vw, 1024px\" \/><figcaption>Alexander Moghadam e il suo team \u00a9<em> Romain Boisaubert\/Monaco-Tribune<\/em><\/figcaption><\/figure><\/div>\n\n\n\n<p>&#8220;Sei mesi dopo, un&#8217;agenzia immobiliare mi ha chiamato e mi ha proposto questo locale, che all&#8217;epoca ospitava quadri antichi, per 1,3 milioni di franchi. Ho colto al volo l&#8217;occasione&#8221;. Dopo un anno di lavori, nel 1977 la Galleria Moghadam viene inaugurata con la partecipazione di Grace Kelly.<\/p>\n\n\n\n<blockquote class=\"wp-block-quote is-layout-flow wp-block-quote-is-layout-flow\"><p>All&#8217;epoca, in Iran, c&#8217;erano sette milioni di persone che lavoravano nell&#8217;industria dei tappeti. Oggi, non superano i due milioni<\/p><cite>Alexander Moghadam<\/cite><\/blockquote>\n\n\n\n<p>Da quel giorno, Alexander Moghadam e la sua famiglia non hanno mai lasciato il Principato. Oggi, la galleria sta per spegnere ben quarantacinque candeline. Un&#8217;attivit\u00e0 incredibilmente longeva che affonda le radici in Germania, a Francoforte, nei primi anni &#8217;60.<\/p>\n\n\n\n<p><strong>&gt;&gt; LEGGI ANCHE:<\/strong><a href=\"https:\/\/www.monaco-tribune.com\/it\/2021\/10\/raphael-domjan-il-pilota-che-ha-volato-con-il-principe-alberto-ii-sul-primo-volo-elettrico\/\"> Rapha\u00ebl Domjan, il pilota che ha volato con il Principe Alberto II sul primo volo elettrico<\/a><\/p>\n\n\n\n<p>&#8220;Lavoravo per una compagnia aerea (Lufthansa) nel reparto cargo&#8221;, spiega, &#8220;avr\u00f2 avuto 17, 18 anni, e i piloti, i copiloti, gli steward e le hostess cercavano dei tappeti. Li accompagnai nei bazar in Iran e feci da intermediario&#8221;. Le sue doti commerciali e il suo innato senso delle vendite hanno fatto il resto: &#8220;Con le commissioni ottenevo tre volte il mio stipendio! Cos\u00ec un pilota mi chiese perch\u00e9 non aprissi un negozio a Francoforte&#8221;.<\/p>\n\n\n\n<h2 class=\"wp-block-heading\">Lavora anche per il consolato nepalese<\/h2>\n\n\n\n<p>Cos\u00ec, Alexander, che \u00e8 entrato per caso nel mondo dei tappeti a 10 anni&nbsp; &#8211; &#8220;n\u00e9 i miei genitori, n\u00e9 mio fratello o mia sorella sono in questo campo&#8221; &#8211; apre il suo primo negozio, seguito da un secondo, fino a raggiungere quota sei. &#8220;I tedeschi stavano cominciando a recuperare il loro potere d&#8217;acquisto. I tappeti si vendevano tantissimo. All&#8217;epoca, in Iran, c&#8217;erano sette milioni di persone che lavoravano in questo settore. Oggi non superano i due milioni&#8221;.<\/p>\n\n\n\n<blockquote class=\"wp-block-quote is-layout-flow wp-block-quote-is-layout-flow\"><p>Ho lavorato tutta la vita, \u00e8 ora di voltare pagina. Voglio viaggiare e occuparmi del mio consolato<\/p><cite>Alexander Moghadam<\/cite><\/blockquote>\n\n\n\n<p>Tradizione ancestrale di 2.500 anni, l&#8217;industria dei tappeti ha cominciato a perdere colpi negli ultimi tempi, vittima soprattutto della concorrenza cinese. Anche i gusti diversi, per\u00f2, hanno giocato un ruolo importante: &#8220;Le nuove generazioni preferiscono tappeti pi\u00f9 contemporanei, semplici e senza motivi&#8221;, dice suo figlio, anche lui gestore di un negozio a Monaco, ma di mobili e tappeti moderni. \u00c8 lui che prender\u00e0 il posto del padre a gennaio: &#8220;Ho lavorato tutta la vita, \u00e8 ora di voltare pagina. Voglio viaggiare e occuparmi del mio consolato&#8221;.<\/p>\n\n\n\n<p>&gt;&gt; LEGGI ANCHE:<a href=\"https:\/\/www.monaco-tribune.com\/it\/2021\/10\/due-chiacchiere-con-jean-paul-bascoul-cacciatore-di-storie-e-collezionista-di-foto\/\"> Due chiacchiere con Jean-Paul Bascoul, cacciatore di storie e collezionista di foto<\/a><\/p>\n\n\n\n<p>Perch\u00e9 parallelamente alla sua attivit\u00e0, Alexander Moghadam gestisce gli interessi diplomatici del Nepal a Monaco. &#8220;Questo paese mi sta a cuore. Sono persone meravigliose, che vivono in povert\u00e0. Cerchiamo di aiutarli organizzando eventi di beneficenza. Mi occupo anche di rilasciare visti per i turisti della Costa Azzurra che vogliono andare in Nepal&#8221;. A buon intenditor poche parole.<\/p>\n","protected":false},"excerpt":{"rendered":"<p>Dal 1977, la Galleria Moghadam vende tappeti persiani variopinti. Alexander Moghadam, padre fondatore della galleria, che presto compir\u00e0 86 anni [&hellip;]<\/p>\n","protected":false},"author":24,"featured_media":99531,"comment_status":"closed","ping_status":"closed","sticky":false,"template":"","format":"standard","meta":{"_acf_changed":false,"footnotes":""},"categories":[1740,1826,1738],"tags":[2936],"post_sectags":[],"post_format":[2480],"class_list":["post-99980","post","type-post","status-publish","format-standard","has-post-thumbnail","hentry","category-cosa-fare","category-la-nostra-scelta","category-notizie","tag-commercio-locale","format-profilo"],"acf":[],"yoast_head":"<!-- This site is optimized with the Yoast SEO Premium plugin v26.8 (Yoast SEO v27.5) - https:\/\/yoast.com\/product\/yoast-seo-premium-wordpress\/ -->\n<title>Alexander Moghadam, il principe dei tappeti iraniani a Monaco<\/title>\n<meta name=\"description\" content=\"Dal 1977, la Galleria Moghadam vende tappeti persiani variopinti. Alexander Moghadam, padre fondatore della galleria, che presto compir\u00e0 86 anni\" \/>\n<meta name=\"robots\" content=\"index, follow, max-snippet:-1, max-image-preview:large, max-video-preview:-1\" \/>\n<link rel=\"canonical\" href=\"https:\/\/www.monaco-tribune.com\/it\/2021\/11\/alexander-moghadam-il-principe-dei-tappeti-iraniani-a-monaco\/\" \/>\n<meta property=\"og:locale\" content=\"it_IT\" \/>\n<meta property=\"og:type\" content=\"article\" \/>\n<meta property=\"og:title\" content=\"Alexander Moghadam, il principe dei tappeti iraniani a Monaco - Monaco Tribune\" \/>\n<meta property=\"og:description\" content=\"Dal 1977, la Galleria Moghadam vende tappeti persiani variopinti. Alexander Moghadam, padre fondatore della galleria, che presto compir\u00e0 86 anni\" \/>\n<meta property=\"og:url\" content=\"https:\/\/www.monaco-tribune.com\/it\/2021\/11\/alexander-moghadam-il-principe-dei-tappeti-iraniani-a-monaco\/\" \/>\n<meta property=\"og:site_name\" content=\"Monaco Tribune\" \/>\n<meta property=\"article:publisher\" content=\"https:\/\/www.facebook.com\/MonacoTribune\" \/>\n<meta property=\"article:published_time\" content=\"2021-11-16T17:31:35+00:00\" \/>\n<meta property=\"article:modified_time\" content=\"2021-11-16T17:39:12+00:00\" \/>\n<meta property=\"og:image\" content=\"https:\/\/www.monaco-tribune.com\/wp-content\/uploads\/2021\/11\/alexander-moghadam-min.jpg\" \/>\n\t<meta property=\"og:image:width\" content=\"1024\" \/>\n\t<meta property=\"og:image:height\" content=\"628\" \/>\n\t<meta property=\"og:image:type\" content=\"image\/jpeg\" \/>\n<meta name=\"author\" content=\"Romain Boisaubert\" \/>\n<meta name=\"twitter:card\" content=\"summary_large_image\" \/>\n<meta name=\"twitter:creator\" content=\"@MonacoTribune\" \/>\n<meta name=\"twitter:site\" content=\"@MonacoTribune\" \/>\n<script type=\"application\/ld+json\" class=\"yoast-schema-graph\">{\"@context\":\"https:\\\/\\\/schema.org\",\"@graph\":[{\"@type\":\"NewsArticle\",\"@id\":\"https:\\\/\\\/www.monaco-tribune.com\\\/it\\\/2021\\\/11\\\/alexander-moghadam-il-principe-dei-tappeti-iraniani-a-monaco\\\/#article\",\"isPartOf\":{\"@id\":\"https:\\\/\\\/www.monaco-tribune.com\\\/it\\\/2021\\\/11\\\/alexander-moghadam-il-principe-dei-tappeti-iraniani-a-monaco\\\/\"},\"author\":{\"name\":\"Romain Boisaubert\",\"@id\":\"https:\\\/\\\/www.monaco-tribune.com\\\/it\\\/#\\\/schema\\\/person\\\/330a3732947cf8cb41b2533a0eadd62e\"},\"headline\":\"Alexander Moghadam, il principe dei tappeti iraniani a Monaco\",\"datePublished\":\"2021-11-16T17:31:35+00:00\",\"dateModified\":\"2021-11-16T17:39:12+00:00\",\"mainEntityOfPage\":{\"@id\":\"https:\\\/\\\/www.monaco-tribune.com\\\/it\\\/2021\\\/11\\\/alexander-moghadam-il-principe-dei-tappeti-iraniani-a-monaco\\\/\"},\"wordCount\":765,\"publisher\":{\"@id\":\"https:\\\/\\\/www.monaco-tribune.com\\\/it\\\/#organization\"},\"image\":{\"@id\":\"https:\\\/\\\/www.monaco-tribune.com\\\/it\\\/2021\\\/11\\\/alexander-moghadam-il-principe-dei-tappeti-iraniani-a-monaco\\\/#primaryimage\"},\"thumbnailUrl\":\"https:\\\/\\\/www.monaco-tribune.com\\\/wp-content\\\/uploads\\\/2021\\\/11\\\/alexander-moghadam-min.jpg\",\"keywords\":[\"Commercio locale\"],\"articleSection\":[\"Cosa fare\",\"La nostra scelta\",\"Notizie\"],\"inLanguage\":\"it-IT\",\"copyrightYear\":\"2021\",\"copyrightHolder\":{\"@id\":\"https:\\\/\\\/www.monaco-tribune.com\\\/#organization\"}},{\"@type\":\"WebPage\",\"@id\":\"https:\\\/\\\/www.monaco-tribune.com\\\/it\\\/2021\\\/11\\\/alexander-moghadam-il-principe-dei-tappeti-iraniani-a-monaco\\\/\",\"url\":\"https:\\\/\\\/www.monaco-tribune.com\\\/it\\\/2021\\\/11\\\/alexander-moghadam-il-principe-dei-tappeti-iraniani-a-monaco\\\/\",\"name\":\"Alexander Moghadam, il principe dei tappeti iraniani a Monaco\",\"isPartOf\":{\"@id\":\"https:\\\/\\\/www.monaco-tribune.com\\\/it\\\/#website\"},\"primaryImageOfPage\":{\"@id\":\"https:\\\/\\\/www.monaco-tribune.com\\\/it\\\/2021\\\/11\\\/alexander-moghadam-il-principe-dei-tappeti-iraniani-a-monaco\\\/#primaryimage\"},\"image\":{\"@id\":\"https:\\\/\\\/www.monaco-tribune.com\\\/it\\\/2021\\\/11\\\/alexander-moghadam-il-principe-dei-tappeti-iraniani-a-monaco\\\/#primaryimage\"},\"thumbnailUrl\":\"https:\\\/\\\/www.monaco-tribune.com\\\/wp-content\\\/uploads\\\/2021\\\/11\\\/alexander-moghadam-min.jpg\",\"datePublished\":\"2021-11-16T17:31:35+00:00\",\"dateModified\":\"2021-11-16T17:39:12+00:00\",\"description\":\"Dal 1977, la Galleria Moghadam vende tappeti persiani variopinti. Alexander Moghadam, padre fondatore della galleria, che presto compir\u00e0 86 anni\",\"breadcrumb\":{\"@id\":\"https:\\\/\\\/www.monaco-tribune.com\\\/it\\\/2021\\\/11\\\/alexander-moghadam-il-principe-dei-tappeti-iraniani-a-monaco\\\/#breadcrumb\"},\"inLanguage\":\"it-IT\",\"potentialAction\":[{\"@type\":\"ReadAction\",\"target\":[\"https:\\\/\\\/www.monaco-tribune.com\\\/it\\\/2021\\\/11\\\/alexander-moghadam-il-principe-dei-tappeti-iraniani-a-monaco\\\/\"]}]},{\"@type\":\"ImageObject\",\"inLanguage\":\"it-IT\",\"@id\":\"https:\\\/\\\/www.monaco-tribune.com\\\/it\\\/2021\\\/11\\\/alexander-moghadam-il-principe-dei-tappeti-iraniani-a-monaco\\\/#primaryimage\",\"url\":\"https:\\\/\\\/www.monaco-tribune.com\\\/wp-content\\\/uploads\\\/2021\\\/11\\\/alexander-moghadam-min.jpg\",\"contentUrl\":\"https:\\\/\\\/www.monaco-tribune.com\\\/wp-content\\\/uploads\\\/2021\\\/11\\\/alexander-moghadam-min.jpg\",\"width\":1024,\"height\":628,\"caption\":\"Romain Boisaubert\\\/Monaco-Tribune\"},{\"@type\":\"BreadcrumbList\",\"@id\":\"https:\\\/\\\/www.monaco-tribune.com\\\/it\\\/2021\\\/11\\\/alexander-moghadam-il-principe-dei-tappeti-iraniani-a-monaco\\\/#breadcrumb\",\"itemListElement\":[{\"@type\":\"ListItem\",\"position\":1,\"name\":\"Accueil\",\"item\":\"https:\\\/\\\/www.monaco-tribune.com\\\/it\\\/\"},{\"@type\":\"ListItem\",\"position\":2,\"name\":\"Alexander Moghadam, il principe dei tappeti iraniani a Monaco\"}]},{\"@type\":\"WebSite\",\"@id\":\"https:\\\/\\\/www.monaco-tribune.com\\\/it\\\/#website\",\"url\":\"https:\\\/\\\/www.monaco-tribune.com\\\/it\\\/\",\"name\":\"Monaco Tribune\",\"description\":\"Monaco : actualit\u00e9s \u00e9conomiques, politiques, culturelles et sportives de Monaco et de la French Riviera.\",\"publisher\":{\"@id\":\"https:\\\/\\\/www.monaco-tribune.com\\\/it\\\/#organization\"},\"potentialAction\":[{\"@type\":\"SearchAction\",\"target\":{\"@type\":\"EntryPoint\",\"urlTemplate\":\"https:\\\/\\\/www.monaco-tribune.com\\\/it\\\/?s={search_term_string}\"},\"query-input\":{\"@type\":\"PropertyValueSpecification\",\"valueRequired\":true,\"valueName\":\"search_term_string\"}}],\"inLanguage\":\"it-IT\"},{\"@type\":\"Organization\",\"@id\":\"https:\\\/\\\/www.monaco-tribune.com\\\/it\\\/#organization\",\"name\":\"Monaco Tribune\",\"url\":\"https:\\\/\\\/www.monaco-tribune.com\\\/it\\\/\",\"logo\":{\"@type\":\"ImageObject\",\"inLanguage\":\"it-IT\",\"@id\":\"https:\\\/\\\/www.monaco-tribune.com\\\/it\\\/#\\\/schema\\\/logo\\\/image\\\/\",\"url\":\"https:\\\/\\\/www.monaco-tribune.com\\\/wp-content\\\/uploads\\\/2022\\\/11\\\/logo-monaco-tribune.png\",\"contentUrl\":\"https:\\\/\\\/www.monaco-tribune.com\\\/wp-content\\\/uploads\\\/2022\\\/11\\\/logo-monaco-tribune.png\",\"width\":1548,\"height\":600,\"caption\":\"Monaco Tribune\"},\"image\":{\"@id\":\"https:\\\/\\\/www.monaco-tribune.com\\\/it\\\/#\\\/schema\\\/logo\\\/image\\\/\"},\"sameAs\":[\"https:\\\/\\\/www.facebook.com\\\/MonacoTribune\",\"https:\\\/\\\/x.com\\\/MonacoTribune\",\"https:\\\/\\\/www.instagram.com\\\/monacotribune\\\/\",\"https:\\\/\\\/www.linkedin.com\\\/company\\\/monaco-tribune\",\"https:\\\/\\\/www.youtube.com\\\/channel\\\/UCHle1MnG6hw1y4lWKijVbMA\"]},{\"@type\":\"Person\",\"@id\":\"https:\\\/\\\/www.monaco-tribune.com\\\/it\\\/#\\\/schema\\\/person\\\/330a3732947cf8cb41b2533a0eadd62e\",\"name\":\"Romain Boisaubert\",\"image\":{\"@type\":\"ImageObject\",\"inLanguage\":\"it-IT\",\"@id\":\"https:\\\/\\\/secure.gravatar.com\\\/avatar\\\/f8b90d41f1eabd1cbe4cf59e09d8db41a697d51919bf2dfe727589a24a4a4d54?s=96&d=mm&r=g\",\"url\":\"https:\\\/\\\/secure.gravatar.com\\\/avatar\\\/f8b90d41f1eabd1cbe4cf59e09d8db41a697d51919bf2dfe727589a24a4a4d54?s=96&d=mm&r=g\",\"contentUrl\":\"https:\\\/\\\/secure.gravatar.com\\\/avatar\\\/f8b90d41f1eabd1cbe4cf59e09d8db41a697d51919bf2dfe727589a24a4a4d54?s=96&d=mm&r=g\",\"caption\":\"Romain Boisaubert\"},\"description\":\"Test bio\",\"url\":\"https:\\\/\\\/www.monaco-tribune.com\\\/it\\\/author\\\/romain-boisaubert\\\/\"}]}<\/script>\n<!-- \/ Yoast SEO Premium plugin. -->","yoast_head_json":{"title":"Alexander Moghadam, il principe dei tappeti iraniani a Monaco","description":"Dal 1977, la Galleria Moghadam vende tappeti persiani variopinti. Alexander Moghadam, padre fondatore della galleria, che presto compir\u00e0 86 anni","robots":{"index":"index","follow":"follow","max-snippet":"max-snippet:-1","max-image-preview":"max-image-preview:large","max-video-preview":"max-video-preview:-1"},"canonical":"https:\/\/www.monaco-tribune.com\/it\/2021\/11\/alexander-moghadam-il-principe-dei-tappeti-iraniani-a-monaco\/","og_locale":"it_IT","og_type":"article","og_title":"Alexander Moghadam, il principe dei tappeti iraniani a Monaco - Monaco Tribune","og_description":"Dal 1977, la Galleria Moghadam vende tappeti persiani variopinti. Alexander Moghadam, padre fondatore della galleria, che presto compir\u00e0 86 anni","og_url":"https:\/\/www.monaco-tribune.com\/it\/2021\/11\/alexander-moghadam-il-principe-dei-tappeti-iraniani-a-monaco\/","og_site_name":"Monaco Tribune","article_publisher":"https:\/\/www.facebook.com\/MonacoTribune","article_published_time":"2021-11-16T17:31:35+00:00","article_modified_time":"2021-11-16T17:39:12+00:00","og_image":[{"width":1024,"height":628,"url":"https:\/\/www.monaco-tribune.com\/wp-content\/uploads\/2021\/11\/alexander-moghadam-min.jpg","type":"image\/jpeg"}],"author":"Romain Boisaubert","twitter_card":"summary_large_image","twitter_creator":"@MonacoTribune","twitter_site":"@MonacoTribune","schema":{"@context":"https:\/\/schema.org","@graph":[{"@type":"NewsArticle","@id":"https:\/\/www.monaco-tribune.com\/it\/2021\/11\/alexander-moghadam-il-principe-dei-tappeti-iraniani-a-monaco\/#article","isPartOf":{"@id":"https:\/\/www.monaco-tribune.com\/it\/2021\/11\/alexander-moghadam-il-principe-dei-tappeti-iraniani-a-monaco\/"},"author":{"name":"Romain Boisaubert","@id":"https:\/\/www.monaco-tribune.com\/it\/#\/schema\/person\/330a3732947cf8cb41b2533a0eadd62e"},"headline":"Alexander Moghadam, il principe dei tappeti iraniani a Monaco","datePublished":"2021-11-16T17:31:35+00:00","dateModified":"2021-11-16T17:39:12+00:00","mainEntityOfPage":{"@id":"https:\/\/www.monaco-tribune.com\/it\/2021\/11\/alexander-moghadam-il-principe-dei-tappeti-iraniani-a-monaco\/"},"wordCount":765,"publisher":{"@id":"https:\/\/www.monaco-tribune.com\/it\/#organization"},"image":{"@id":"https:\/\/www.monaco-tribune.com\/it\/2021\/11\/alexander-moghadam-il-principe-dei-tappeti-iraniani-a-monaco\/#primaryimage"},"thumbnailUrl":"https:\/\/www.monaco-tribune.com\/wp-content\/uploads\/2021\/11\/alexander-moghadam-min.jpg","keywords":["Commercio locale"],"articleSection":["Cosa fare","La nostra scelta","Notizie"],"inLanguage":"it-IT","copyrightYear":"2021","copyrightHolder":{"@id":"https:\/\/www.monaco-tribune.com\/#organization"}},{"@type":"WebPage","@id":"https:\/\/www.monaco-tribune.com\/it\/2021\/11\/alexander-moghadam-il-principe-dei-tappeti-iraniani-a-monaco\/","url":"https:\/\/www.monaco-tribune.com\/it\/2021\/11\/alexander-moghadam-il-principe-dei-tappeti-iraniani-a-monaco\/","name":"Alexander Moghadam, il principe dei tappeti iraniani a Monaco","isPartOf":{"@id":"https:\/\/www.monaco-tribune.com\/it\/#website"},"primaryImageOfPage":{"@id":"https:\/\/www.monaco-tribune.com\/it\/2021\/11\/alexander-moghadam-il-principe-dei-tappeti-iraniani-a-monaco\/#primaryimage"},"image":{"@id":"https:\/\/www.monaco-tribune.com\/it\/2021\/11\/alexander-moghadam-il-principe-dei-tappeti-iraniani-a-monaco\/#primaryimage"},"thumbnailUrl":"https:\/\/www.monaco-tribune.com\/wp-content\/uploads\/2021\/11\/alexander-moghadam-min.jpg","datePublished":"2021-11-16T17:31:35+00:00","dateModified":"2021-11-16T17:39:12+00:00","description":"Dal 1977, la Galleria Moghadam vende tappeti persiani variopinti. Alexander Moghadam, padre fondatore della galleria, che presto compir\u00e0 86 anni","breadcrumb":{"@id":"https:\/\/www.monaco-tribune.com\/it\/2021\/11\/alexander-moghadam-il-principe-dei-tappeti-iraniani-a-monaco\/#breadcrumb"},"inLanguage":"it-IT","potentialAction":[{"@type":"ReadAction","target":["https:\/\/www.monaco-tribune.com\/it\/2021\/11\/alexander-moghadam-il-principe-dei-tappeti-iraniani-a-monaco\/"]}]},{"@type":"ImageObject","inLanguage":"it-IT","@id":"https:\/\/www.monaco-tribune.com\/it\/2021\/11\/alexander-moghadam-il-principe-dei-tappeti-iraniani-a-monaco\/#primaryimage","url":"https:\/\/www.monaco-tribune.com\/wp-content\/uploads\/2021\/11\/alexander-moghadam-min.jpg","contentUrl":"https:\/\/www.monaco-tribune.com\/wp-content\/uploads\/2021\/11\/alexander-moghadam-min.jpg","width":1024,"height":628,"caption":"Romain Boisaubert\/Monaco-Tribune"},{"@type":"BreadcrumbList","@id":"https:\/\/www.monaco-tribune.com\/it\/2021\/11\/alexander-moghadam-il-principe-dei-tappeti-iraniani-a-monaco\/#breadcrumb","itemListElement":[{"@type":"ListItem","position":1,"name":"Accueil","item":"https:\/\/www.monaco-tribune.com\/it\/"},{"@type":"ListItem","position":2,"name":"Alexander Moghadam, il principe dei tappeti iraniani a Monaco"}]},{"@type":"WebSite","@id":"https:\/\/www.monaco-tribune.com\/it\/#website","url":"https:\/\/www.monaco-tribune.com\/it\/","name":"Monaco Tribune","description":"Monaco : actualit\u00e9s \u00e9conomiques, politiques, culturelles et sportives de Monaco et de la French Riviera.","publisher":{"@id":"https:\/\/www.monaco-tribune.com\/it\/#organization"},"potentialAction":[{"@type":"SearchAction","target":{"@type":"EntryPoint","urlTemplate":"https:\/\/www.monaco-tribune.com\/it\/?s={search_term_string}"},"query-input":{"@type":"PropertyValueSpecification","valueRequired":true,"valueName":"search_term_string"}}],"inLanguage":"it-IT"},{"@type":"Organization","@id":"https:\/\/www.monaco-tribune.com\/it\/#organization","name":"Monaco Tribune","url":"https:\/\/www.monaco-tribune.com\/it\/","logo":{"@type":"ImageObject","inLanguage":"it-IT","@id":"https:\/\/www.monaco-tribune.com\/it\/#\/schema\/logo\/image\/","url":"https:\/\/www.monaco-tribune.com\/wp-content\/uploads\/2022\/11\/logo-monaco-tribune.png","contentUrl":"https:\/\/www.monaco-tribune.com\/wp-content\/uploads\/2022\/11\/logo-monaco-tribune.png","width":1548,"height":600,"caption":"Monaco Tribune"},"image":{"@id":"https:\/\/www.monaco-tribune.com\/it\/#\/schema\/logo\/image\/"},"sameAs":["https:\/\/www.facebook.com\/MonacoTribune","https:\/\/x.com\/MonacoTribune","https:\/\/www.instagram.com\/monacotribune\/","https:\/\/www.linkedin.com\/company\/monaco-tribune","https:\/\/www.youtube.com\/channel\/UCHle1MnG6hw1y4lWKijVbMA"]},{"@type":"Person","@id":"https:\/\/www.monaco-tribune.com\/it\/#\/schema\/person\/330a3732947cf8cb41b2533a0eadd62e","name":"Romain Boisaubert","image":{"@type":"ImageObject","inLanguage":"it-IT","@id":"https:\/\/secure.gravatar.com\/avatar\/f8b90d41f1eabd1cbe4cf59e09d8db41a697d51919bf2dfe727589a24a4a4d54?s=96&d=mm&r=g","url":"https:\/\/secure.gravatar.com\/avatar\/f8b90d41f1eabd1cbe4cf59e09d8db41a697d51919bf2dfe727589a24a4a4d54?s=96&d=mm&r=g","contentUrl":"https:\/\/secure.gravatar.com\/avatar\/f8b90d41f1eabd1cbe4cf59e09d8db41a697d51919bf2dfe727589a24a4a4d54?s=96&d=mm&r=g","caption":"Romain Boisaubert"},"description":"Test bio","url":"https:\/\/www.monaco-tribune.com\/it\/author\/romain-boisaubert\/"}]}},"_links":{"self":[{"href":"https:\/\/www.monaco-tribune.com\/it\/wp-json\/wp\/v2\/posts\/99980","targetHints":{"allow":["GET"]}}],"collection":[{"href":"https:\/\/www.monaco-tribune.com\/it\/wp-json\/wp\/v2\/posts"}],"about":[{"href":"https:\/\/www.monaco-tribune.com\/it\/wp-json\/wp\/v2\/types\/post"}],"author":[{"embeddable":true,"href":"https:\/\/www.monaco-tribune.com\/it\/wp-json\/wp\/v2\/users\/24"}],"replies":[{"embeddable":true,"href":"https:\/\/www.monaco-tribune.com\/it\/wp-json\/wp\/v2\/comments?post=99980"}],"version-history":[{"count":0,"href":"https:\/\/www.monaco-tribune.com\/it\/wp-json\/wp\/v2\/posts\/99980\/revisions"}],"wp:featuredmedia":[{"embeddable":true,"href":"https:\/\/www.monaco-tribune.com\/it\/wp-json\/wp\/v2\/media\/99531"}],"wp:attachment":[{"href":"https:\/\/www.monaco-tribune.com\/it\/wp-json\/wp\/v2\/media?parent=99980"}],"wp:term":[{"taxonomy":"category","embeddable":true,"href":"https:\/\/www.monaco-tribune.com\/it\/wp-json\/wp\/v2\/categories?post=99980"},{"taxonomy":"post_tag","embeddable":true,"href":"https:\/\/www.monaco-tribune.com\/it\/wp-json\/wp\/v2\/tags?post=99980"},{"taxonomy":"sectag","embeddable":true,"href":"https:\/\/www.monaco-tribune.com\/it\/wp-json\/wp\/v2\/post_sectags?post=99980"},{"taxonomy":"format","embeddable":true,"href":"https:\/\/www.monaco-tribune.com\/it\/wp-json\/wp\/v2\/post_format?post=99980"}],"curies":[{"name":"wp","href":"https:\/\/api.w.org\/{rel}","templated":true}]}}