{"id":114256,"date":"2022-03-11T13:59:30","date_gmt":"2022-03-11T12:59:30","guid":{"rendered":"https:\/\/www.monaco-tribune.com\/2022\/03\/3-sposoba-besplatno-nasladitsya-festivalem-printemps-des-arts-de-monte-carlo\/"},"modified":"2022-03-11T14:07:36","modified_gmt":"2022-03-11T13:07:36","slug":"3-sposoba-besplatno-nasladitsya-festivalem-printemps-des-arts-de-monte-carlo","status":"publish","type":"post","link":"https:\/\/www.monaco-tribune.com\/ru\/2022\/03\/3-sposoba-besplatno-nasladitsya-festivalem-printemps-des-arts-de-monte-carlo\/","title":{"rendered":"3 \u0441\u043f\u043e\u0441\u043e\u0431\u0430 \u0431\u0435\u0441\u043f\u043b\u0430\u0442\u043d\u043e \u043d\u0430\u0441\u043b\u0430\u0434\u0438\u0442\u044c\u0441\u044f \u0424\u0435\u0441\u0442\u0438\u0432\u0430\u043b\u0435\u043c Printemps des Arts de Monte-Carlo"},"content":{"rendered":"\n<p><strong>\u041e\u0442\u043a\u0440\u043e\u0439\u0442\u0435 \u0434\u043b\u044f \u0441\u0435\u0431\u044f \u0431\u0435\u0441\u043f\u043b\u0430\u0442\u043d\u044b\u0435 \u043c\u0435\u0440\u043e\u043f\u0440\u0438\u044f\u0442\u0438\u044f \u0424\u0435\u0441\u0442\u0438\u0432\u0430\u043b\u044f, \u0441\u0440\u0435\u0434\u0438 \u043a\u043e\u0442\u043e\u0440\u044b\u0445 \u2013 \u043a\u043e\u043d\u0446\u0435\u0440\u0442\u044b, \u043b\u0435\u043a\u0446\u0438\u0438 \u0438 \u043f\u043e\u0441\u0442\u043e\u044f\u043d\u043d\u0430\u044f \u0432\u044b\u0441\u0442\u0430\u0432\u043a\u0430.<\/strong><\/p>\n\n<p>\u0412\u044b \u043f\u043e\u043b\u0430\u0433\u0430\u043b\u0438, \u0447\u0442\u043e \u043d\u0435\u0432\u043e\u0437\u043c\u043e\u0436\u043d\u043e \u0431\u0435\u0441\u043f\u043b\u0430\u0442\u043d\u043e \u043d\u0430\u0441\u043b\u0430\u0434\u0438\u0442\u044c\u0441\u044f \u043f\u0440\u043e\u0433\u0440\u0430\u043c\u043c\u043e\u0439 \u0412\u0435\u0441\u0435\u043d\u043d\u0435\u0433\u043e \u0444\u0435\u0441\u0442\u0438\u0432\u0430\u043b\u044f \u0438\u0441\u043a\u0443\u0441\u0441\u0442\u0432 \u041c\u043e\u043d\u0442\u0435-\u041a\u0430\u0440\u043b\u043e (Printemps des Arts de Monte-Carlo)? \u041c\u044b \u0443\u0432\u0435\u0440\u044f\u0435\u043c \u0432\u0430\u0441, \u0447\u0442\u043e \u044d\u0442\u043e \u043d\u0435 \u0442\u0430\u043a! \u0414\u0430\u0436\u0435 \u0435\u0441\u043b\u0438 \u0432\u0445\u043e\u0434 \u043d\u0430 \u0431\u043e\u043b\u044c\u0448\u0438\u043d\u0441\u0442\u0432\u043e \u043a\u043e\u043d\u0446\u0435\u0440\u0442\u043e\u0432, \u0434\u0435\u0439\u0441\u0442\u0432\u0438\u0442\u0435\u043b\u044c\u043d\u043e, \u043f\u043b\u0430\u0442\u043d\u044b\u0439, \u0424\u0435\u0441\u0442\u0438\u0432\u0430\u043b\u044c \u0442\u0430\u043a\u0436\u0435 \u043f\u0440\u0435\u0434\u043b\u0430\u0433\u0430\u0435\u0442 \u0441\u0435\u0440\u0438\u044e \u043c\u0435\u0440\u043e\u043f\u0440\u0438\u044f\u0442\u0438\u0439, \u043e\u0442\u043a\u0440\u044b\u0442\u044b\u0445 \u0434\u043b\u044f \u0432\u0441\u0435\u0445. <\/p>\n\n<h2 class=\"wp-block-heading\" id=\"h-les-concerts-et-master-classes\">\u041a\u043e\u043d\u0446\u0435\u0440\u0442\u044b \u0438 \u043c\u0430\u0441\u0442\u0435\u0440-\u043a\u043b\u0430\u0441\u0441\u044b<\/h2>\n\n<div class=\"wp-block-image\"><figure class=\"aligncenter size-large\"><img loading=\"lazy\" decoding=\"async\" width=\"1024\" height=\"449\" src=\"https:\/\/www.monaco-tribune.com\/wp-content\/uploads\/2022\/03\/concerts-printemps-des-arts-1024x449.jpeg\" alt=\"concerts-printemps-des-arts\" class=\"wp-image-114243\" srcset=\"https:\/\/www.monaco-tribune.com\/wp-content\/uploads\/2022\/03\/concerts-printemps-des-arts-1024x449.jpeg 1024w, https:\/\/www.monaco-tribune.com\/wp-content\/uploads\/2022\/03\/concerts-printemps-des-arts-600x263.jpeg 600w, https:\/\/www.monaco-tribune.com\/wp-content\/uploads\/2022\/03\/concerts-printemps-des-arts.jpeg 1140w\" sizes=\"auto, (max-width: 1024px) 100vw, 1024px\" \/><figcaption><em>\u00a9 Alain Hanel 2019<\/em><\/figcaption><\/figure><\/div>\n\n<p><strong>\u041f\u043e\u043d\u0435\u0434\u0435\u043b\u044c\u043d\u0438\u043a 14 \u043c\u0430\u0440\u0442\u0430:<\/strong> \u041c\u0430\u0441\u0442\u0435\u0440-\u041a\u043b\u0430\u0441\u0441 \u0416\u0430\u043d\u0430-\u042d\u0444\u0444\u043b\u0430\u043c\u0430 \u0411\u0430\u0432\u0443\u0437\u0435 (Jean-Efflam Bavouzet), \u0444\u043e\u0440\u0442\u0435\u043f\u0438\u0430\u043d\u043e.<\/p>\n\n<p><em>\u041a\u0443\u043b\u044c\u0442\u0443\u0440\u043d\u044b\u0439 \u0426\u0435\u043d\u0442\u0440 \u0438\u043c\u0435\u043d\u0438 \u041d\u0430\u0441\u043b\u0435\u0434\u043d\u043e\u0433\u043e \u041f\u0440\u0438\u043d\u0446\u0430 \u0416\u0430\u043a\u0430 (Centre culturel Prince Jacques), Beausoleil, 10:00 \/ 13:00, <a href=\"https:\/\/indiv.themisweb.fr\/0526\/fChoixSeance.aspx?idstructure=0526&amp;EventId=861&amp;request=QcE+w0WHSuCzWDnDWpkYGsQqvYDsJea2Q7KlOt6kcTNYuvTuzY8RVS\/3JissyMfd711wvLSOhvs=\">\u0437\u0430\u0431\u0440\u043e\u043d\u0438\u0440\u043e\u0432\u0430\u0442\u044c<\/a>.<\/em><\/p>\n\n<p id=\"h-samedi-19-mars-concert-carte-blanche-aux-conservatoires-les-jeunes-musiciens-de-l-academie-rainier-iii-de-monaco-et-des-conservatoires-de-la-region-montent-sur-scene-pour-interpreter-les-oeuvres-de-debussy-brahms-mozart-ou-encore-rachmaninov\"><strong>\u0421\u0443\u0431\u0431\u043e\u0442\u0430 19 \u043c\u0430\u0440\u0442\u0430:<\/strong> <strong>\u041a\u043e\u043d\u0446\u0435\u0440\u0442 \u00ab\u041a\u0430\u0440\u0442-\u0431\u043b\u0430\u043d\u0448 \u041a\u043e\u043d\u0441\u0435\u0440\u0432\u0430\u0442\u043e\u0440\u0438\u044f\u043c\u00bb (\u00abCarte Blanche aux Conservatoires\u00bb).<\/strong> \u041d\u0430 \u0441\u0446\u0435\u043d\u0443 \u043f\u043e\u0434\u043d\u0438\u043c\u0443\u0442\u0441\u044f \u043c\u043e\u043b\u043e\u0434\u044b\u0435 \u043c\u0443\u0437\u044b\u043a\u0430\u043d\u0442\u044b \u0410\u043a\u0430\u0434\u0435\u043c\u0438\u0438 \u0438\u043c\u0435\u043d\u0438 \u041a\u043d\u044f\u0437\u044f \u041c\u043e\u043d\u0430\u043a\u043e \u0420\u0435\u043d\u044c\u0435 III (Acad\u00e9mie Rainier III de Monaco) \u0438 \u043c\u0435\u0441\u0442\u043d\u044b\u0445 \u043a\u043e\u043d\u0441\u0435\u0440\u0432\u0430\u0442\u043e\u0440\u0438\u0439, \u0447\u0442\u043e\u0431\u044b \u0438\u0441\u043f\u043e\u043b\u043d\u0438\u0442\u044c \u043f\u0440\u043e\u0438\u0437\u0432\u0435\u0434\u0435\u043d\u0438\u044f \u0414\u0435\u0431\u044e\u0441\u0441\u0438 (Debussy), \u0411\u0440\u0430\u043c\u0441\u0430 (Brahms), \u041c\u043e\u0446\u0430\u0440\u0442\u0430 (Mozart) \u0438\u043b\u0438 \u0436\u0435 \u0420\u0430\u0445\u043c\u0430\u043d\u0438\u043d\u043e\u0432\u0430 (Rachmaninov).<\/p>\n\n<p><em>\u041a\u043e\u043d\u0446\u0435\u0440\u0442\u043d\u044b\u0439 \u0437\u0430\u043b Auditorium Rainier III, 15:00, <a href=\"https:\/\/indiv.themisweb.fr\/0526\/fChoixSeance.aspx?idstructure=0526&amp;EventId=856&amp;request=QcE+w0WHSuCzWDnDWpkYGsQqvYDsJea2T0akdsTkFtiuK3JcpvyAyGIfSWYIt+PR09F6fknaJANomBZAzTf6Ysda0a6kbgBD\">\u0437\u0430\u0431\u0440\u043e\u043d\u0438\u0440\u043e\u0432\u0430\u0442\u044c<\/a>.<\/em><\/p>\n\n<p><strong>\u0421\u0443\u0431\u0431\u043e\u0442\u0430 26 \u043c\u0430\u0440\u0442\u0430:<\/strong> <strong>\u041c\u0430\u0441\u0442\u0435\u0440-\u041a\u043b\u0430\u0441\u0441<\/strong> \u0412\u0430\u0440\u0434\u0430\u043d\u0430 \u041c\u0430\u043c\u0438\u043a\u043e\u043d\u044f\u043d\u0430 (Vardan Mamikonian), \u0444\u043e\u0440\u0442\u0435\u043f\u0438\u0430\u043d\u043e.<\/p>\n\n<p><em>\u0420\u0435\u0433\u0438\u043e\u043d\u0430\u043b\u044c\u043d\u0430\u044f \u041a\u043e\u043d\u0441\u0435\u0440\u0432\u0430\u0442\u043e\u0440\u0438\u044f \u041d\u0438\u0446\u0446\u044b (Conservatoire \u00e0 Rayonnement R\u00e9gional de Nice), 10:00, <a href=\"https:\/\/indiv.themisweb.fr\/0526\/fChoixSeance.aspx?idstructure=0526&amp;EventId=859&amp;request=QcE+w0WHSuCzWDnDWpkYGsQqvYDsJea2a8LrzmSRqRRruF86qmKoti1TaUmZNSVwStcvy8F6XhA=\">\u0437\u0430\u0431\u0440\u043e\u043d\u0438\u0440\u043e\u0432\u0430\u0442\u044c<\/a>.<\/em><\/p>\n\n<p><strong>\u0421\u0443\u0431\u0431\u043e\u0442\u0430 2 \u0430\u043f\u0440\u0435\u043b\u044f:<\/strong> <strong>\u041c\u0430\u0441\u0442\u0435\u0440-\u041a\u043b\u0430\u0441\u0441<\/strong> \u042d\u043c\u043c\u0430\u043d\u044e\u044d\u043b\u044f \u041a\u0451\u0440\u0442\u0430 (Emmanuel Curt), \u0443\u0434\u0430\u0440\u043d\u044b\u0435.<\/p>\n\n<p><em>\u0420\u0435\u0433\u0438\u043e\u043d\u0430\u043b\u044c\u043d\u0430\u044f \u041a\u043e\u043d\u0441\u0435\u0440\u0432\u0430\u0442\u043e\u0440\u0438\u044f \u041d\u0438\u0446\u0446\u044b (Conservatoire \u00e0 Rayonnement R\u00e9gional de Nice), 10:00, <a href=\"https:\/\/indiv.themisweb.fr\/0526\/fChoixSeance.aspx?idstructure=0526&amp;EventId=860&amp;request=QcE+w0WHSuCzWDnDWpkYGsQqvYDsJea2qc1\/VBz0Kd9ImdfURBgfR0NfvcnBt903zh10TgSeGpE=\">\u0437\u0430\u0431\u0440\u043e\u043d\u0438\u0440\u043e\u0432\u0430\u0442\u044c<\/a>.<\/em><\/p>\n\n<h2 class=\"wp-block-heading\" id=\"h-l-exposition-permanente\">\u041f\u043e\u0441\u0442\u043e\u044f\u043d\u043d\u0430\u044f \u0432\u044b\u0441\u0442\u0430\u0432\u043a\u0430<\/h2>\n\n<div class=\"wp-block-image\"><figure class=\"aligncenter size-full\"><img loading=\"lazy\" decoding=\"async\" width=\"1020\" height=\"448\" src=\"https:\/\/www.monaco-tribune.com\/wp-content\/uploads\/2022\/03\/exposition-printemps-des-arts-monaco.jpeg\" alt=\"exposition-printemps-des-arts-monaco\" class=\"wp-image-114234\" srcset=\"https:\/\/www.monaco-tribune.com\/wp-content\/uploads\/2022\/03\/exposition-printemps-des-arts-monaco.jpeg 1020w, https:\/\/www.monaco-tribune.com\/wp-content\/uploads\/2022\/03\/exposition-printemps-des-arts-monaco-600x264.jpeg 600w\" sizes=\"auto, (max-width: 1020px) 100vw, 1020px\" \/><figcaption><em>\u00a9 Sergei Parajanov, I Sold the Dacha. 1985<\/em><\/figcaption><\/figure><\/div>\n\n<p><strong>\u0412\u044b\u0441\u0442\u0430\u0432\u043a\u0430 \u0440\u0430\u0431\u043e\u0442 \u0421\u0435\u0440\u0433\u0435\u044f \u041f\u0430\u0440\u0430\u0434\u0436\u0430\u043d\u043e\u0432\u0430 (Sergei Parajanov):<\/strong> \u043f\u043e\u0441\u043a\u043e\u043b\u044c\u043a\u0443 \u0438\u0441\u043a\u0443\u0441\u0441\u0442\u0432\u043e \u0434\u0430\u043b\u0435\u043a\u043e \u043d\u0435 \u043e\u0433\u0440\u0430\u043d\u0438\u0447\u0438\u0432\u0430\u0435\u0442\u0441\u044f \u043c\u0443\u0437\u044b\u043a\u043e\u0439, \u0432 \u044d\u0442\u043e\u043c \u0433\u043e\u0434\u0443 \u0424\u0435\u0441\u0442\u0438\u0432\u0430\u043b\u044c \u0447\u0435\u0441\u0442\u0432\u0443\u0435\u0442 \u0430\u0440\u043c\u044f\u043d\u0441\u043a\u043e\u0433\u043e \u043a\u0438\u043d\u043e\u0440\u0435\u0436\u0438\u0441\u0441\u0435\u0440\u0430 \u043f\u043e\u0441\u0432\u044f\u0449\u0435\u043d\u043d\u043e\u0439 \u0435\u043c\u0443 \u0432\u044b\u0441\u0442\u0430\u0432\u043a\u043e\u0439. \u041e\u043d\u0430 \u0431\u0443\u0434\u0435\u0442 \u0442\u043e\u0440\u0436\u0435\u0441\u0442\u0432\u0435\u043d\u043d\u043e \u043e\u0442\u043a\u0440\u044b\u0442\u0430 26 \u043c\u0430\u0440\u0442\u0430 \u0432 \u041e\u043f\u0435\u0440\u0435 \u041c\u043e\u043d\u0442\u0435-\u041a\u0430\u0440\u043b\u043e (Op\u00e9ra de Monte-Carlo), \u043d\u043e \u0443\u0436\u0435 \u0441\u0435\u0439\u0447\u0430\u0441 \u0434\u043e\u0441\u0442\u0443\u043f\u043d\u0430 \u043a \u043f\u043e\u0441\u0435\u0449\u0435\u043d\u0438\u044e \u0432 \u0410\u0442\u0440\u0438\u0443\u043c\u0435 (Atrium). \u0412\u044b \u0441\u043c\u043e\u0436\u0435\u0442\u0435 \u043f\u043e\u0437\u043d\u0430\u043a\u043e\u043c\u0438\u0442\u044c\u0441\u044f \u0441 \u043e\u0431\u0448\u0438\u0440\u043d\u043e\u0439 \u043a\u043e\u043b\u043b\u0435\u043a\u0446\u0438\u0435\u0439 \u043a\u043e\u043b\u043b\u0430\u0436\u0435\u0439, \u0438\u043d\u0441\u0442\u0430\u043b\u043b\u044f\u0446\u0438\u0439 \u0438 \u044d\u0441\u043a\u0438\u0437\u043e\u0432 \u0445\u0443\u0434\u043e\u0436\u043d\u0438\u043a\u0430, \u043f\u0440\u0435\u0434\u043e\u0441\u0442\u0430\u0432\u043b\u0435\u043d\u043d\u043e\u0439 \u041c\u0443\u0437\u0435\u0435\u043c \u0421\u0435\u0440\u0433\u0435\u044f \u041f\u0430\u0440\u0430\u0434\u0436\u0430\u043d\u043e\u0432\u0430 (Mus\u00e9e Sergei Parajanov).<\/p>\n\n<p><a href=\"https:\/\/www.printempsdesarts.mc\/exposition-sergei-paradjanov\"><em>\u0414\u043e\u043f\u043e\u043b\u043d\u0438\u0442\u0435\u043b\u044c\u043d\u0430\u044f \u0438\u043d\u0444\u043e\u0440\u043c\u0430\u0446\u0438\u044f<\/em><\/a><\/p>\n\n<h2 class=\"wp-block-heading\" id=\"h-les-tables-rondes-et-conferences\">\u041b\u0435\u043a\u0446\u0438\u0438 \u0438 \u043a\u0440\u0443\u0433\u043b\u044b\u0435 \u0441\u0442\u043e\u043b\u044b<\/h2>\n\n<div class=\"wp-block-image\"><figure class=\"aligncenter size-full\"><img loading=\"lazy\" decoding=\"async\" width=\"1020\" height=\"447\" src=\"https:\/\/www.monaco-tribune.com\/wp-content\/uploads\/2022\/03\/conferences-tables-rondes-printemps-des-arts.jpeg\" alt=\"conferences-tables-rondes-printemps-des-arts\" class=\"wp-image-114238\" srcset=\"https:\/\/www.monaco-tribune.com\/wp-content\/uploads\/2022\/03\/conferences-tables-rondes-printemps-des-arts.jpeg 1020w, https:\/\/www.monaco-tribune.com\/wp-content\/uploads\/2022\/03\/conferences-tables-rondes-printemps-des-arts-600x263.jpeg 600w\" sizes=\"auto, (max-width: 1020px) 100vw, 1020px\" \/><figcaption><em>\u0432\u0441\u0435 \u043f\u0440\u0430\u0432\u0430 \u0437\u0430\u0449\u0438\u0449\u0435\u043d\u044b<\/em><\/figcaption><\/figure><\/div>\n\n<p>\u041b\u044e\u0431\u043e\u0432\u044c \u043a \u043c\u0443\u0437\u044b\u043a\u0435 \u043f\u0438\u0442\u0430\u0435\u0442\u0441\u044f \u0442\u0430\u043a\u0436\u0435 \u0438 \u0435\u0451 \u043f\u043e\u043d\u0438\u043c\u0430\u043d\u0438\u0435\u043c. \u0418\u043c\u0435\u043d\u043d\u043e \u043f\u043e\u044d\u0442\u043e\u043c\u0443 \u043f\u0440\u043e\u0433\u0440\u0430\u043c\u043c\u0430 \u0424\u0435\u0441\u0442\u0438\u0432\u0430\u043b\u044f \u043f\u0440\u0435\u0434\u043b\u0430\u0433\u0430\u0435\u0442 \u0430\u0431\u0441\u043e\u043b\u044e\u0442\u043d\u043e \u0431\u0435\u0441\u043f\u043b\u0430\u0442\u043d\u044b\u0439 \u0446\u0438\u043a\u043b \u043a\u0440\u0443\u0433\u043b\u044b\u0445 \u0441\u0442\u043e\u043b\u043e\u0432, \u043b\u0435\u043a\u0446\u0438\u0439 \u0438 \u043a\u043e\u043d\u0444\u0435\u0440\u0435\u043d\u0446\u0438\u0439. <\/p>\n\n<p><strong>\u041f\u044f\u0442\u043d\u0438\u0446\u0430 11 \u043c\u0430\u0440\u0442\u0430: \u00ab\u0411\u043e\u043b\u044c\u0448\u0430\u044f \u0433\u0430\u043b\u0435\u0440\u0435\u044f \u0441\u0442\u0438\u043b\u0438\u0441\u0442\u0438\u0447\u0435\u0441\u043a\u043e\u0439 \u044d\u0432\u043e\u043b\u044e\u0446\u0438\u0438\u00bb (\u00abLa grande galerie de l\u2019\u00e9volution stylistique\u00bb),<\/strong> \u043f\u0440\u0438 \u0443\u0447\u0430\u0441\u0442\u0438\u0438 \u0438\u0441\u0442\u043e\u0440\u0438\u043a\u0430 \u042d\u043b\u0438\u0437\u0430\u0431\u0435\u0442 \u0411\u0440\u0438\u0441\u0441\u043e\u043d (Elisabeth Brisson), \u0445\u0443\u0434\u043e\u0436\u0435\u0441\u0442\u0432\u0435\u043d\u043d\u043e\u0433\u043e \u0440\u0443\u043a\u043e\u0432\u043e\u0434\u0438\u0442\u0435\u043b\u044f \u0424\u0435\u0441\u0442\u0438\u0432\u0430\u043b\u044f \u0411\u0440\u044e\u043d\u043e \u041c\u0430\u043d\u0442\u043e\u0432\u0430\u043d\u0438 (Bruno Mantovani) \u0438 \u043c\u0443\u0437\u044b\u043a\u043e\u0432\u0435\u0434\u0430 \u042d\u043c\u043c\u0430\u043d\u044e\u044d\u043b\u044f \u0420\u044d\u0431\u0435\u043b\u044f (Emmanuel Reibel). \u041c\u043e\u0434\u0435\u0440\u0430\u0442\u043e\u0440\u043e\u043c \u0432\u044b\u0441\u0442\u0443\u043f\u0438\u0442 \u043c\u0443\u0437\u044b\u043a\u043e\u0432\u0435\u0434 \u0422\u0440\u0438\u0441\u0442\u0430\u043d \u041b\u0430\u0431\u0443\u0440\u0435 (Tristan Labouret).<\/p>\n\n<p><em>\u041a\u043b\u0443\u0431 \u0418\u043d\u043e\u0441\u0442\u0440\u0430\u043d\u043d\u044b\u0445 \u0420\u0435\u0437\u0438\u0434\u0435\u043d\u0442\u043e\u0432 \u041c\u043e\u043d\u0430\u043a\u043e (Club des R\u00e9sidents \u00c9trangers de Monaco), 18:30, <a href=\"https:\/\/indiv.themisweb.fr\/0526\/fChoixSeance.aspx?idstructure=0526&amp;EventId=875&amp;request=QcE+w0WHSuCzWDnDWpkYGsQqvYDsJea2KKra2VbhZLALfys3KAP36qAbZUjOoNCyWQ\/H9lF5h9I=\">\u0437\u0430\u0431\u0440\u043e\u043d\u0438\u0440\u043e\u0432\u0430\u0442\u044c<\/a>.<\/em><\/p>\n\n<p><strong>\u0421\u0443\u0431\u0431\u043e\u0442\u0430 12 \u043c\u0430\u0440\u0442\u0430: \u00ab\u041a\u043b\u043e\u0434 \u0414\u0435\u0431\u044e\u0441\u0441\u0438 \u043d\u0430 \u0444\u043e\u0440\u0442\u0435\u043f\u0438\u0430\u043d\u043e: \u043f\u0440\u0435\u0441\u0435\u0447\u044c \u0438\u043b\u0438 \u0443\u0432\u0435\u043a\u043e\u0432\u0435\u0447\u0438\u0442\u044c?\u00bb (\u00abClaude Debussy au piano : rompre ou perp\u00e9tuer?\u00bb)<\/strong>, \u043e\u0442 \u043c\u0443\u0437\u044b\u043a\u043e\u0432\u0435\u0434\u0430 \u0420\u0435\u043c\u0438 \u041a\u0430\u043c\u043f\u043e\u0441\u0430 (R\u00e9my Campos).<\/p>\n\n<p><em>\u041e\u043a\u0435\u0430\u043d\u043e\u0433\u0440\u0430\u0444\u0438\u0447\u0435\u0441\u043a\u0438\u0439 \u043c\u0443\u0437\u0435\u0439 (Mus\u00e9e Oc\u00e9anographique), 18:30, <a href=\"https:\/\/indiv.themisweb.fr\/0526\/fChoixSeance.aspx?idstructure=0526&amp;EventId=847&amp;request=QcE+w0WHSuCzWDnDWpkYGsQqvYDsJea22xtXLehY02wu4nhqPd\/M\/RFWZqMbfazRwpiv0SYqabA=\">\u0437\u0430\u0431\u0440\u043e\u043d\u0438\u0440\u043e\u0432\u0430\u0442\u044c<\/a>.<\/em><\/p>\n\n<p><strong>\u0427\u0435\u0442\u0432\u0435\u0440\u0433 17 \u043c\u0430\u0440\u0442\u0430: \u0412\u0441\u0442\u0440\u0435\u0447\u0430 \u0441 \u043a\u043e\u043c\u043f\u043e\u0437\u0438\u0442\u043e\u0440\u043e\u043c \u042f\u043d\u043e\u043c \u041c\u0430\u0440\u0435\u0448\u0435\u043c (Yan Maresz).<\/strong> \u041c\u043e\u0434\u0435\u0440\u0430\u0442\u043e\u0440 \u2013 \u043c\u0443\u0437\u044b\u043a\u043e\u0432\u0435\u0434 \u0422\u0440\u0438\u0441\u0442\u0430\u043d \u041b\u0430\u0431\u0443\u0440\u0435.<\/p>\n\n<p><em>\u041e\u043a\u0435\u0430\u043d\u043e\u0433\u0440\u0430\u0444\u0438\u0447\u0435\u0441\u043a\u0438\u0439 \u043c\u0443\u0437\u0435\u0439, 18:30, <a href=\"https:\/\/indiv.themisweb.fr\/0526\/fChoixSeance.aspx?idstructure=0526&amp;EventId=867&amp;request=QcE+w0WHSuCzWDnDWpkYGsQqvYDsJea2cF4yEbmgRZxFg1bc6o2by+y64HBwzUcf\">\u0437\u0430\u0431\u0440\u043e\u043d\u0438\u0440\u043e\u0432\u0430\u0442\u044c<\/a>.<\/em><\/p>\n\n<p><strong>\u041f\u044f\u0442\u043d\u0438\u0446\u0430 18 \u043c\u0430\u0440\u0442\u0430: \u0412\u0441\u0442\u0440\u0435\u0447\u0430 \u0441 \u043e\u0440\u0433\u0430\u043d\u0438\u0441\u0442\u043e\u043c \u042d\u0440\u0438\u043a\u043e\u043c \u041b\u0451\u0431\u0440\u0430\u043d\u043e\u043c (\u00c9ric Lebrun) \u043f\u043e\u0434 \u043d\u0430\u0437\u0432\u0430\u043d\u0438\u0435\u043c \u00ab\u041e\u0440\u0433\u0430\u043d \u0418\u043e\u0433\u0430\u043d\u043d\u0430 \u0421\u0435\u0431\u0430\u0441\u0442\u044c\u044f\u043d\u0430 \u0411\u0430\u0445\u0430\u00bb (\u00abL\u2019orgue de Johann Sebastian Bach\u00bb).<\/strong> \u041c\u043e\u0434\u0435\u0440\u0430\u0442\u043e\u0440 \u2013 \u043c\u0443\u0437\u044b\u043a\u043e\u0432\u0435\u0434 \u0422\u0440\u0438\u0441\u0442\u0430\u043d \u041b\u0430\u0431\u0443\u0440\u0435.<\/p>\n\n<p><em>\u0426\u0435\u0440\u043a\u043e\u0432\u044c \u0421\u0432\u044f\u0442\u043e\u0433\u043e \u0421\u0435\u0440\u0434\u0446\u0430 (\u00c9glise du Sacr\u00e9-C\u0153ur), 18:30, <a href=\"https:\/\/indiv.themisweb.fr\/0526\/fChoixSeance.aspx?idstructure=0526&amp;EventId=876&amp;request=QcE+w0WHSuCzWDnDWpkYGsQqvYDsJea2AcmstADcTq207wyd3+tEG4RfuKCH8cNR\">\u0437\u0430\u0431\u0440\u043e\u043d\u0438\u0440\u043e\u0432\u0430\u0442\u044c<\/a>.<\/em><\/p>\n\n<p><strong>\u0421\u0443\u0431\u0431\u043e\u0442\u0430 19 \u043c\u0430\u0440\u0442\u0430: \u00ab\u0421\u0442\u0440\u0443\u043d\u043d\u044b\u0439 \u043a\u0432\u0430\u0440\u0442\u0435\u0442: \u043d\u0430\u043f\u0438\u0441\u0430\u043d\u0438\u0435 \u0438 \u043f\u0440\u0430\u043a\u0442\u0438\u043a\u0430\u00bb (\u00abLe quatuor \u00e0 cordes, \u00e9criture et pratique\u00bb)<\/strong>, \u043f\u0440\u0438 \u0443\u0447\u0430\u0441\u0442\u0438\u0438 \u0447\u043b\u0435\u043d\u043e\u0432 Quatuor Voce, \u043c\u0443\u0437\u044b\u043a\u043e\u0432\u0435\u0434\u0430 \u0421\u0442\u0435\u0444\u0430\u043d\u0430 \u0413\u043e\u043b\u044c\u0434\u0435 (St\u00e9phane Goldet) \u0438 \u0445\u0443\u0434\u043e\u0436\u0435\u0441\u0442\u0432\u0435\u043d\u043d\u043e\u0433\u043e \u0440\u0443\u043a\u043e\u0432\u043e\u0434\u0438\u0442\u0435\u043b\u044f \u0424\u0435\u0441\u0442\u0438\u0432\u0430\u043b\u044f \u0411\u0440\u044e\u043d\u043e \u041c\u0430\u043d\u0442\u043e\u0432\u0430\u043d\u0438. \u041c\u043e\u0434\u0435\u0440\u0430\u0442\u043e\u0440 \u2013 \u043c\u0443\u0437\u044b\u043a\u043e\u0432\u0435\u0434 \u0422\u0440\u0438\u0441\u0442\u0430\u043d \u041b\u0430\u0431\u0443\u0440\u0435.<\/p>\n\n<p><em>H\u00f4tel Hermitage, Salon Belle \u00c9poque, 18:30, <a href=\"https:\/\/indiv.themisweb.fr\/0526\/fChoixSeance.aspx?idstructure=0526&amp;EventId=889&amp;request=QcE+w0WHSuCzWDnDWpkYGsQqvYDsJea2tjQjiVZLQ8azxzhXydkpVdy9pj1wU9d\/s2Q3tf1t9LU=\">\u0437\u0430\u0431\u0440\u043e\u043d\u0438\u0440\u043e\u0432\u0430\u0442\u044c<\/a><\/em><em>.<\/em><\/p>\n\n<p><strong>\u0427\u0435\u0442\u0432\u0435\u0440\u0433 24 \u043c\u0430\u0440\u0442\u0430: \u0412\u0441\u0442\u0440\u0435\u0447\u0430 \u0441 \u043a\u043e\u043c\u043f\u043e\u0437\u0438\u0442\u043e\u0440\u043e\u043c \u0411\u0430\u0441\u0442\u044c\u0435\u043d\u043e\u043c \u0414\u0430\u0432\u0438\u0434\u043e\u043c (Bastien David).<\/strong> \u041c\u043e\u0434\u0435\u0440\u0430\u0442\u043e\u0440 \u2013 \u043c\u0443\u0437\u044b\u043a\u043e\u0432\u0435\u0434 \u0422\u0440\u0438\u0441\u0442\u0430\u043d \u041b\u0430\u0431\u0443\u0440\u0435.<\/p>\n\n<p><em>\u0422\u0435\u0430\u0442\u0440 \u0412\u0430\u0440\u044c\u0435\u0442\u0435 (Th\u00e9\u00e2tre des Vari\u00e9t\u00e9s), 18:30, <a href=\"https:\/\/indiv.themisweb.fr\/0526\/fChoixSeance.aspx?idstructure=0526&amp;EventId=869&amp;request=QcE+w0WHSuCzWDnDWpkYGsQqvYDsJea2P5yDB4y9q+\/+DPdNA0AWykovSjr\/HSJK\">\u0437\u0430\u0431\u0440\u043e\u043d\u0438\u0440\u043e\u0432\u0430\u0442\u044c.<\/a><\/em><\/p>\n\n<p><strong>\u041f\u044f\u0442\u043d\u0438\u0446\u0430 25 \u043c\u0430\u0440\u0442\u0430: \u0412\u0441\u0442\u0440\u0435\u0447\u0430 \u0441 \u0410\u043d\u0430\u0438\u0442 \u041c\u0438\u043a\u0430\u0435\u043b\u044f\u043d (Anahit Mikayelyan) \u0438\u0437 \u041c\u0443\u0437\u0435\u044f \u0421\u0435\u0440\u0433\u0435\u044f \u041f\u0430\u0440\u0430\u0434\u0436\u0430\u043d\u043e\u0432\u0430 \u0438 \u043a\u043e\u043c\u043f\u043e\u0437\u0438\u0442\u043e\u0440\u043e\u043c \u041c\u0438\u0448\u0435\u043b\u0435\u043c \u041f\u0435\u0442\u0440\u043e\u0441\u044f\u043d\u043e\u043c (Michel Petrossian), \u043f\u043e\u0434 \u043d\u0430\u0437\u0432\u0430\u043d\u0438\u0435\u043c \u00ab\u0410\u0440\u043c\u044f\u043d\u0441\u043a\u0438\u0439 \u0444\u043e\u043b\u044c\u043a\u043b\u043e\u0440 \u0438 \u0443\u0447\u0435\u043d\u043e\u0435 \u0438\u0441\u043a\u0443\u0441\u0441\u0442\u0432\u043e\u00bb.<\/strong> \u041c\u043e\u0434\u0435\u0440\u0430\u0442\u043e\u0440 \u2013 \u043c\u0443\u0437\u044b\u043a\u043e\u0432\u0435\u0434 \u0422\u0440\u0438\u0441\u0442\u0430\u043d \u041b\u0430\u0431\u0443\u0440\u0435.<\/p>\n\n<p><em>One Monte-Carlo, \u0410\u043c\u0444\u0438\u0442\u0435\u0430\u0442\u0440, 18:30, <a href=\"https:\/\/indiv.themisweb.fr\/0526\/fChoixSeance.aspx?idstructure=0526&amp;EventId=868&amp;request=QcE+w0WHSuCzWDnDWpkYGsQqvYDsJea2aRoV1+yZzWNdoYhyR7NphyicQwro+DiN\">\u0437\u0430\u0431\u0440\u043e\u043d\u0438\u0440\u043e\u0432\u0430\u0442\u044c<\/a>.<\/em><\/p>\n\n<p><strong>\u0427\u0435\u0442\u0432\u0435\u0440\u0433 31 \u043c\u0430\u0440\u0442\u0430: \u00ab\u041a\u0440\u0430\u0441\u043d\u044b\u0439 \u0432\u0435\u043a: \u0441\u043e\u0432\u0435\u0442\u0441\u043a\u0438\u0435 \u043c\u0443\u0437\u044b\u043a\u0430\u043d\u0442\u044b \u043f\u0435\u0440\u0435\u0434 \u043b\u0438\u0446\u043e\u043c \u0432\u043b\u0430\u0441\u0442\u0438\u00bb (\u00abLe si\u00e8cle rouge : les musiciens sovi\u00e9tiques face au pouvoir\u00bb)<\/strong>, \u043f\u0440\u0438 \u0443\u0447\u0430\u0441\u0442\u0438\u0438 \u043c\u0443\u0437\u044b\u043a\u043e\u0432\u0435\u0434\u0430 \u0428\u0430\u0440\u043b\u043e\u0442\u0442\u044b \u0416\u0438\u043d\u043e-\u0421\u043b\u0430\u0441\u0438\u043a (Charlotte Ginot-Slacik) \u0438 \u0445\u0443\u0434\u043e\u0436\u0435\u0441\u0442\u0432\u0435\u043d\u043d\u043e\u0433\u043e \u0440\u0443\u043a\u043e\u0432\u043e\u0434\u0438\u0442\u0435\u043b\u044f \u0424\u0435\u0441\u0442\u0438\u0432\u0430\u043b\u044f \u0411\u0440\u044e\u043d\u043e \u041c\u0430\u043d\u0442\u043e\u0432\u0430\u043d\u0438.<\/p>\n\n<p><em>\u041a\u0430\u0444\u0435 \u0426\u0438\u0440\u043a\u0430 \u041c\u043e\u043d\u0442\u0435-\u041a\u0430\u0440\u043b\u043e (Caf\u00e9 du Cirque de Monte-Carlo), 18:30, <a href=\"https:\/\/indiv.themisweb.fr\/0526\/fChoixSeance.aspx?idstructure=0526&amp;EventId=849&amp;request=QcE+w0WHSuCzWDnDWpkYGsQqvYDsJea2+5oPAQw0lP++lfGVOQMjNXGD8AzvxBso6SxNCL6YjCc=\">\u0437\u0430\u0431\u0440\u043e\u043d\u0438\u0440\u043e\u0432\u0430\u0442\u044c<\/a>.<\/em><\/p>\n\n<p><\/p>\n\n<p>\u041e\u0431\u0440\u0430\u0449\u0430\u0435\u043c \u0432\u0430\u0448\u0435 \u0432\u043d\u0438\u043c\u0430\u043d\u0438\u0435, \u0447\u0442\u043e \u0431\u0438\u043b\u0435\u0442\u044b \u043d\u0430 \u0431\u043e\u043b\u044c\u0448\u0438\u043d\u0441\u0442\u0432\u043e \u043f\u043b\u0430\u0442\u043d\u044b\u0445 \u043c\u0435\u0440\u043e\u043f\u0440\u0438\u044f\u0442\u0438\u0439 \u043f\u0440\u0435\u0434\u043b\u0430\u0433\u0430\u044e\u0442\u0441\u044f \u043f\u043e \u043d\u0438\u0437\u043a\u0438\u043c \u0446\u0435\u043d\u044b\u043c, \u0431\u043b\u0430\u0433\u043e\u0434\u0430\u0440\u044f \u043b\u044c\u0433\u043e\u0442\u043d\u044b\u043c \u0442\u0430\u0440\u0438\u0444\u0430\u043c. \u0412\u044b \u043c\u043e\u0436\u0435\u0442\u0435 \u043f\u043e\u0441\u0435\u0442\u0438\u0442\u044c, \u043a \u043f\u0440\u0438\u043c\u0435\u0440\u0443, \u043a\u043e\u043d\u0446\u0435\u0440\u0442 Quatuor Voce 19 \u0438 20 \u043c\u0430\u0440\u0442\u0430, \u043f\u043e\u043a\u0430\u0437 \u043a\u0438\u043d\u043e\u043a\u0430\u0440\u0442\u0438\u043d\u044b \u0421\u0435\u0440\u0433\u0435\u044f \u041f\u0430\u0440\u0430\u0434\u0436\u0430\u043d\u043e\u0432\u0430 \u00ab\u0426\u0432\u0435\u0442 \u0433\u0440\u0430\u043d\u0430\u0442\u0430\u00bb (\u00abCouleur de la Grenade\u00bb) 26 \u043c\u0430\u0440\u0442\u0430 \u0438\u043b\u0438 \u0436\u0435 \u043a\u043e\u043d\u0446\u0435\u0440\u0442 \u0434\u043b\u044f \u0432\u0441\u0435\u0439 \u0441\u0435\u043c\u044c\u0438 \u00abPierre et le Loup\u2026et le Jazz !\u00bb 2 \u0430\u043f\u0440\u0435\u043b\u044f. \u0421\u0442\u043e\u0438\u0442 \u0442\u0430\u043a\u0436\u0435 \u043e\u0442\u043c\u0435\u0442\u0438\u0442\u044c, \u0447\u0442\u043e 3 \u0430\u043f\u0440\u0435\u043b\u044f \u0424\u0438\u043b\u0430\u0440\u043c\u043e\u043d\u0438\u0447\u0435\u0441\u043a\u0438\u0439 \u041e\u0440\u043a\u0435\u0441\u0442\u0440 \u041c\u043e\u043d\u0442\u0435-\u041a\u0430\u0440\u043b\u043e (Orchestre Philharmonique de Monte-Carlo) \u0437\u0430\u0432\u0435\u0440\u0448\u0438\u0442 \u0424\u0435\u0441\u0442\u0438\u0432\u0430\u043b\u044c \u0438\u0441\u043f\u043e\u043b\u043d\u0435\u043d\u0438\u0435\u043c \u043f\u0440\u043e\u0438\u0437\u0432\u0435\u0434\u0435\u043d\u0438\u0439 \u0411\u0435\u0442\u0445\u043e\u0432\u0435\u043d\u0430 (Beethoven), \u0414\u044e\u0442\u0438\u0439\u0451 (Dutilleux) \u0438 \u0428\u043e\u0441\u0442\u0430\u043a\u043e\u0432\u0438\u0447\u0430 (Chostakovitch).<\/p>\n\n<p><em><a href=\"https:\/\/www.printempsdesarts.mc\/programme\">\u0418\u043d\u0444\u043e\u0440\u043c\u0430\u0446\u0438\u044f \u0438 \u0431\u0440\u043e\u043d\u0438\u0440\u043e\u0432\u0430\u043d\u0438\u0435<\/a>.<\/em><\/p>\n","protected":false},"excerpt":{"rendered":"<p>\u041e\u0442\u043a\u0440\u043e\u0439\u0442\u0435 \u0434\u043b\u044f \u0441\u0435\u0431\u044f \u0431\u0435\u0441\u043f\u043b\u0430\u0442\u043d\u044b\u0435 \u043c\u0435\u0440\u043e\u043f\u0440\u0438\u044f\u0442\u0438\u044f \u0424\u0435\u0441\u0442\u0438\u0432\u0430\u043b\u044f, \u0441\u0440\u0435\u0434\u0438 \u043a\u043e\u0442\u043e\u0440\u044b\u0445 \u2013 \u043a\u043e\u043d\u0446\u0435\u0440\u0442\u044b, \u043b\u0435\u043a\u0446\u0438\u0438 \u0438 \u043f\u043e\u0441\u0442\u043e\u044f\u043d\u043d\u0430\u044f \u0432\u044b\u0441\u0442\u0430\u0432\u043a\u0430. \u0412\u044b \u043f\u043e\u043b\u0430\u0433\u0430\u043b\u0438, \u0447\u0442\u043e \u043d\u0435\u0432\u043e\u0437\u043c\u043e\u0436\u043d\u043e \u0431\u0435\u0441\u043f\u043b\u0430\u0442\u043d\u043e \u043d\u0430\u0441\u043b\u0430\u0434\u0438\u0442\u044c\u0441\u044f [&hellip;]<\/p>\n","protected":false},"author":60,"featured_media":114249,"comment_status":"closed","ping_status":"closed","sticky":false,"template":"","format":"standard","meta":{"_acf_changed":false,"footnotes":""},"categories":[1728,1827],"tags":[],"post_sectags":[],"post_format":[2498],"class_list":["post-114256","post","type-post","status-publish","format-standard","has-post-thumbnail","hentry","category-novosti","category-rekomenduem","format-gid"],"acf":[],"yoast_head":"<!-- This site is optimized with the Yoast SEO Premium plugin v26.8 (Yoast SEO v27.5) - https:\/\/yoast.com\/product\/yoast-seo-premium-wordpress\/ -->\n<title>3 \u0441\u043f\u043e\u0441\u043e\u0431\u0430 \u0431\u0435\u0441\u043f\u043b\u0430\u0442\u043d\u043e \u043d\u0430\u0441\u043b\u0430\u0434\u0438\u0442\u044c\u0441\u044f \u0424\u0435\u0441\u0442\u0438\u0432\u0430\u043b\u0435\u043c Printemps des Arts de Monte-Carlo<\/title>\n<meta name=\"description\" content=\"\u041e\u0442\u043a\u0440\u043e\u0439\u0442\u0435 \u0434\u043b\u044f \u0441\u0435\u0431\u044f \u0431\u0435\u0441\u043f\u043b\u0430\u0442\u043d\u044b\u0435 \u043c\u0435\u0440\u043e\u043f\u0440\u0438\u044f\u0442\u0438\u044f \u0424\u0435\u0441\u0442\u0438\u0432\u0430\u043b\u044f, \u0441\u0440\u0435\u0434\u0438 \u043a\u043e\u0442\u043e\u0440\u044b\u0445 \u2013 \u043a\u043e\u043d\u0446\u0435\u0440\u0442\u044b, \u043b\u0435\u043a\u0446\u0438\u0438 \u0438 \u043f\u043e\u0441\u0442\u043e\u044f\u043d\u043d\u0430\u044f \u0432\u044b\u0441\u0442\u0430\u0432\u043a\u0430. \u0412\u044b \u043f\u043e\u043b\u0430\u0433\u0430\u043b\u0438, \u0447\u0442\u043e \u043d\u0435\u0432\u043e\u0437\u043c\u043e\u0436\u043d\u043e \u0431\u0435\u0441\u043f\u043b\u0430\u0442\u043d\u043e\" \/>\n<meta name=\"robots\" content=\"index, follow, max-snippet:-1, max-image-preview:large, max-video-preview:-1\" \/>\n<link rel=\"canonical\" href=\"https:\/\/www.monaco-tribune.com\/ru\/2022\/03\/3-sposoba-besplatno-nasladitsya-festivalem-printemps-des-arts-de-monte-carlo\/\" \/>\n<meta property=\"og:locale\" content=\"ru_RU\" \/>\n<meta property=\"og:type\" content=\"article\" \/>\n<meta property=\"og:title\" content=\"3 \u0441\u043f\u043e\u0441\u043e\u0431\u0430 \u0431\u0435\u0441\u043f\u043b\u0430\u0442\u043d\u043e \u043d\u0430\u0441\u043b\u0430\u0434\u0438\u0442\u044c\u0441\u044f \u0424\u0435\u0441\u0442\u0438\u0432\u0430\u043b\u0435\u043c Printemps des Arts de Monte-Carlo - Monaco Tribune\" \/>\n<meta property=\"og:description\" content=\"\u041e\u0442\u043a\u0440\u043e\u0439\u0442\u0435 \u0434\u043b\u044f \u0441\u0435\u0431\u044f \u0431\u0435\u0441\u043f\u043b\u0430\u0442\u043d\u044b\u0435 \u043c\u0435\u0440\u043e\u043f\u0440\u0438\u044f\u0442\u0438\u044f \u0424\u0435\u0441\u0442\u0438\u0432\u0430\u043b\u044f, \u0441\u0440\u0435\u0434\u0438 \u043a\u043e\u0442\u043e\u0440\u044b\u0445 \u2013 \u043a\u043e\u043d\u0446\u0435\u0440\u0442\u044b, \u043b\u0435\u043a\u0446\u0438\u0438 \u0438 \u043f\u043e\u0441\u0442\u043e\u044f\u043d\u043d\u0430\u044f \u0432\u044b\u0441\u0442\u0430\u0432\u043a\u0430. \u0412\u044b \u043f\u043e\u043b\u0430\u0433\u0430\u043b\u0438, \u0447\u0442\u043e \u043d\u0435\u0432\u043e\u0437\u043c\u043e\u0436\u043d\u043e \u0431\u0435\u0441\u043f\u043b\u0430\u0442\u043d\u043e\" \/>\n<meta property=\"og:url\" content=\"https:\/\/www.monaco-tribune.com\/ru\/2022\/03\/3-sposoba-besplatno-nasladitsya-festivalem-printemps-des-arts-de-monte-carlo\/\" \/>\n<meta property=\"og:site_name\" content=\"Monaco Tribune\" \/>\n<meta property=\"article:publisher\" content=\"https:\/\/www.facebook.com\/MonacoTribune\" \/>\n<meta property=\"article:published_time\" content=\"2022-03-11T12:59:30+00:00\" \/>\n<meta property=\"article:modified_time\" content=\"2022-03-11T13:07:36+00:00\" \/>\n<meta property=\"og:image\" content=\"https:\/\/www.monaco-tribune.com\/wp-content\/uploads\/2022\/03\/printemps-des-arts-monte-carlo-gratuit-1.png\" \/>\n\t<meta property=\"og:image:width\" content=\"1020\" \/>\n\t<meta property=\"og:image:height\" content=\"575\" \/>\n\t<meta property=\"og:image:type\" content=\"image\/png\" \/>\n<meta name=\"author\" content=\"Camille Esteve\" \/>\n<meta name=\"twitter:card\" content=\"summary_large_image\" \/>\n<meta name=\"twitter:creator\" content=\"@MonacoTribune\" \/>\n<meta name=\"twitter:site\" content=\"@MonacoTribune\" \/>\n<script type=\"application\/ld+json\" class=\"yoast-schema-graph\">{\"@context\":\"https:\\\/\\\/schema.org\",\"@graph\":[{\"@type\":\"NewsArticle\",\"@id\":\"https:\\\/\\\/www.monaco-tribune.com\\\/ru\\\/2022\\\/03\\\/3-sposoba-besplatno-nasladitsya-festivalem-printemps-des-arts-de-monte-carlo\\\/#article\",\"isPartOf\":{\"@id\":\"https:\\\/\\\/www.monaco-tribune.com\\\/ru\\\/2022\\\/03\\\/3-sposoba-besplatno-nasladitsya-festivalem-printemps-des-arts-de-monte-carlo\\\/\"},\"author\":{\"name\":\"Camille Esteve\",\"@id\":\"https:\\\/\\\/www.monaco-tribune.com\\\/ru\\\/#\\\/schema\\\/person\\\/a855d420fff4d03637641d60b93ac62e\"},\"headline\":\"3 \u0441\u043f\u043e\u0441\u043e\u0431\u0430 \u0431\u0435\u0441\u043f\u043b\u0430\u0442\u043d\u043e \u043d\u0430\u0441\u043b\u0430\u0434\u0438\u0442\u044c\u0441\u044f \u0424\u0435\u0441\u0442\u0438\u0432\u0430\u043b\u0435\u043c Printemps des Arts de Monte-Carlo\",\"datePublished\":\"2022-03-11T12:59:30+00:00\",\"dateModified\":\"2022-03-11T13:07:36+00:00\",\"mainEntityOfPage\":{\"@id\":\"https:\\\/\\\/www.monaco-tribune.com\\\/ru\\\/2022\\\/03\\\/3-sposoba-besplatno-nasladitsya-festivalem-printemps-des-arts-de-monte-carlo\\\/\"},\"wordCount\":618,\"publisher\":{\"@id\":\"https:\\\/\\\/www.monaco-tribune.com\\\/ru\\\/#organization\"},\"image\":{\"@id\":\"https:\\\/\\\/www.monaco-tribune.com\\\/ru\\\/2022\\\/03\\\/3-sposoba-besplatno-nasladitsya-festivalem-printemps-des-arts-de-monte-carlo\\\/#primaryimage\"},\"thumbnailUrl\":\"https:\\\/\\\/www.monaco-tribune.com\\\/wp-content\\\/uploads\\\/2022\\\/03\\\/printemps-des-arts-monte-carlo-gratuit-1.png\",\"articleSection\":[\"\u041d\u043e\u0432\u043e\u0441\u0442\u0438\",\"\u0420\u0435\u043a\u043e\u043c\u0435\u043d\u0434\u0443\u0435\u043c\"],\"inLanguage\":\"ru-RU\",\"copyrightYear\":\"2022\",\"copyrightHolder\":{\"@id\":\"https:\\\/\\\/www.monaco-tribune.com\\\/#organization\"}},{\"@type\":\"WebPage\",\"@id\":\"https:\\\/\\\/www.monaco-tribune.com\\\/ru\\\/2022\\\/03\\\/3-sposoba-besplatno-nasladitsya-festivalem-printemps-des-arts-de-monte-carlo\\\/\",\"url\":\"https:\\\/\\\/www.monaco-tribune.com\\\/ru\\\/2022\\\/03\\\/3-sposoba-besplatno-nasladitsya-festivalem-printemps-des-arts-de-monte-carlo\\\/\",\"name\":\"3 \u0441\u043f\u043e\u0441\u043e\u0431\u0430 \u0431\u0435\u0441\u043f\u043b\u0430\u0442\u043d\u043e \u043d\u0430\u0441\u043b\u0430\u0434\u0438\u0442\u044c\u0441\u044f \u0424\u0435\u0441\u0442\u0438\u0432\u0430\u043b\u0435\u043c Printemps des Arts de Monte-Carlo\",\"isPartOf\":{\"@id\":\"https:\\\/\\\/www.monaco-tribune.com\\\/ru\\\/#website\"},\"primaryImageOfPage\":{\"@id\":\"https:\\\/\\\/www.monaco-tribune.com\\\/ru\\\/2022\\\/03\\\/3-sposoba-besplatno-nasladitsya-festivalem-printemps-des-arts-de-monte-carlo\\\/#primaryimage\"},\"image\":{\"@id\":\"https:\\\/\\\/www.monaco-tribune.com\\\/ru\\\/2022\\\/03\\\/3-sposoba-besplatno-nasladitsya-festivalem-printemps-des-arts-de-monte-carlo\\\/#primaryimage\"},\"thumbnailUrl\":\"https:\\\/\\\/www.monaco-tribune.com\\\/wp-content\\\/uploads\\\/2022\\\/03\\\/printemps-des-arts-monte-carlo-gratuit-1.png\",\"datePublished\":\"2022-03-11T12:59:30+00:00\",\"dateModified\":\"2022-03-11T13:07:36+00:00\",\"description\":\"\u041e\u0442\u043a\u0440\u043e\u0439\u0442\u0435 \u0434\u043b\u044f \u0441\u0435\u0431\u044f \u0431\u0435\u0441\u043f\u043b\u0430\u0442\u043d\u044b\u0435 \u043c\u0435\u0440\u043e\u043f\u0440\u0438\u044f\u0442\u0438\u044f \u0424\u0435\u0441\u0442\u0438\u0432\u0430\u043b\u044f, \u0441\u0440\u0435\u0434\u0438 \u043a\u043e\u0442\u043e\u0440\u044b\u0445 \u2013 \u043a\u043e\u043d\u0446\u0435\u0440\u0442\u044b, \u043b\u0435\u043a\u0446\u0438\u0438 \u0438 \u043f\u043e\u0441\u0442\u043e\u044f\u043d\u043d\u0430\u044f \u0432\u044b\u0441\u0442\u0430\u0432\u043a\u0430. \u0412\u044b \u043f\u043e\u043b\u0430\u0433\u0430\u043b\u0438, \u0447\u0442\u043e \u043d\u0435\u0432\u043e\u0437\u043c\u043e\u0436\u043d\u043e \u0431\u0435\u0441\u043f\u043b\u0430\u0442\u043d\u043e\",\"breadcrumb\":{\"@id\":\"https:\\\/\\\/www.monaco-tribune.com\\\/ru\\\/2022\\\/03\\\/3-sposoba-besplatno-nasladitsya-festivalem-printemps-des-arts-de-monte-carlo\\\/#breadcrumb\"},\"inLanguage\":\"ru-RU\",\"potentialAction\":[{\"@type\":\"ReadAction\",\"target\":[\"https:\\\/\\\/www.monaco-tribune.com\\\/ru\\\/2022\\\/03\\\/3-sposoba-besplatno-nasladitsya-festivalem-printemps-des-arts-de-monte-carlo\\\/\"]}]},{\"@type\":\"ImageObject\",\"inLanguage\":\"ru-RU\",\"@id\":\"https:\\\/\\\/www.monaco-tribune.com\\\/ru\\\/2022\\\/03\\\/3-sposoba-besplatno-nasladitsya-festivalem-printemps-des-arts-de-monte-carlo\\\/#primaryimage\",\"url\":\"https:\\\/\\\/www.monaco-tribune.com\\\/wp-content\\\/uploads\\\/2022\\\/03\\\/printemps-des-arts-monte-carlo-gratuit-1.png\",\"contentUrl\":\"https:\\\/\\\/www.monaco-tribune.com\\\/wp-content\\\/uploads\\\/2022\\\/03\\\/printemps-des-arts-monte-carlo-gratuit-1.png\",\"width\":1020,\"height\":575,\"caption\":\"\u0432\u0441\u0435 \u043f\u0440\u0430\u0432\u0430 \u0437\u0430\u0449\u0438\u0449\u0435\u043d\u044b\"},{\"@type\":\"BreadcrumbList\",\"@id\":\"https:\\\/\\\/www.monaco-tribune.com\\\/ru\\\/2022\\\/03\\\/3-sposoba-besplatno-nasladitsya-festivalem-printemps-des-arts-de-monte-carlo\\\/#breadcrumb\",\"itemListElement\":[{\"@type\":\"ListItem\",\"position\":1,\"name\":\"Accueil\",\"item\":\"https:\\\/\\\/www.monaco-tribune.com\\\/ru\\\/\"},{\"@type\":\"ListItem\",\"position\":2,\"name\":\"3 \u0441\u043f\u043e\u0441\u043e\u0431\u0430 \u0431\u0435\u0441\u043f\u043b\u0430\u0442\u043d\u043e \u043d\u0430\u0441\u043b\u0430\u0434\u0438\u0442\u044c\u0441\u044f \u0424\u0435\u0441\u0442\u0438\u0432\u0430\u043b\u0435\u043c Printemps des Arts de Monte-Carlo\"}]},{\"@type\":\"WebSite\",\"@id\":\"https:\\\/\\\/www.monaco-tribune.com\\\/ru\\\/#website\",\"url\":\"https:\\\/\\\/www.monaco-tribune.com\\\/ru\\\/\",\"name\":\"Monaco Tribune\",\"description\":\"Monaco : actualit\u00e9s \u00e9conomiques, politiques, culturelles et sportives de Monaco et de la French Riviera.\",\"publisher\":{\"@id\":\"https:\\\/\\\/www.monaco-tribune.com\\\/ru\\\/#organization\"},\"potentialAction\":[{\"@type\":\"SearchAction\",\"target\":{\"@type\":\"EntryPoint\",\"urlTemplate\":\"https:\\\/\\\/www.monaco-tribune.com\\\/ru\\\/?s={search_term_string}\"},\"query-input\":{\"@type\":\"PropertyValueSpecification\",\"valueRequired\":true,\"valueName\":\"search_term_string\"}}],\"inLanguage\":\"ru-RU\"},{\"@type\":\"Organization\",\"@id\":\"https:\\\/\\\/www.monaco-tribune.com\\\/ru\\\/#organization\",\"name\":\"Monaco Tribune\",\"url\":\"https:\\\/\\\/www.monaco-tribune.com\\\/ru\\\/\",\"logo\":{\"@type\":\"ImageObject\",\"inLanguage\":\"ru-RU\",\"@id\":\"https:\\\/\\\/www.monaco-tribune.com\\\/ru\\\/#\\\/schema\\\/logo\\\/image\\\/\",\"url\":\"https:\\\/\\\/www.monaco-tribune.com\\\/wp-content\\\/uploads\\\/2022\\\/11\\\/logo-monaco-tribune.png\",\"contentUrl\":\"https:\\\/\\\/www.monaco-tribune.com\\\/wp-content\\\/uploads\\\/2022\\\/11\\\/logo-monaco-tribune.png\",\"width\":1548,\"height\":600,\"caption\":\"Monaco Tribune\"},\"image\":{\"@id\":\"https:\\\/\\\/www.monaco-tribune.com\\\/ru\\\/#\\\/schema\\\/logo\\\/image\\\/\"},\"sameAs\":[\"https:\\\/\\\/www.facebook.com\\\/MonacoTribune\",\"https:\\\/\\\/x.com\\\/MonacoTribune\",\"https:\\\/\\\/www.instagram.com\\\/monacotribune\\\/\",\"https:\\\/\\\/www.linkedin.com\\\/company\\\/monaco-tribune\",\"https:\\\/\\\/www.youtube.com\\\/channel\\\/UCHle1MnG6hw1y4lWKijVbMA\"]},{\"@type\":\"Person\",\"@id\":\"https:\\\/\\\/www.monaco-tribune.com\\\/ru\\\/#\\\/schema\\\/person\\\/a855d420fff4d03637641d60b93ac62e\",\"name\":\"Camille Esteve\",\"image\":{\"@type\":\"ImageObject\",\"inLanguage\":\"ru-RU\",\"@id\":\"https:\\\/\\\/secure.gravatar.com\\\/avatar\\\/eaaa2355a7bb56c0018a391c20a55bf9b4690e3f493231dd850e612bfa6ce161?s=96&d=mm&r=g\",\"url\":\"https:\\\/\\\/secure.gravatar.com\\\/avatar\\\/eaaa2355a7bb56c0018a391c20a55bf9b4690e3f493231dd850e612bfa6ce161?s=96&d=mm&r=g\",\"contentUrl\":\"https:\\\/\\\/secure.gravatar.com\\\/avatar\\\/eaaa2355a7bb56c0018a391c20a55bf9b4690e3f493231dd850e612bfa6ce161?s=96&d=mm&r=g\",\"caption\":\"Camille Esteve\"},\"url\":\"https:\\\/\\\/www.monaco-tribune.com\\\/ru\\\/author\\\/camilleesteve\\\/\"}]}<\/script>\n<!-- \/ Yoast SEO Premium plugin. -->","yoast_head_json":{"title":"3 \u0441\u043f\u043e\u0441\u043e\u0431\u0430 \u0431\u0435\u0441\u043f\u043b\u0430\u0442\u043d\u043e \u043d\u0430\u0441\u043b\u0430\u0434\u0438\u0442\u044c\u0441\u044f \u0424\u0435\u0441\u0442\u0438\u0432\u0430\u043b\u0435\u043c Printemps des Arts de Monte-Carlo","description":"\u041e\u0442\u043a\u0440\u043e\u0439\u0442\u0435 \u0434\u043b\u044f \u0441\u0435\u0431\u044f \u0431\u0435\u0441\u043f\u043b\u0430\u0442\u043d\u044b\u0435 \u043c\u0435\u0440\u043e\u043f\u0440\u0438\u044f\u0442\u0438\u044f \u0424\u0435\u0441\u0442\u0438\u0432\u0430\u043b\u044f, \u0441\u0440\u0435\u0434\u0438 \u043a\u043e\u0442\u043e\u0440\u044b\u0445 \u2013 \u043a\u043e\u043d\u0446\u0435\u0440\u0442\u044b, \u043b\u0435\u043a\u0446\u0438\u0438 \u0438 \u043f\u043e\u0441\u0442\u043e\u044f\u043d\u043d\u0430\u044f \u0432\u044b\u0441\u0442\u0430\u0432\u043a\u0430. \u0412\u044b \u043f\u043e\u043b\u0430\u0433\u0430\u043b\u0438, \u0447\u0442\u043e \u043d\u0435\u0432\u043e\u0437\u043c\u043e\u0436\u043d\u043e \u0431\u0435\u0441\u043f\u043b\u0430\u0442\u043d\u043e","robots":{"index":"index","follow":"follow","max-snippet":"max-snippet:-1","max-image-preview":"max-image-preview:large","max-video-preview":"max-video-preview:-1"},"canonical":"https:\/\/www.monaco-tribune.com\/ru\/2022\/03\/3-sposoba-besplatno-nasladitsya-festivalem-printemps-des-arts-de-monte-carlo\/","og_locale":"ru_RU","og_type":"article","og_title":"3 \u0441\u043f\u043e\u0441\u043e\u0431\u0430 \u0431\u0435\u0441\u043f\u043b\u0430\u0442\u043d\u043e \u043d\u0430\u0441\u043b\u0430\u0434\u0438\u0442\u044c\u0441\u044f \u0424\u0435\u0441\u0442\u0438\u0432\u0430\u043b\u0435\u043c Printemps des Arts de Monte-Carlo - Monaco Tribune","og_description":"\u041e\u0442\u043a\u0440\u043e\u0439\u0442\u0435 \u0434\u043b\u044f \u0441\u0435\u0431\u044f \u0431\u0435\u0441\u043f\u043b\u0430\u0442\u043d\u044b\u0435 \u043c\u0435\u0440\u043e\u043f\u0440\u0438\u044f\u0442\u0438\u044f \u0424\u0435\u0441\u0442\u0438\u0432\u0430\u043b\u044f, \u0441\u0440\u0435\u0434\u0438 \u043a\u043e\u0442\u043e\u0440\u044b\u0445 \u2013 \u043a\u043e\u043d\u0446\u0435\u0440\u0442\u044b, \u043b\u0435\u043a\u0446\u0438\u0438 \u0438 \u043f\u043e\u0441\u0442\u043e\u044f\u043d\u043d\u0430\u044f \u0432\u044b\u0441\u0442\u0430\u0432\u043a\u0430. \u0412\u044b \u043f\u043e\u043b\u0430\u0433\u0430\u043b\u0438, \u0447\u0442\u043e \u043d\u0435\u0432\u043e\u0437\u043c\u043e\u0436\u043d\u043e \u0431\u0435\u0441\u043f\u043b\u0430\u0442\u043d\u043e","og_url":"https:\/\/www.monaco-tribune.com\/ru\/2022\/03\/3-sposoba-besplatno-nasladitsya-festivalem-printemps-des-arts-de-monte-carlo\/","og_site_name":"Monaco Tribune","article_publisher":"https:\/\/www.facebook.com\/MonacoTribune","article_published_time":"2022-03-11T12:59:30+00:00","article_modified_time":"2022-03-11T13:07:36+00:00","og_image":[{"width":1020,"height":575,"url":"https:\/\/www.monaco-tribune.com\/wp-content\/uploads\/2022\/03\/printemps-des-arts-monte-carlo-gratuit-1.png","type":"image\/png"}],"author":"Camille Esteve","twitter_card":"summary_large_image","twitter_creator":"@MonacoTribune","twitter_site":"@MonacoTribune","schema":{"@context":"https:\/\/schema.org","@graph":[{"@type":"NewsArticle","@id":"https:\/\/www.monaco-tribune.com\/ru\/2022\/03\/3-sposoba-besplatno-nasladitsya-festivalem-printemps-des-arts-de-monte-carlo\/#article","isPartOf":{"@id":"https:\/\/www.monaco-tribune.com\/ru\/2022\/03\/3-sposoba-besplatno-nasladitsya-festivalem-printemps-des-arts-de-monte-carlo\/"},"author":{"name":"Camille Esteve","@id":"https:\/\/www.monaco-tribune.com\/ru\/#\/schema\/person\/a855d420fff4d03637641d60b93ac62e"},"headline":"3 \u0441\u043f\u043e\u0441\u043e\u0431\u0430 \u0431\u0435\u0441\u043f\u043b\u0430\u0442\u043d\u043e \u043d\u0430\u0441\u043b\u0430\u0434\u0438\u0442\u044c\u0441\u044f \u0424\u0435\u0441\u0442\u0438\u0432\u0430\u043b\u0435\u043c Printemps des Arts de Monte-Carlo","datePublished":"2022-03-11T12:59:30+00:00","dateModified":"2022-03-11T13:07:36+00:00","mainEntityOfPage":{"@id":"https:\/\/www.monaco-tribune.com\/ru\/2022\/03\/3-sposoba-besplatno-nasladitsya-festivalem-printemps-des-arts-de-monte-carlo\/"},"wordCount":618,"publisher":{"@id":"https:\/\/www.monaco-tribune.com\/ru\/#organization"},"image":{"@id":"https:\/\/www.monaco-tribune.com\/ru\/2022\/03\/3-sposoba-besplatno-nasladitsya-festivalem-printemps-des-arts-de-monte-carlo\/#primaryimage"},"thumbnailUrl":"https:\/\/www.monaco-tribune.com\/wp-content\/uploads\/2022\/03\/printemps-des-arts-monte-carlo-gratuit-1.png","articleSection":["\u041d\u043e\u0432\u043e\u0441\u0442\u0438","\u0420\u0435\u043a\u043e\u043c\u0435\u043d\u0434\u0443\u0435\u043c"],"inLanguage":"ru-RU","copyrightYear":"2022","copyrightHolder":{"@id":"https:\/\/www.monaco-tribune.com\/#organization"}},{"@type":"WebPage","@id":"https:\/\/www.monaco-tribune.com\/ru\/2022\/03\/3-sposoba-besplatno-nasladitsya-festivalem-printemps-des-arts-de-monte-carlo\/","url":"https:\/\/www.monaco-tribune.com\/ru\/2022\/03\/3-sposoba-besplatno-nasladitsya-festivalem-printemps-des-arts-de-monte-carlo\/","name":"3 \u0441\u043f\u043e\u0441\u043e\u0431\u0430 \u0431\u0435\u0441\u043f\u043b\u0430\u0442\u043d\u043e \u043d\u0430\u0441\u043b\u0430\u0434\u0438\u0442\u044c\u0441\u044f \u0424\u0435\u0441\u0442\u0438\u0432\u0430\u043b\u0435\u043c Printemps des Arts de Monte-Carlo","isPartOf":{"@id":"https:\/\/www.monaco-tribune.com\/ru\/#website"},"primaryImageOfPage":{"@id":"https:\/\/www.monaco-tribune.com\/ru\/2022\/03\/3-sposoba-besplatno-nasladitsya-festivalem-printemps-des-arts-de-monte-carlo\/#primaryimage"},"image":{"@id":"https:\/\/www.monaco-tribune.com\/ru\/2022\/03\/3-sposoba-besplatno-nasladitsya-festivalem-printemps-des-arts-de-monte-carlo\/#primaryimage"},"thumbnailUrl":"https:\/\/www.monaco-tribune.com\/wp-content\/uploads\/2022\/03\/printemps-des-arts-monte-carlo-gratuit-1.png","datePublished":"2022-03-11T12:59:30+00:00","dateModified":"2022-03-11T13:07:36+00:00","description":"\u041e\u0442\u043a\u0440\u043e\u0439\u0442\u0435 \u0434\u043b\u044f \u0441\u0435\u0431\u044f \u0431\u0435\u0441\u043f\u043b\u0430\u0442\u043d\u044b\u0435 \u043c\u0435\u0440\u043e\u043f\u0440\u0438\u044f\u0442\u0438\u044f \u0424\u0435\u0441\u0442\u0438\u0432\u0430\u043b\u044f, \u0441\u0440\u0435\u0434\u0438 \u043a\u043e\u0442\u043e\u0440\u044b\u0445 \u2013 \u043a\u043e\u043d\u0446\u0435\u0440\u0442\u044b, \u043b\u0435\u043a\u0446\u0438\u0438 \u0438 \u043f\u043e\u0441\u0442\u043e\u044f\u043d\u043d\u0430\u044f \u0432\u044b\u0441\u0442\u0430\u0432\u043a\u0430. \u0412\u044b \u043f\u043e\u043b\u0430\u0433\u0430\u043b\u0438, \u0447\u0442\u043e \u043d\u0435\u0432\u043e\u0437\u043c\u043e\u0436\u043d\u043e \u0431\u0435\u0441\u043f\u043b\u0430\u0442\u043d\u043e","breadcrumb":{"@id":"https:\/\/www.monaco-tribune.com\/ru\/2022\/03\/3-sposoba-besplatno-nasladitsya-festivalem-printemps-des-arts-de-monte-carlo\/#breadcrumb"},"inLanguage":"ru-RU","potentialAction":[{"@type":"ReadAction","target":["https:\/\/www.monaco-tribune.com\/ru\/2022\/03\/3-sposoba-besplatno-nasladitsya-festivalem-printemps-des-arts-de-monte-carlo\/"]}]},{"@type":"ImageObject","inLanguage":"ru-RU","@id":"https:\/\/www.monaco-tribune.com\/ru\/2022\/03\/3-sposoba-besplatno-nasladitsya-festivalem-printemps-des-arts-de-monte-carlo\/#primaryimage","url":"https:\/\/www.monaco-tribune.com\/wp-content\/uploads\/2022\/03\/printemps-des-arts-monte-carlo-gratuit-1.png","contentUrl":"https:\/\/www.monaco-tribune.com\/wp-content\/uploads\/2022\/03\/printemps-des-arts-monte-carlo-gratuit-1.png","width":1020,"height":575,"caption":"\u0432\u0441\u0435 \u043f\u0440\u0430\u0432\u0430 \u0437\u0430\u0449\u0438\u0449\u0435\u043d\u044b"},{"@type":"BreadcrumbList","@id":"https:\/\/www.monaco-tribune.com\/ru\/2022\/03\/3-sposoba-besplatno-nasladitsya-festivalem-printemps-des-arts-de-monte-carlo\/#breadcrumb","itemListElement":[{"@type":"ListItem","position":1,"name":"Accueil","item":"https:\/\/www.monaco-tribune.com\/ru\/"},{"@type":"ListItem","position":2,"name":"3 \u0441\u043f\u043e\u0441\u043e\u0431\u0430 \u0431\u0435\u0441\u043f\u043b\u0430\u0442\u043d\u043e \u043d\u0430\u0441\u043b\u0430\u0434\u0438\u0442\u044c\u0441\u044f \u0424\u0435\u0441\u0442\u0438\u0432\u0430\u043b\u0435\u043c Printemps des Arts de Monte-Carlo"}]},{"@type":"WebSite","@id":"https:\/\/www.monaco-tribune.com\/ru\/#website","url":"https:\/\/www.monaco-tribune.com\/ru\/","name":"Monaco Tribune","description":"Monaco : actualit\u00e9s \u00e9conomiques, politiques, culturelles et sportives de Monaco et de la French Riviera.","publisher":{"@id":"https:\/\/www.monaco-tribune.com\/ru\/#organization"},"potentialAction":[{"@type":"SearchAction","target":{"@type":"EntryPoint","urlTemplate":"https:\/\/www.monaco-tribune.com\/ru\/?s={search_term_string}"},"query-input":{"@type":"PropertyValueSpecification","valueRequired":true,"valueName":"search_term_string"}}],"inLanguage":"ru-RU"},{"@type":"Organization","@id":"https:\/\/www.monaco-tribune.com\/ru\/#organization","name":"Monaco Tribune","url":"https:\/\/www.monaco-tribune.com\/ru\/","logo":{"@type":"ImageObject","inLanguage":"ru-RU","@id":"https:\/\/www.monaco-tribune.com\/ru\/#\/schema\/logo\/image\/","url":"https:\/\/www.monaco-tribune.com\/wp-content\/uploads\/2022\/11\/logo-monaco-tribune.png","contentUrl":"https:\/\/www.monaco-tribune.com\/wp-content\/uploads\/2022\/11\/logo-monaco-tribune.png","width":1548,"height":600,"caption":"Monaco Tribune"},"image":{"@id":"https:\/\/www.monaco-tribune.com\/ru\/#\/schema\/logo\/image\/"},"sameAs":["https:\/\/www.facebook.com\/MonacoTribune","https:\/\/x.com\/MonacoTribune","https:\/\/www.instagram.com\/monacotribune\/","https:\/\/www.linkedin.com\/company\/monaco-tribune","https:\/\/www.youtube.com\/channel\/UCHle1MnG6hw1y4lWKijVbMA"]},{"@type":"Person","@id":"https:\/\/www.monaco-tribune.com\/ru\/#\/schema\/person\/a855d420fff4d03637641d60b93ac62e","name":"Camille Esteve","image":{"@type":"ImageObject","inLanguage":"ru-RU","@id":"https:\/\/secure.gravatar.com\/avatar\/eaaa2355a7bb56c0018a391c20a55bf9b4690e3f493231dd850e612bfa6ce161?s=96&d=mm&r=g","url":"https:\/\/secure.gravatar.com\/avatar\/eaaa2355a7bb56c0018a391c20a55bf9b4690e3f493231dd850e612bfa6ce161?s=96&d=mm&r=g","contentUrl":"https:\/\/secure.gravatar.com\/avatar\/eaaa2355a7bb56c0018a391c20a55bf9b4690e3f493231dd850e612bfa6ce161?s=96&d=mm&r=g","caption":"Camille Esteve"},"url":"https:\/\/www.monaco-tribune.com\/ru\/author\/camilleesteve\/"}]}},"_links":{"self":[{"href":"https:\/\/www.monaco-tribune.com\/ru\/wp-json\/wp\/v2\/posts\/114256","targetHints":{"allow":["GET"]}}],"collection":[{"href":"https:\/\/www.monaco-tribune.com\/ru\/wp-json\/wp\/v2\/posts"}],"about":[{"href":"https:\/\/www.monaco-tribune.com\/ru\/wp-json\/wp\/v2\/types\/post"}],"author":[{"embeddable":true,"href":"https:\/\/www.monaco-tribune.com\/ru\/wp-json\/wp\/v2\/users\/60"}],"replies":[{"embeddable":true,"href":"https:\/\/www.monaco-tribune.com\/ru\/wp-json\/wp\/v2\/comments?post=114256"}],"version-history":[{"count":0,"href":"https:\/\/www.monaco-tribune.com\/ru\/wp-json\/wp\/v2\/posts\/114256\/revisions"}],"wp:featuredmedia":[{"embeddable":true,"href":"https:\/\/www.monaco-tribune.com\/ru\/wp-json\/wp\/v2\/media\/114249"}],"wp:attachment":[{"href":"https:\/\/www.monaco-tribune.com\/ru\/wp-json\/wp\/v2\/media?parent=114256"}],"wp:term":[{"taxonomy":"category","embeddable":true,"href":"https:\/\/www.monaco-tribune.com\/ru\/wp-json\/wp\/v2\/categories?post=114256"},{"taxonomy":"post_tag","embeddable":true,"href":"https:\/\/www.monaco-tribune.com\/ru\/wp-json\/wp\/v2\/tags?post=114256"},{"taxonomy":"sectag","embeddable":true,"href":"https:\/\/www.monaco-tribune.com\/ru\/wp-json\/wp\/v2\/post_sectags?post=114256"},{"taxonomy":"format","embeddable":true,"href":"https:\/\/www.monaco-tribune.com\/ru\/wp-json\/wp\/v2\/post_format?post=114256"}],"curies":[{"name":"wp","href":"https:\/\/api.w.org\/{rel}","templated":true}]}}