{"id":300520,"date":"2025-06-19T11:54:13","date_gmt":"2025-06-19T09:54:13","guid":{"rendered":"https:\/\/www.monaco-tribune.com\/2025\/06\/lihie-dvadczatye-koko-shanel-tvorchestvo-velichajshego-dizajnera-xx-go-veka-v-samom-serdcze-villy-paloma\/"},"modified":"2025-06-20T11:13:36","modified_gmt":"2025-06-20T09:13:36","slug":"lihie-dvadczatye-koko-shanel-tvorchestvo-velichajshego-dizajnera-xx-go-veka-v-samom-serdcze-villy-paloma","status":"publish","type":"post","link":"https:\/\/www.monaco-tribune.com\/ru\/2025\/06\/lihie-dvadczatye-koko-shanel-tvorchestvo-velichajshego-dizajnera-xx-go-veka-v-samom-serdcze-villy-paloma\/","title":{"rendered":"\u00ab\u041b\u0438\u0445\u0438\u0435 \u0434\u0432\u0430\u0434\u0446\u0430\u0442\u044b\u0435 \u041a\u043e\u043a\u043e \u0428\u0430\u043d\u0435\u043b\u044c\u00bb: \u0442\u0432\u043e\u0440\u0447\u0435\u0441\u0442\u0432\u043e \u0432\u0435\u043b\u0438\u0447\u0430\u0439\u0448\u0435\u0433\u043e \u0434\u0438\u0437\u0430\u0439\u043d\u0435\u0440\u0430 XX-\u0433\u043e \u0432\u0435\u043a\u0430 \u2013 \u0432 \u0441\u0430\u043c\u043e\u043c \u0441\u0435\u0440\u0434\u0446\u0435 \u0412\u0438\u043b\u043b\u044b \u041f\u0430\u043b\u043e\u043c\u0430"},"content":{"rendered":"\n<p><strong>\u0413\u043b\u0430\u0432\u043d\u0430\u044f \u0432\u044b\u0441\u0442\u0430\u0432\u043a\u0430 \u0432 \u041d\u043e\u0432\u043e\u043c \u043d\u0430\u0446\u0438\u043e\u043d\u0430\u043b\u044c\u043d\u043e\u043c \u043c\u0443\u0437\u0435\u0435 \u041c\u043e\u043d\u0430\u043a\u043e \u043f\u0435\u0440\u0435\u0434\u0430\u0451\u0442 \u0443\u043d\u0438\u043a\u0430\u043b\u044c\u043d\u044b\u0439 \u0434\u0438\u0430\u043b\u043e\u0433 \u043c\u043e\u0434\u044b \u0438 \u0441\u043e\u0432\u0440\u0435\u043c\u0435\u043d\u043d\u043e\u0433\u043e \u0438\u0441\u043a\u0443\u0441\u0441\u0442\u0432\u0430. \u0411\u043e\u043b\u0435\u0435 200 \u044d\u043a\u0441\u043f\u043e\u043d\u0430\u0442\u043e\u0432 \u0440\u0430\u0441\u0441\u043a\u0430\u0437\u044b\u0432\u0430\u044e\u0442 \u0438\u0441\u0442\u043e\u0440\u0438\u044e \u043f\u043e\u044f\u0432\u043b\u0435\u043d\u0438\u044f \u0441\u043e\u0432\u0440\u0435\u043c\u0435\u043d\u043d\u043e\u0439 \u0434\u0430\u043c\u044b \u043d\u0430 \u0420\u0438\u0432\u044c\u0435\u0440\u0435 \u0432 1920-\u0445 \u0433\u043e\u0434\u0430\u0445.<\/strong><\/p>\n\n<p>En avant-premi\u00e8re ce mardi 17 juin, les salons du Nouveau Mus\u00e9e National de Monaco nous ont r\u00e9v\u00e9l\u00e9 leurs tous derniers tr\u00e9sors : une exposition magistrale consacr\u00e9e aux \u00ab Ann\u00e9es folles de Coco Chanel \u00bb, v\u00e9ritable plong\u00e9e dans l&#8217;univers r\u00e9volutionnaire de Gabrielle Chanel sur la C\u00f4te d&#8217;Azur des ann\u00e9es 1920.<\/p>\n\n<figure class=\"wp-block-gallery has-nested-images columns-default is-cropped wp-block-gallery-1 is-layout-flex wp-block-gallery-is-layout-flex\"><div class=\"wp-block-image\">\n<figure class=\"aligncenter size-large\"><img loading=\"lazy\" decoding=\"async\" width=\"1024\" height=\"716\" data-id=\"300259\" src=\"https:\/\/www.monaco-tribune.com\/wp-content\/uploads\/2025\/06\/nmnm_les-annees-folles-de-coco-chanel-001-1024x716.jpg\" alt=\"\" class=\"wp-image-300259\" srcset=\"https:\/\/www.monaco-tribune.com\/wp-content\/uploads\/2025\/06\/nmnm_les-annees-folles-de-coco-chanel-001-1024x716.jpg 1024w, https:\/\/www.monaco-tribune.com\/wp-content\/uploads\/2025\/06\/nmnm_les-annees-folles-de-coco-chanel-001-429x300.jpg 429w, https:\/\/www.monaco-tribune.com\/wp-content\/uploads\/2025\/06\/nmnm_les-annees-folles-de-coco-chanel-001.jpg 2000w\" sizes=\"auto, (max-width: 1024px) 100vw, 1024px\" \/><\/figure>\n<\/div>\n\n<div class=\"wp-block-image\">\n<figure class=\"aligncenter size-large\"><img loading=\"lazy\" decoding=\"async\" width=\"1024\" height=\"692\" data-id=\"300227\" src=\"https:\/\/www.monaco-tribune.com\/wp-content\/uploads\/2025\/06\/nmnm_les-annees-folles-de-coco-chanel-0012-1024x692.jpg\" alt=\"\" class=\"wp-image-300227\" srcset=\"https:\/\/www.monaco-tribune.com\/wp-content\/uploads\/2025\/06\/nmnm_les-annees-folles-de-coco-chanel-0012-1024x692.jpg 1024w, https:\/\/www.monaco-tribune.com\/wp-content\/uploads\/2025\/06\/nmnm_les-annees-folles-de-coco-chanel-0012-444x300.jpg 444w, https:\/\/www.monaco-tribune.com\/wp-content\/uploads\/2025\/06\/nmnm_les-annees-folles-de-coco-chanel-0012.jpg 2000w\" sizes=\"auto, (max-width: 1024px) 100vw, 1024px\" \/><figcaption class=\"wp-element-caption\">\u00a9 \u041d\u043e\u0432\u044b\u0439 \u043d\u0430\u0446\u0438\u043e\u043d\u0430\u043b\u044c\u043d\u044b\u0439 \u043c\u0443\u0437\u0435\u0439 \u041c\u043e\u043d\u0430\u043a\u043e \u2013 \u0410\u043d\u0434\u0440\u0435\u0430 \u0420\u043e\u0441\u0441\u0435\u0442\u0442\u0438 (Andrea Rossetti) \/ \u042d\u043a\u0442\u043e\u0440 \u0428\u0438\u043a\u043e (H\u00e9ctor Chico)<\/figcaption><\/figure>\n<\/div><\/figure>\n\n<p>\u041f\u043e\u0434 \u0440\u0443\u043a\u043e\u0432\u043e\u0434\u0441\u0442\u0432\u043e\u043c \u043e\u043f\u044b\u0442\u043d\u043e\u0433\u043e \u043a\u0443\u0440\u0430\u0442\u043e\u0440\u0430 \u0421\u0435\u043b\u0438\u0438 \u0411\u0435\u0440\u043d\u0430\u0441\u043a\u043e\u043d\u0438 \u044d\u0442\u0430 \u043b\u0435\u0442\u043d\u044f\u044f \u044d\u043a\u0441\u043f\u043e\u0437\u0438\u0446\u0438\u044f 2025 \u0433\u043e\u0434\u0430 \u043e\u0431\u044a\u0435\u0434\u0438\u043d\u044f\u0435\u0442 \u0431\u043e\u043b\u0435\u0435 \u0434\u0432\u0443\u0445\u0441\u043e\u0442 \u044d\u043a\u0441\u043a\u043b\u044e\u0437\u0438\u0432\u043d\u044b\u0445 \u044d\u043a\u0441\u043f\u043e\u043d\u0430\u0442\u043e\u0432, \u0432\u0435\u0434\u044f \u0443\u0432\u043b\u0435\u043a\u0430\u0442\u0435\u043b\u044c\u043d\u044b\u0439 \u0434\u0438\u0430\u043b\u043e\u0433 \u043c\u0435\u0436\u0434\u0443 \u0442\u0440\u0438\u0434\u0446\u0430\u0442\u044c\u044e \u0442\u0432\u043e\u0440\u0435\u043d\u0438\u044f\u043c\u0438 \u043a\u0443\u0442\u044e\u0440\u044c\u0435 \u0438 \u0441\u043e\u0440\u043e\u043a\u0430 \u0440\u0430\u0431\u043e\u0442\u0430\u043c\u0438 \u0437\u043d\u0430\u043a\u043e\u0432\u044b\u0445 \u0441\u043e\u0432\u0440\u0435\u043c\u0435\u043d\u043d\u044b\u0445 \u0445\u0443\u0434\u043e\u0436\u043d\u0438\u043a\u043e\u0432. \u0418\u0445 \u0438\u043c\u0435\u043d\u0430 \u0437\u0432\u0443\u0447\u0430\u0442 \u043a\u0430\u043a \u0438\u0437 \u044d\u043d\u0446\u0438\u043a\u043b\u043e\u043f\u0435\u0434\u0438\u0438 \u0430\u0432\u0430\u043d\u0433\u0430\u0440\u0434\u0430: \u041a\u0435\u0441 \u0412\u0430\u043d \u0414\u043e\u043d\u0433\u0435\u043d, \u041f\u0430\u0431\u043b\u043e \u041f\u0438\u043a\u0430\u0441\u0441\u043e, \u041c\u0430\u0440\u0438 \u041b\u043e\u0440\u0430\u043d\u0441\u0435\u043d, \u041d\u0430\u0442\u0430\u043b\u044c\u044f \u0413\u043e\u043d\u0447\u0430\u0440\u043e\u0432\u0430, \u0421\u043e\u043d\u044f \u0414\u0435\u043b\u043e\u043d\u0435, \u0416\u0430\u043d \u041a\u043e\u043a\u0442\u043e&#8230; \u0418\u0445 \u0440\u0430\u0431\u043e\u0442\u044b \u0432\u0437\u0430\u0438\u043c\u043e\u0434\u0435\u0439\u0441\u0442\u0432\u0443\u044e\u0442 \u0441 \u043b\u0435\u0433\u0435\u043d\u0434\u0430\u0440\u043d\u044b\u043c\u0438 \u0444\u043e\u0442\u043e\u0433\u0440\u0430\u0444\u0438\u044f\u043c\u0438 \u041c\u0430\u043d \u0420\u044d\u044f, \u0414\u043e\u0440\u044b \u041a\u0430\u043b\u043b\u043c\u0443\u0441, \u042d\u0434\u0432\u0430\u0440\u0434\u0430 \u0421\u0442\u0435\u0439\u0445\u0435\u043d\u0430 \u0438 \u0420\u043e\u0434\u0436\u0435\u0440\u0430 \u0428\u0430\u043b\u043b\u0430.<\/p>\n\n<figure class=\"wp-block-gallery has-nested-images columns-default is-cropped wp-block-gallery-2 is-layout-flex wp-block-gallery-is-layout-flex\"><div class=\"wp-block-image\">\n<figure class=\"aligncenter size-large\"><img loading=\"lazy\" decoding=\"async\" width=\"1024\" height=\"683\" data-id=\"300219\" src=\"https:\/\/www.monaco-tribune.com\/wp-content\/uploads\/2025\/06\/nmnm_les-annees-folles-de-coco-chanel-003-1-1024x683.jpg\" alt=\"\" class=\"wp-image-300219\" srcset=\"https:\/\/www.monaco-tribune.com\/wp-content\/uploads\/2025\/06\/nmnm_les-annees-folles-de-coco-chanel-003-1-1024x683.jpg 1024w, https:\/\/www.monaco-tribune.com\/wp-content\/uploads\/2025\/06\/nmnm_les-annees-folles-de-coco-chanel-003-1-450x300.jpg 450w, https:\/\/www.monaco-tribune.com\/wp-content\/uploads\/2025\/06\/nmnm_les-annees-folles-de-coco-chanel-003-1.jpg 1500w\" sizes=\"auto, (max-width: 1024px) 100vw, 1024px\" \/><\/figure>\n<\/div>\n\n<div class=\"wp-block-image\">\n<figure class=\"aligncenter size-large\"><img loading=\"lazy\" decoding=\"async\" width=\"1024\" height=\"682\" data-id=\"300223\" src=\"https:\/\/www.monaco-tribune.com\/wp-content\/uploads\/2025\/06\/nmnm_les-annees-folles-de-coco-chanel-0010-1024x682.jpg\" alt=\"\" class=\"wp-image-300223\" srcset=\"https:\/\/www.monaco-tribune.com\/wp-content\/uploads\/2025\/06\/nmnm_les-annees-folles-de-coco-chanel-0010-1024x682.jpg 1024w, https:\/\/www.monaco-tribune.com\/wp-content\/uploads\/2025\/06\/nmnm_les-annees-folles-de-coco-chanel-0010-450x300.jpg 450w, https:\/\/www.monaco-tribune.com\/wp-content\/uploads\/2025\/06\/nmnm_les-annees-folles-de-coco-chanel-0010.jpg 2000w\" sizes=\"auto, (max-width: 1024px) 100vw, 1024px\" \/><figcaption class=\"wp-element-caption\">\u00a9 \u041d\u043e\u0432\u044b\u0439 \u043d\u0430\u0446\u0438\u043e\u043d\u0430\u043b\u044c\u043d\u044b\u0439 \u043c\u0443\u0437\u0435\u0439 \u041c\u043e\u043d\u0430\u043a\u043e \u2013 \u0410\u043d\u0434\u0440\u0435\u0430 \u0420\u043e\u0441\u0441\u0435\u0442\u0442\u0438 (Andrea Rossetti) \/ \u042d\u043a\u0442\u043e\u0440 \u0428\u0438\u043a\u043e (H\u00e9ctor Chico)<\/figcaption><\/figure>\n<\/div><\/figure>\n\n<p class=\"related\"><a href=\"https:\/\/www.monaco-tribune.com\/2025\/06\/liconique-collection-de-voitures-du-prince-albert-ii-revisitee-dans-une-exposition-dart-a-monaco\/\">\u0417\u043d\u0430\u043c\u0435\u043d\u0438\u0442\u0430\u044f \u043a\u043e\u043b\u043b\u0435\u043a\u0446\u0438\u044f \u0430\u0432\u0442\u043e\u043c\u043e\u0431\u0438\u043b\u0435\u0439 \u041a\u043d\u044f\u0437\u044f \u0410\u043b\u044c\u0431\u0435\u0440\u0430 II \u0432\u043d\u043e\u0432\u044c \u043f\u0440\u0435\u0434\u0441\u0442\u0430\u0432\u043b\u0435\u043d\u0430 \u043d\u0430 \u0445\u0443\u0434\u043e\u0436\u0435\u0441\u0442\u0432\u0435\u043d\u043d\u043e\u0439 \u0432\u044b\u0441\u0442\u0430\u0432\u043a\u0435 \u0432 \u041c\u043e\u043d\u0430\u043a\u043e<\/a><\/p>\n\n<h2 class=\"wp-block-heading\" id=\"h-la-naissance-de-la-femme-moderne-sous-le-soleil-azureen\">\u0420\u043e\u0436\u0434\u0435\u043d\u0438\u0435 \u0441\u043e\u0432\u0440\u0435\u043c\u0435\u043d\u043d\u043e\u0439 \u0434\u0430\u043c\u044b \u043f\u043e\u0434 \u0441\u043e\u043b\u043d\u0446\u0435\u043c \u041b\u0430\u0437\u0443\u0440\u043d\u043e\u0433\u043e \u0431\u0435\u0440\u0435\u0433\u0430<\/h2>\n\n<p>\u0412\u044b\u0441\u0442\u0430\u0432\u043a\u0430 \u0440\u0430\u0441\u0441\u043a\u0430\u0437\u044b\u0432\u0430\u0435\u0442 \u043e \u0442\u043e\u043c, \u043a\u0430\u043a \u0413\u0430\u0431\u0440\u0438\u044d\u043b\u044c \u0428\u0430\u043d\u0435\u043b\u044c \u043f\u0440\u043e\u0438\u0437\u0432\u0435\u043b\u0430 \u0440\u0435\u0432\u043e\u043b\u044e\u0446\u0438\u044e \u0432 \u0436\u0435\u043d\u0441\u043a\u043e\u043c \u0433\u0430\u0440\u0434\u0435\u0440\u043e\u0431\u0435, \u0447\u0435\u0440\u043f\u0430\u044f \u0432\u0434\u043e\u0445\u043d\u043e\u0432\u0435\u043d\u0438\u0435 \u0432 \u043f\u0440\u043e\u0432\u0430\u043d\u0441\u0430\u043b\u044c\u0441\u043a\u043e\u043c \u0438\u0441\u043a\u0443\u0441\u0441\u0442\u0432\u0435 \u0436\u0438\u0437\u043d\u0438. \u0421 1910-\u0445 \u0433\u043e\u0434\u043e\u0432, \u043e\u0447\u0430\u0440\u043e\u0432\u0430\u043d\u043d\u0430\u044f \u043a\u0440\u0430\u0441\u043e\u0442\u043e\u0439 \u0438 \u0440\u0430\u0437\u043c\u0435\u0440\u0435\u043d\u043d\u044b\u043c \u0440\u0438\u0442\u043c\u043e\u043c \u0436\u0438\u0437\u043d\u0438 \u0420\u0438\u0432\u044c\u0435\u0440\u044b, \u043e\u043d\u0430 \u0432\u044b\u0431\u0440\u0430\u043b\u0430 \u041c\u043e\u043d\u0430\u043a\u043e \u043e\u0434\u043d\u0438\u043c \u0438\u0437 \u0441\u0432\u043e\u0438\u0445 \u043b\u044e\u0431\u0438\u043c\u044b\u0445 \u043c\u0435\u0441\u0442. \u042d\u0442\u0430 \u043b\u044e\u0431\u043e\u0432\u044c \u043a \u041a\u043d\u044f\u0436\u0435\u0441\u0442\u0432\u0443 \u043f\u043e\u0431\u0443\u0434\u0438\u043b\u0430 \u0435\u0433\u043e \u043e\u0442\u043a\u0440\u044b\u0442\u044c \u043e\u0434\u043d\u0443 \u0438\u0437 \u0441\u0432\u043e\u0438\u0445 \u043f\u0435\u0440\u0432\u044b\u0445 \u0442\u043e\u0440\u0433\u043e\u0432\u044b\u0445 \u0442\u043e\u0447\u0435\u043a \u0432 \u043e\u0442\u0435\u043b\u0435 \u042d\u0440\u043c\u0438\u0442\u0430\u0436 \u0432 \u041c\u043e\u043d\u0442\u0435-\u041a\u0430\u0440\u043b\u043e \u0432 1914 \u0433\u043e\u0434\u0443.<\/p>\n\n<figure class=\"wp-block-gallery has-nested-images columns-default is-cropped wp-block-gallery-3 is-layout-flex wp-block-gallery-is-layout-flex\"><div class=\"wp-block-image\">\n<figure class=\"aligncenter size-large\"><img loading=\"lazy\" decoding=\"async\" width=\"1024\" height=\"682\" data-id=\"300253\" src=\"https:\/\/www.monaco-tribune.com\/wp-content\/uploads\/2025\/06\/nmnm_les-annees-folles-de-coco-chanel-005-1024x682.jpg\" alt=\"\" class=\"wp-image-300253\" srcset=\"https:\/\/www.monaco-tribune.com\/wp-content\/uploads\/2025\/06\/nmnm_les-annees-folles-de-coco-chanel-005-1024x682.jpg 1024w, https:\/\/www.monaco-tribune.com\/wp-content\/uploads\/2025\/06\/nmnm_les-annees-folles-de-coco-chanel-005-450x300.jpg 450w, https:\/\/www.monaco-tribune.com\/wp-content\/uploads\/2025\/06\/nmnm_les-annees-folles-de-coco-chanel-005.jpg 2000w\" sizes=\"auto, (max-width: 1024px) 100vw, 1024px\" \/><\/figure>\n<\/div>\n\n<div class=\"wp-block-image\">\n<figure class=\"aligncenter size-large\"><img loading=\"lazy\" decoding=\"async\" width=\"1024\" height=\"666\" data-id=\"300231\" src=\"https:\/\/www.monaco-tribune.com\/wp-content\/uploads\/2025\/06\/nmnm_les-annees-folles-de-coco-chanel-004-1024x666.jpg\" alt=\"\" class=\"wp-image-300231\" srcset=\"https:\/\/www.monaco-tribune.com\/wp-content\/uploads\/2025\/06\/nmnm_les-annees-folles-de-coco-chanel-004-1024x666.jpg 1024w, https:\/\/www.monaco-tribune.com\/wp-content\/uploads\/2025\/06\/nmnm_les-annees-folles-de-coco-chanel-004-462x300.jpg 462w, https:\/\/www.monaco-tribune.com\/wp-content\/uploads\/2025\/06\/nmnm_les-annees-folles-de-coco-chanel-004.jpg 2000w\" sizes=\"auto, (max-width: 1024px) 100vw, 1024px\" \/><figcaption class=\"wp-element-caption\">\u00a9 \u041d\u043e\u0432\u044b\u0439 \u043d\u0430\u0446\u0438\u043e\u043d\u0430\u043b\u044c\u043d\u044b\u0439 \u043c\u0443\u0437\u0435\u0439 \u041c\u043e\u043d\u0430\u043a\u043e \u2013 \u0410\u043d\u0434\u0440\u0435\u0430 \u0420\u043e\u0441\u0441\u0435\u0442\u0442\u0438 (Andrea Rossetti) \/ \u042d\u043a\u0442\u043e\u0440 \u0428\u0438\u043a\u043e (H\u00e9ctor Chico)<\/figcaption><\/figure>\n<\/div><\/figure>\n\n<p>\u0422\u0440\u0438 \u0442\u0435\u043c\u0430\u0442\u0438\u0447\u0435\u0441\u043a\u0438\u0445 \u043d\u0430\u043f\u0440\u0430\u0432\u043b\u0435\u043d\u0438\u044f \u044d\u043a\u0441\u043f\u043e\u0437\u0438\u0446\u0438\u0438 \u0432\u043e\u0441\u0441\u043e\u0437\u0434\u0430\u044e\u0442 \u044d\u0442\u0443 \u0442\u0432\u043e\u0440\u0447\u0435\u0441\u043a\u0443\u044e \u043e\u0434\u0438\u0441\u0441\u0435\u044e: \u0436\u0438\u0437\u043d\u044c \u043d\u0430 \u043f\u0440\u0438\u0440\u043e\u0434\u0435 \u0438 \u0440\u0430\u0441\u0446\u0432\u0435\u0442 \u043f\u0440\u0438\u043c\u043e\u0440\u0441\u043a\u043e\u0433\u043e \u043e\u0442\u0434\u044b\u0445\u0430, \u0432\u043b\u0438\u044f\u043d\u0438\u0435 \u0420\u0443\u0441\u0441\u043a\u043e\u0433\u043e \u0431\u0430\u043b\u0435\u0442\u0430 \u0438 \u0441\u043b\u0430\u0432\u044f\u043d\u0441\u043a\u0438\u0445 \u043a\u0443\u043b\u044c\u0442\u0443\u0440 \u0438, \u043d\u0430\u043a\u043e\u043d\u0435\u0446, \u0441\u043e\u0437\u0434\u0430\u043d\u0438\u0435 \u00ab\u0441\u0442\u0438\u043b\u044f \u0420\u0438\u0432\u044c\u0435\u0440\u0430\u00bb. \u0412 \u043a\u0430\u0436\u0434\u043e\u043c \u0440\u0430\u0437\u0434\u0435\u043b\u0435 \u043f\u043e\u043a\u0430\u0437\u0430\u043d\u043e, \u043a\u0430\u043a \u0413\u0430\u0431\u0440\u0438\u044d\u043b\u044c \u0428\u0430\u043d\u0435\u043b\u044c \u0438\u0441\u043f\u043e\u043b\u044c\u0437\u043e\u0432\u0430\u043b\u0430 \u043a\u0443\u043b\u044c\u0442\u0443\u0440\u043d\u043e\u0435 \u043e\u0436\u0438\u0432\u043b\u0435\u043d\u0438\u0435 \u0442\u043e\u0433\u043e \u0432\u0440\u0435\u043c\u0435\u043d\u0438, \u0447\u0442\u043e\u0431\u044b \u0441\u043e\u0437\u0434\u0430\u0442\u044c \u0441\u0432\u043e\u0451 \u0432\u0438\u0434\u0435\u043d\u0438\u0435 \u00ab\u043d\u043e\u0432\u043e\u0439 \u0436\u0435\u043d\u0449\u0438\u043d\u044b\u00bb \u2013 \u0441\u043e\u0432\u0440\u0435\u043c\u0435\u043d\u043d\u043e\u0439, \u0441\u0432\u043e\u0431\u043e\u0434\u043d\u043e\u0439 \u0438 \u043d\u0435\u0437\u0430\u0432\u0438\u0441\u0438\u043c\u043e\u0439.<\/p>\n\n<h2 class=\"wp-block-heading\">\u0421\u043e\u0432\u0440\u0435\u043c\u0435\u043d\u043d\u044b\u0439 \u0432\u0437\u0433\u043b\u044f\u0434 \u043d\u0430 \u043d\u0430\u0441\u043b\u0435\u0434\u0438\u0435 \u0428\u0430\u043d\u0435\u043b\u044c<\/h2>\n\n<p>\u0412\u044b\u0441\u0442\u0430\u0432\u043a\u0430 \u043d\u0435 \u043f\u0440\u043e\u0441\u0442\u043e \u0432\u043e\u0441\u043f\u0435\u0432\u0430\u0435\u0442 \u043f\u0440\u043e\u0448\u043b\u043e\u0435. \u0425\u0443\u0434\u043e\u0436\u043d\u0438\u0446\u0430 \u041a\u043b\u043e\u044d \u0420\u0443\u0430\u0439\u0435 (1989-\u0433\u043e \u0433\u043e\u0434\u0430 \u0440\u043e\u0436\u0434\u0435\u043d\u0438\u044f) \u043f\u0440\u0435\u0434\u0441\u0442\u0430\u0432\u043b\u044f\u0435\u0442 \u0441\u0435\u0440\u0438\u044e \u00abOf Limbs and Other Things\u00bb \u0438\u0437 \u0434\u0432\u0430\u0434\u0446\u0430\u0442\u0438 \u043f\u0440\u043e\u0438\u0437\u0432\u0435\u0434\u0435\u043d\u0438\u0439, \u043f\u043e\u0441\u0432\u044f\u0449\u0451\u043d\u043d\u044b\u0445 \u043c\u0435\u0442\u0430\u043c\u043e\u0440\u0444\u043e\u0437\u0430\u043c \u0436\u0435\u043d\u0441\u043a\u043e\u0433\u043e \u0442\u0435\u043b\u0430, \u0432 \u0442\u043e\u043c \u0447\u0438\u0441\u043b\u0435 \u043d\u0435\u0441\u043a\u043e\u043b\u044c\u043a\u043e \u043f\u0440\u043e\u0438\u0437\u0432\u0435\u0434\u0435\u043d\u0438\u0439, \u0441\u043e\u0437\u0434\u0430\u043d\u043d\u044b\u0445 \u0441\u043f\u0435\u0446\u0438\u0430\u043b\u044c\u043d\u043e \u0434\u043b\u044f \u044d\u0442\u043e\u0433\u043e \u0441\u043b\u0443\u0447\u0430\u044f. \u042d\u0442\u043e\u0442 \u0434\u0438\u0430\u043b\u043e\u0433 \u043c\u0435\u0436\u0434\u0443 \u043d\u0430\u0441\u043b\u0435\u0434\u0438\u0435\u043c \u0438 \u0441\u043e\u0432\u0440\u0435\u043c\u0435\u043d\u043d\u044b\u043c \u0442\u0432\u043e\u0440\u0447\u0435\u0441\u0442\u0432\u043e\u043c \u043e\u0431\u043e\u0433\u0430\u0449\u0430\u0435\u0442 \u0440\u0430\u0437\u043c\u044b\u0448\u043b\u0435\u043d\u0438\u044f \u043e \u0432\u0438\u0437\u0438\u043e\u043d\u0435\u0440\u0441\u043a\u043e\u043c \u043d\u0430\u0441\u043b\u0435\u0434\u0438\u0438 \u0413\u0430\u0431\u0440\u0438\u044d\u043b\u044c \u0428\u0430\u043d\u0435\u043b\u044c.<\/p>\n\n<figure class=\"wp-block-gallery has-nested-images columns-default is-cropped wp-block-gallery-4 is-layout-flex wp-block-gallery-is-layout-flex\">\n<figure class=\"wp-block-image size-large\"><img loading=\"lazy\" decoding=\"async\" width=\"703\" height=\"1024\" data-id=\"300235\" src=\"https:\/\/www.monaco-tribune.com\/wp-content\/uploads\/2025\/06\/nmnm_les-annees-folles-de-coco-chanel-0016-chloe-royer-703x1024.jpg\" alt=\"\" class=\"wp-image-300235\" srcset=\"https:\/\/www.monaco-tribune.com\/wp-content\/uploads\/2025\/06\/nmnm_les-annees-folles-de-coco-chanel-0016-chloe-royer-703x1024.jpg 703w, https:\/\/www.monaco-tribune.com\/wp-content\/uploads\/2025\/06\/nmnm_les-annees-folles-de-coco-chanel-0016-chloe-royer-206x300.jpg 206w, https:\/\/www.monaco-tribune.com\/wp-content\/uploads\/2025\/06\/nmnm_les-annees-folles-de-coco-chanel-0016-chloe-royer.jpg 1000w\" sizes=\"auto, (max-width: 703px) 100vw, 703px\" \/><\/figure>\n\n\n\n<figure class=\"wp-block-image size-large\"><img loading=\"lazy\" decoding=\"async\" width=\"683\" height=\"1024\" data-id=\"300239\" src=\"https:\/\/www.monaco-tribune.com\/wp-content\/uploads\/2025\/06\/nmnm_les-annees-folles-de-coco-chanel-0017-chloe-royer-683x1024.jpg\" alt=\"\" class=\"wp-image-300239\" srcset=\"https:\/\/www.monaco-tribune.com\/wp-content\/uploads\/2025\/06\/nmnm_les-annees-folles-de-coco-chanel-0017-chloe-royer-683x1024.jpg 683w, https:\/\/www.monaco-tribune.com\/wp-content\/uploads\/2025\/06\/nmnm_les-annees-folles-de-coco-chanel-0017-chloe-royer-200x300.jpg 200w, https:\/\/www.monaco-tribune.com\/wp-content\/uploads\/2025\/06\/nmnm_les-annees-folles-de-coco-chanel-0017-chloe-royer.jpg 1000w\" sizes=\"auto, (max-width: 683px) 100vw, 683px\" \/><\/figure>\n<\/figure>\n\n<p>\u0423\u0436\u0435 \u0447\u0435\u0442\u0432\u0451\u0440\u0442\u044b\u0439 \u0433\u043e\u0434 \u043f\u043e\u0434\u0440\u044f\u0434 \u0414\u043e\u043c Chanel \u043f\u043e\u0434\u0434\u0435\u0440\u0436\u0438\u0432\u0430\u0435\u0442 \u044d\u0442\u0443 \u0438\u0441\u043a\u043b\u044e\u0447\u0438\u0442\u0435\u043b\u044c\u043d\u0443\u044e \u043f\u0440\u043e\u0433\u0440\u0430\u043c\u043c\u0443, \u043f\u043e\u0434\u0447\u0435\u0440\u043a\u0438\u0432\u0430\u044f \u043d\u0435\u0440\u0430\u0437\u0440\u044b\u0432\u043d\u0443\u044e \u0441\u0432\u044f\u0437\u044c \u0441\u0432\u043e\u0435\u0433\u043e \u0431\u0440\u0435\u043d\u0434\u0430 \u0441 \u041c\u043e\u043d\u0430\u043a\u043e. \u0412\u044b\u0441\u0442\u0430\u0432\u043a\u0430 \u0440\u0430\u0441\u0441\u043a\u0430\u0437\u044b\u0432\u0430\u0435\u0442 \u043e \u0442\u043e\u043c, \u043a\u0430\u043a \u0438\u0441\u043a\u043b\u044e\u0447\u0438\u0442\u0435\u043b\u044c\u043d\u043e\u0441\u0442\u044c \u041c\u043e\u043d\u0430\u043a\u043e, \u0435\u0433\u043e \u0438\u043d\u0442\u0435\u0440\u043d\u0430\u0446\u0438\u043e\u043d\u0430\u043b\u044c\u043d\u044b\u0439 \u0434\u0443\u0445, \u044d\u043b\u0435\u0433\u0430\u043d\u0442\u043d\u043e\u0441\u0442\u044c \u0438 \u0438\u0441\u043a\u0443\u0441\u0441\u0442\u0432\u043e \u0436\u0438\u0437\u043d\u0438 \u0441\u043e\u0431\u043b\u0430\u0437\u043d\u0438\u043b\u0438 \u0413\u0430\u0431\u0440\u0438\u044d\u043b\u044c \u0428\u0430\u043d\u0435\u043b\u044c, \u0430 \u0437\u0430\u0442\u0435\u043c \u0438 \u041a\u0430\u0440\u043b\u0430 \u041b\u0430\u0433\u0435\u0440\u0444\u0435\u043b\u044c\u0434\u0430, \u0441\u0434\u0435\u043b\u0430\u0432 \u041a\u043d\u044f\u0436\u0435\u0441\u0442\u0432\u043e \u0438\u0441\u0442\u043e\u0447\u043d\u0438\u043a\u043e\u043c \u043d\u0435\u0438\u0441\u0447\u0435\u0440\u043f\u0430\u0435\u043c\u043e\u0433\u043e \u0432\u0434\u043e\u0445\u043d\u043e\u0432\u0435\u043d\u0438\u044f.<\/p>\n\n<figure class=\"wp-block-gallery has-nested-images columns-default is-cropped wp-block-gallery-5 is-layout-flex wp-block-gallery-is-layout-flex\">\n<figure class=\"wp-block-image size-large\"><img loading=\"lazy\" decoding=\"async\" width=\"683\" height=\"1024\" data-id=\"300243\" src=\"https:\/\/www.monaco-tribune.com\/wp-content\/uploads\/2025\/06\/nmnm_les-annees-folles-de-coco-chanel-0011-683x1024.jpg\" alt=\"\" class=\"wp-image-300243\" srcset=\"https:\/\/www.monaco-tribune.com\/wp-content\/uploads\/2025\/06\/nmnm_les-annees-folles-de-coco-chanel-0011-683x1024.jpg 683w, https:\/\/www.monaco-tribune.com\/wp-content\/uploads\/2025\/06\/nmnm_les-annees-folles-de-coco-chanel-0011-200x300.jpg 200w, https:\/\/www.monaco-tribune.com\/wp-content\/uploads\/2025\/06\/nmnm_les-annees-folles-de-coco-chanel-0011.jpg 1000w\" sizes=\"auto, (max-width: 683px) 100vw, 683px\" \/><\/figure>\n\n\n\n<figure class=\"wp-block-image size-large\"><img loading=\"lazy\" decoding=\"async\" width=\"737\" height=\"1024\" data-id=\"300244\" src=\"https:\/\/www.monaco-tribune.com\/wp-content\/uploads\/2025\/06\/nmnm_les-annees-folles-de-coco-chanel-0013-737x1024.jpg\" alt=\"\" class=\"wp-image-300244\" srcset=\"https:\/\/www.monaco-tribune.com\/wp-content\/uploads\/2025\/06\/nmnm_les-annees-folles-de-coco-chanel-0013-737x1024.jpg 737w, https:\/\/www.monaco-tribune.com\/wp-content\/uploads\/2025\/06\/nmnm_les-annees-folles-de-coco-chanel-0013-216x300.jpg 216w, https:\/\/www.monaco-tribune.com\/wp-content\/uploads\/2025\/06\/nmnm_les-annees-folles-de-coco-chanel-0013.jpg 1000w\" sizes=\"auto, (max-width: 737px) 100vw, 737px\" \/><\/figure>\n<\/figure>\n\n<hr class=\"wp-block-separator has-alpha-channel-opacity\"\/>\n\n<p><strong>\u041f\u043e\u043b\u0435\u0437\u043d\u0430\u044f \u0438\u043d\u0444\u043e\u0440\u043c\u0430\u0446\u0438\u044f:<\/strong><\/p>\n\n<ul class=\"wp-block-list\">\n<li><strong>\u0410\u0434\u0440\u0435\u0441:<\/strong>\u00a0\u041d\u043e\u0432\u044b\u0439 \u043d\u0430\u0446\u0438\u043e\u043d\u0430\u043b\u044c\u043d\u044b\u0439 \u043c\u0443\u0437\u0435\u0439 \u041c\u043e\u043d\u0430\u043a\u043e \/ \u0412\u0438\u043b\u043b\u0430 \u041f\u0430\u043b\u043e\u043c\u0430 \u2013 56 boulevard du Jardin Exotique, 98000 \u041c\u043e\u043d\u0430\u043a\u043e.<\/li>\n\n\n\n<li><strong>\u0427\u0430\u0441\u044b \u0440\u0430\u0431\u043e\u0442\u044b:<\/strong>\u00a0\u0412\u044b\u0441\u0442\u0430\u0432\u043a\u0430 \u043e\u0442\u043a\u0440\u044b\u0442\u0430 \u0435\u0436\u0435\u0434\u043d\u0435\u0432\u043d\u043e <strong>\u0441 19 \u0438\u044e\u043d\u044f \u043f\u043e 5 \u043e\u043a\u0442\u044f\u0431\u0440\u044f 2025 \u0433\u043e\u0434\u0430<\/strong>, \u0441 10:00 \u0434\u043e 18:00. \u0427\u0430\u0441\u044b \u0440\u0430\u0431\u043e\u0442\u044b \u0432 \u0438\u044e\u043b\u0435 \u0438 \u0430\u0432\u0433\u0443\u0441\u0442\u0435: \u0441 11:00 \u0434\u043e 19:00.<\/li>\n\n\n\n<li><strong>\u0426\u0435\u043d\u044b:<\/strong>\u00a0\u0412\u0445\u043e\u0434 6 \u0435\u0432\u0440\u043e, <strong>\u0431\u0435\u0441\u043f\u043b\u0430\u0442\u043d\u043e<\/strong> \u0434\u043b\u044f \u043b\u0438\u0446 \u043c\u043e\u043b\u043e\u0436\u0435 26 \u043b\u0435\u0442, \u0448\u043a\u043e\u043b\u044c\u043d\u044b\u0445 \u0438 \u0434\u0435\u0442\u0441\u043a\u0438\u0445 \u0433\u0440\u0443\u043f\u043f, \u0433\u0440\u0430\u0436\u0434\u0430\u043d \u041c\u043e\u043d\u0430\u043a\u043e, \u0447\u043b\u0435\u043d\u043e\u0432 ICOM \u0438 CIMAM, \u0441\u043e\u0438\u0441\u043a\u0430\u0442\u0435\u043b\u0435\u0439 \u0440\u0430\u0431\u043e\u0442\u044b \u0441 \u043f\u043e\u0434\u0442\u0432\u0435\u0440\u0436\u0434\u0430\u044e\u0449\u0438\u043c\u0438 \u0434\u043e\u043a\u0443\u043c\u0435\u043d\u0442\u0430\u043c\u0438 \u0438 \u043b\u044e\u0434\u0435\u0439 \u0441 \u043e\u0433\u0440\u0430\u043d\u0438\u0447\u0435\u043d\u043d\u044b\u043c\u0438 \u0432\u043e\u0437\u043c\u043e\u0436\u043d\u043e\u0441\u0442\u044f\u043c\u0438. <strong>\u0411\u0435\u0441\u043f\u043b\u0430\u0442\u043d\u044b\u0439<\/strong> \u0432\u0445\u043e\u0434 \u043f\u043e <strong>\u0432\u043e\u0441\u043a\u0440\u0435\u0441\u0435\u043d\u044c\u044f\u043c<\/strong>.<\/li>\n<\/ul>\n","protected":false},"excerpt":{"rendered":"<p>\u0413\u043b\u0430\u0432\u043d\u0430\u044f \u0432\u044b\u0441\u0442\u0430\u0432\u043a\u0430 \u0432 \u041d\u043e\u0432\u043e\u043c \u043d\u0430\u0446\u0438\u043e\u043d\u0430\u043b\u044c\u043d\u043e\u043c \u043c\u0443\u0437\u0435\u0435 \u041c\u043e\u043d\u0430\u043a\u043e \u043f\u0435\u0440\u0435\u0434\u0430\u0451\u0442 \u0443\u043d\u0438\u043a\u0430\u043b\u044c\u043d\u044b\u0439 \u0434\u0438\u0430\u043b\u043e\u0433 \u043c\u043e\u0434\u044b \u0438 \u0441\u043e\u0432\u0440\u0435\u043c\u0435\u043d\u043d\u043e\u0433\u043e \u0438\u0441\u043a\u0443\u0441\u0441\u0442\u0432\u0430. \u0411\u043e\u043b\u0435\u0435 200 \u044d\u043a\u0441\u043f\u043e\u043d\u0430\u0442\u043e\u0432 \u0440\u0430\u0441\u0441\u043a\u0430\u0437\u044b\u0432\u0430\u044e\u0442 \u0438\u0441\u0442\u043e\u0440\u0438\u044e \u043f\u043e\u044f\u0432\u043b\u0435\u043d\u0438\u044f [&hellip;]<\/p>\n","protected":false},"author":77,"featured_media":300214,"comment_status":"closed","ping_status":"closed","sticky":false,"template":"","format":"standard","meta":{"_acf_changed":false,"footnotes":""},"categories":[1728,1730],"tags":[4021],"post_sectags":[5571,4904],"post_format":[2499],"class_list":["post-300520","post","type-post","status-publish","format-standard","has-post-thumbnail","hentry","category-novosti","category-chem-zanyatsya","tag-iskusstvo","sectag-villa-paloma-ru","sectag-novyj-naczionalnyj-muzej-monako","format-syuzhet"],"acf":[],"yoast_head":"<!-- This site is optimized with the Yoast SEO Premium plugin v26.8 (Yoast SEO v27.4) - https:\/\/yoast.com\/product\/yoast-seo-premium-wordpress\/ -->\n<title>\u00ab\u041b\u0438\u0445\u0438\u0435 \u0434\u0432\u0430\u0434\u0446\u0430\u0442\u044b\u0435 \u041a\u043e\u043a\u043e \u0428\u0430\u043d\u0435\u043b\u044c\u00bb: \u0442\u0432\u043e\u0440\u0447\u0435\u0441\u0442\u0432\u043e \u0432\u0435\u043b\u0438\u0447\u0430\u0439\u0448\u0435\u0433\u043e \u0434\u0438\u0437\u0430\u0439\u043d\u0435\u0440\u0430 XX-\u0433\u043e \u0432\u0435\u043a\u0430 \u2013 \u0432 \u0441\u0430\u043c\u043e\u043c \u0441\u0435\u0440\u0434\u0446\u0435 \u0412\u0438\u043b\u043b\u044b \u041f\u0430\u043b\u043e\u043c\u0430<\/title>\n<meta name=\"description\" content=\"\u0413\u043b\u0430\u0432\u043d\u0430\u044f \u0432\u044b\u0441\u0442\u0430\u0432\u043a\u0430 \u0432 \u041d\u043e\u0432\u043e\u043c \u043d\u0430\u0446\u0438\u043e\u043d\u0430\u043b\u044c\u043d\u043e\u043c \u043c\u0443\u0437\u0435\u0435 \u041c\u043e\u043d\u0430\u043a\u043e \u043f\u0435\u0440\u0435\u0434\u0430\u0451\u0442 \u0443\u043d\u0438\u043a\u0430\u043b\u044c\u043d\u044b\u0439 \u0434\u0438\u0430\u043b\u043e\u0433 \u043c\u043e\u0434\u044b \u0438 \u0441\u043e\u0432\u0440\u0435\u043c\u0435\u043d\u043d\u043e\u0433\u043e \u0438\u0441\u043a\u0443\u0441\u0441\u0442\u0432\u0430. \u0411\u043e\u043b\u0435\u0435 200 \u044d\u043a\u0441\u043f\u043e\u043d\u0430\u0442\u043e\u0432 \u0440\u0430\u0441\u0441\u043a\u0430\u0437\u044b\u0432\u0430\u044e\u0442 \u0438\u0441\u0442\u043e\u0440\u0438\u044e\" \/>\n<meta name=\"robots\" content=\"index, follow, max-snippet:-1, max-image-preview:large, max-video-preview:-1\" \/>\n<link rel=\"canonical\" href=\"https:\/\/www.monaco-tribune.com\/ru\/2025\/06\/lihie-dvadczatye-koko-shanel-tvorchestvo-velichajshego-dizajnera-xx-go-veka-v-samom-serdcze-villy-paloma\/\" \/>\n<meta property=\"og:locale\" content=\"ru_RU\" \/>\n<meta property=\"og:type\" content=\"article\" \/>\n<meta property=\"og:title\" content=\"\u00ab\u041b\u0438\u0445\u0438\u0435 \u0434\u0432\u0430\u0434\u0446\u0430\u0442\u044b\u0435 \u041a\u043e\u043a\u043e \u0428\u0430\u043d\u0435\u043b\u044c\u00bb: \u0442\u0432\u043e\u0440\u0447\u0435\u0441\u0442\u0432\u043e \u0432\u0435\u043b\u0438\u0447\u0430\u0439\u0448\u0435\u0433\u043e \u0434\u0438\u0437\u0430\u0439\u043d\u0435\u0440\u0430 XX-\u0433\u043e \u0432\u0435\u043a\u0430 \u2013 \u0432 \u0441\u0430\u043c\u043e\u043c \u0441\u0435\u0440\u0434\u0446\u0435 \u0412\u0438\u043b\u043b\u044b \u041f\u0430\u043b\u043e\u043c\u0430 - Monaco Tribune\" \/>\n<meta property=\"og:description\" content=\"\u0413\u043b\u0430\u0432\u043d\u0430\u044f \u0432\u044b\u0441\u0442\u0430\u0432\u043a\u0430 \u0432 \u041d\u043e\u0432\u043e\u043c \u043d\u0430\u0446\u0438\u043e\u043d\u0430\u043b\u044c\u043d\u043e\u043c \u043c\u0443\u0437\u0435\u0435 \u041c\u043e\u043d\u0430\u043a\u043e \u043f\u0435\u0440\u0435\u0434\u0430\u0451\u0442 \u0443\u043d\u0438\u043a\u0430\u043b\u044c\u043d\u044b\u0439 \u0434\u0438\u0430\u043b\u043e\u0433 \u043c\u043e\u0434\u044b \u0438 \u0441\u043e\u0432\u0440\u0435\u043c\u0435\u043d\u043d\u043e\u0433\u043e \u0438\u0441\u043a\u0443\u0441\u0441\u0442\u0432\u0430. \u0411\u043e\u043b\u0435\u0435 200 \u044d\u043a\u0441\u043f\u043e\u043d\u0430\u0442\u043e\u0432 \u0440\u0430\u0441\u0441\u043a\u0430\u0437\u044b\u0432\u0430\u044e\u0442 \u0438\u0441\u0442\u043e\u0440\u0438\u044e\" \/>\n<meta property=\"og:url\" content=\"https:\/\/www.monaco-tribune.com\/ru\/2025\/06\/lihie-dvadczatye-koko-shanel-tvorchestvo-velichajshego-dizajnera-xx-go-veka-v-samom-serdcze-villy-paloma\/\" \/>\n<meta property=\"og:site_name\" content=\"Monaco Tribune\" \/>\n<meta property=\"article:publisher\" content=\"https:\/\/www.facebook.com\/MonacoTribune\" \/>\n<meta property=\"article:published_time\" content=\"2025-06-19T09:54:13+00:00\" \/>\n<meta property=\"article:modified_time\" content=\"2025-06-20T09:13:36+00:00\" \/>\n<meta property=\"og:image\" content=\"https:\/\/www.monaco-tribune.com\/wp-content\/uploads\/2025\/06\/nmnm_les-annees-folles-de-coco-chanel-002.jpg\" \/>\n\t<meta property=\"og:image:width\" content=\"2000\" \/>\n\t<meta property=\"og:image:height\" content=\"1333\" \/>\n\t<meta property=\"og:image:type\" content=\"image\/jpeg\" \/>\n<meta name=\"author\" content=\"Ana\u00efs Riu\" \/>\n<meta name=\"twitter:card\" content=\"summary_large_image\" \/>\n<meta name=\"twitter:creator\" content=\"@MonacoTribune\" \/>\n<meta name=\"twitter:site\" content=\"@MonacoTribune\" \/>\n<script type=\"application\/ld+json\" class=\"yoast-schema-graph\">{\"@context\":\"https:\\\/\\\/schema.org\",\"@graph\":[{\"@type\":\"NewsArticle\",\"@id\":\"https:\\\/\\\/www.monaco-tribune.com\\\/ru\\\/2025\\\/06\\\/lihie-dvadczatye-koko-shanel-tvorchestvo-velichajshego-dizajnera-xx-go-veka-v-samom-serdcze-villy-paloma\\\/#article\",\"isPartOf\":{\"@id\":\"https:\\\/\\\/www.monaco-tribune.com\\\/ru\\\/2025\\\/06\\\/lihie-dvadczatye-koko-shanel-tvorchestvo-velichajshego-dizajnera-xx-go-veka-v-samom-serdcze-villy-paloma\\\/\"},\"author\":{\"name\":\"Ana\u00efs Riu\",\"@id\":\"https:\\\/\\\/www.monaco-tribune.com\\\/ru\\\/#\\\/schema\\\/person\\\/6db631c784f2f0eff54c3ca4d1da2d49\"},\"headline\":\"\u00ab\u041b\u0438\u0445\u0438\u0435 \u0434\u0432\u0430\u0434\u0446\u0430\u0442\u044b\u0435 \u041a\u043e\u043a\u043e \u0428\u0430\u043d\u0435\u043b\u044c\u00bb: \u0442\u0432\u043e\u0440\u0447\u0435\u0441\u0442\u0432\u043e \u0432\u0435\u043b\u0438\u0447\u0430\u0439\u0448\u0435\u0433\u043e \u0434\u0438\u0437\u0430\u0439\u043d\u0435\u0440\u0430 XX-\u0433\u043e \u0432\u0435\u043a\u0430 \u2013 \u0432 \u0441\u0430\u043c\u043e\u043c \u0441\u0435\u0440\u0434\u0446\u0435 \u0412\u0438\u043b\u043b\u044b \u041f\u0430\u043b\u043e\u043c\u0430\",\"datePublished\":\"2025-06-19T09:54:13+00:00\",\"dateModified\":\"2025-06-20T09:13:36+00:00\",\"mainEntityOfPage\":{\"@id\":\"https:\\\/\\\/www.monaco-tribune.com\\\/ru\\\/2025\\\/06\\\/lihie-dvadczatye-koko-shanel-tvorchestvo-velichajshego-dizajnera-xx-go-veka-v-samom-serdcze-villy-paloma\\\/\"},\"wordCount\":488,\"publisher\":{\"@id\":\"https:\\\/\\\/www.monaco-tribune.com\\\/ru\\\/#organization\"},\"image\":{\"@id\":\"https:\\\/\\\/www.monaco-tribune.com\\\/ru\\\/2025\\\/06\\\/lihie-dvadczatye-koko-shanel-tvorchestvo-velichajshego-dizajnera-xx-go-veka-v-samom-serdcze-villy-paloma\\\/#primaryimage\"},\"thumbnailUrl\":\"https:\\\/\\\/www.monaco-tribune.com\\\/wp-content\\\/uploads\\\/2025\\\/06\\\/nmnm_les-annees-folles-de-coco-chanel-002.jpg\",\"keywords\":[\"\u0418\u0441\u043a\u0443\u0441\u0441\u0442\u0432\u043e\"],\"articleSection\":[\"\u041d\u043e\u0432\u043e\u0441\u0442\u0438\",\"\u0427\u0435\u043c \u0437\u0430\u043d\u044f\u0442\u044c\u0441\u044f\"],\"inLanguage\":\"ru-RU\",\"copyrightYear\":\"2025\",\"copyrightHolder\":{\"@id\":\"https:\\\/\\\/www.monaco-tribune.com\\\/#organization\"}},{\"@type\":\"WebPage\",\"@id\":\"https:\\\/\\\/www.monaco-tribune.com\\\/ru\\\/2025\\\/06\\\/lihie-dvadczatye-koko-shanel-tvorchestvo-velichajshego-dizajnera-xx-go-veka-v-samom-serdcze-villy-paloma\\\/\",\"url\":\"https:\\\/\\\/www.monaco-tribune.com\\\/ru\\\/2025\\\/06\\\/lihie-dvadczatye-koko-shanel-tvorchestvo-velichajshego-dizajnera-xx-go-veka-v-samom-serdcze-villy-paloma\\\/\",\"name\":\"\u00ab\u041b\u0438\u0445\u0438\u0435 \u0434\u0432\u0430\u0434\u0446\u0430\u0442\u044b\u0435 \u041a\u043e\u043a\u043e \u0428\u0430\u043d\u0435\u043b\u044c\u00bb: \u0442\u0432\u043e\u0440\u0447\u0435\u0441\u0442\u0432\u043e \u0432\u0435\u043b\u0438\u0447\u0430\u0439\u0448\u0435\u0433\u043e \u0434\u0438\u0437\u0430\u0439\u043d\u0435\u0440\u0430 XX-\u0433\u043e \u0432\u0435\u043a\u0430 \u2013 \u0432 \u0441\u0430\u043c\u043e\u043c \u0441\u0435\u0440\u0434\u0446\u0435 \u0412\u0438\u043b\u043b\u044b \u041f\u0430\u043b\u043e\u043c\u0430\",\"isPartOf\":{\"@id\":\"https:\\\/\\\/www.monaco-tribune.com\\\/ru\\\/#website\"},\"primaryImageOfPage\":{\"@id\":\"https:\\\/\\\/www.monaco-tribune.com\\\/ru\\\/2025\\\/06\\\/lihie-dvadczatye-koko-shanel-tvorchestvo-velichajshego-dizajnera-xx-go-veka-v-samom-serdcze-villy-paloma\\\/#primaryimage\"},\"image\":{\"@id\":\"https:\\\/\\\/www.monaco-tribune.com\\\/ru\\\/2025\\\/06\\\/lihie-dvadczatye-koko-shanel-tvorchestvo-velichajshego-dizajnera-xx-go-veka-v-samom-serdcze-villy-paloma\\\/#primaryimage\"},\"thumbnailUrl\":\"https:\\\/\\\/www.monaco-tribune.com\\\/wp-content\\\/uploads\\\/2025\\\/06\\\/nmnm_les-annees-folles-de-coco-chanel-002.jpg\",\"datePublished\":\"2025-06-19T09:54:13+00:00\",\"dateModified\":\"2025-06-20T09:13:36+00:00\",\"description\":\"\u0413\u043b\u0430\u0432\u043d\u0430\u044f \u0432\u044b\u0441\u0442\u0430\u0432\u043a\u0430 \u0432 \u041d\u043e\u0432\u043e\u043c \u043d\u0430\u0446\u0438\u043e\u043d\u0430\u043b\u044c\u043d\u043e\u043c \u043c\u0443\u0437\u0435\u0435 \u041c\u043e\u043d\u0430\u043a\u043e \u043f\u0435\u0440\u0435\u0434\u0430\u0451\u0442 \u0443\u043d\u0438\u043a\u0430\u043b\u044c\u043d\u044b\u0439 \u0434\u0438\u0430\u043b\u043e\u0433 \u043c\u043e\u0434\u044b \u0438 \u0441\u043e\u0432\u0440\u0435\u043c\u0435\u043d\u043d\u043e\u0433\u043e \u0438\u0441\u043a\u0443\u0441\u0441\u0442\u0432\u0430. \u0411\u043e\u043b\u0435\u0435 200 \u044d\u043a\u0441\u043f\u043e\u043d\u0430\u0442\u043e\u0432 \u0440\u0430\u0441\u0441\u043a\u0430\u0437\u044b\u0432\u0430\u044e\u0442 \u0438\u0441\u0442\u043e\u0440\u0438\u044e\",\"breadcrumb\":{\"@id\":\"https:\\\/\\\/www.monaco-tribune.com\\\/ru\\\/2025\\\/06\\\/lihie-dvadczatye-koko-shanel-tvorchestvo-velichajshego-dizajnera-xx-go-veka-v-samom-serdcze-villy-paloma\\\/#breadcrumb\"},\"inLanguage\":\"ru-RU\",\"potentialAction\":[{\"@type\":\"ReadAction\",\"target\":[\"https:\\\/\\\/www.monaco-tribune.com\\\/ru\\\/2025\\\/06\\\/lihie-dvadczatye-koko-shanel-tvorchestvo-velichajshego-dizajnera-xx-go-veka-v-samom-serdcze-villy-paloma\\\/\"]}]},{\"@type\":\"ImageObject\",\"inLanguage\":\"ru-RU\",\"@id\":\"https:\\\/\\\/www.monaco-tribune.com\\\/ru\\\/2025\\\/06\\\/lihie-dvadczatye-koko-shanel-tvorchestvo-velichajshego-dizajnera-xx-go-veka-v-samom-serdcze-villy-paloma\\\/#primaryimage\",\"url\":\"https:\\\/\\\/www.monaco-tribune.com\\\/wp-content\\\/uploads\\\/2025\\\/06\\\/nmnm_les-annees-folles-de-coco-chanel-002.jpg\",\"contentUrl\":\"https:\\\/\\\/www.monaco-tribune.com\\\/wp-content\\\/uploads\\\/2025\\\/06\\\/nmnm_les-annees-folles-de-coco-chanel-002.jpg\",\"width\":2000,\"height\":1333,\"caption\":\"\u042d\u043a\u0441\u043f\u043e\u0437\u0438\u0446\u0438\u044f \u0432\u043e\u0437\u0440\u043e\u0436\u0434\u0430\u0435\u0442 \u0446\u0435\u043b\u0443\u044e \u044d\u043f\u043e\u0445\u0443, \u0432 \u043a\u043e\u0442\u043e\u0440\u0443\u044e \u0434\u0430\u043b\u044c\u043d\u043e\u0432\u0438\u0434\u043d\u0430\u044f \u0434\u0430\u043c\u0430 \u0438\u0437\u043e\u0431\u0440\u0435\u043b\u0430 \u0441\u043e\u0432\u0440\u0435\u043c\u0435\u043d\u043d\u043e\u0441\u0442\u044c \u00a9 \u041d\u043e\u0432\u044b\u0439 \u043d\u0430\u0446\u0438\u043e\u043d\u0430\u043b\u044c\u043d\u044b\u0439 \u043c\u0443\u0437\u0435\u0439 \u041c\u043e\u043d\u0430\u043a\u043e \u2013 \u0410\u043d\u0434\u0440\u0435\u0430 \u0420\u043e\u0441\u0441\u0435\u0442\u0442\u0438 (Andrea Rossetti) \\\/ \u042d\u043a\u0442\u043e\u0440 \u0428\u0438\u043a\u043e (H\u00e9ctor Chico)\"},{\"@type\":\"BreadcrumbList\",\"@id\":\"https:\\\/\\\/www.monaco-tribune.com\\\/ru\\\/2025\\\/06\\\/lihie-dvadczatye-koko-shanel-tvorchestvo-velichajshego-dizajnera-xx-go-veka-v-samom-serdcze-villy-paloma\\\/#breadcrumb\",\"itemListElement\":[{\"@type\":\"ListItem\",\"position\":1,\"name\":\"Accueil\",\"item\":\"https:\\\/\\\/www.monaco-tribune.com\\\/ru\\\/\"},{\"@type\":\"ListItem\",\"position\":2,\"name\":\"\u00ab\u041b\u0438\u0445\u0438\u0435 \u0434\u0432\u0430\u0434\u0446\u0430\u0442\u044b\u0435 \u041a\u043e\u043a\u043e \u0428\u0430\u043d\u0435\u043b\u044c\u00bb: \u0442\u0432\u043e\u0440\u0447\u0435\u0441\u0442\u0432\u043e \u0432\u0435\u043b\u0438\u0447\u0430\u0439\u0448\u0435\u0433\u043e \u0434\u0438\u0437\u0430\u0439\u043d\u0435\u0440\u0430 XX-\u0433\u043e \u0432\u0435\u043a\u0430 \u2013 \u0432 \u0441\u0430\u043c\u043e\u043c \u0441\u0435\u0440\u0434\u0446\u0435 \u0412\u0438\u043b\u043b\u044b \u041f\u0430\u043b\u043e\u043c\u0430\"}]},{\"@type\":\"WebSite\",\"@id\":\"https:\\\/\\\/www.monaco-tribune.com\\\/ru\\\/#website\",\"url\":\"https:\\\/\\\/www.monaco-tribune.com\\\/ru\\\/\",\"name\":\"Monaco Tribune\",\"description\":\"Monaco : actualit\u00e9s \u00e9conomiques, politiques, culturelles et sportives de Monaco et de la French Riviera.\",\"publisher\":{\"@id\":\"https:\\\/\\\/www.monaco-tribune.com\\\/ru\\\/#organization\"},\"potentialAction\":[{\"@type\":\"SearchAction\",\"target\":{\"@type\":\"EntryPoint\",\"urlTemplate\":\"https:\\\/\\\/www.monaco-tribune.com\\\/ru\\\/?s={search_term_string}\"},\"query-input\":{\"@type\":\"PropertyValueSpecification\",\"valueRequired\":true,\"valueName\":\"search_term_string\"}}],\"inLanguage\":\"ru-RU\"},{\"@type\":\"Organization\",\"@id\":\"https:\\\/\\\/www.monaco-tribune.com\\\/ru\\\/#organization\",\"name\":\"Monaco Tribune\",\"url\":\"https:\\\/\\\/www.monaco-tribune.com\\\/ru\\\/\",\"logo\":{\"@type\":\"ImageObject\",\"inLanguage\":\"ru-RU\",\"@id\":\"https:\\\/\\\/www.monaco-tribune.com\\\/ru\\\/#\\\/schema\\\/logo\\\/image\\\/\",\"url\":\"https:\\\/\\\/www.monaco-tribune.com\\\/wp-content\\\/uploads\\\/2022\\\/11\\\/logo-monaco-tribune.png\",\"contentUrl\":\"https:\\\/\\\/www.monaco-tribune.com\\\/wp-content\\\/uploads\\\/2022\\\/11\\\/logo-monaco-tribune.png\",\"width\":1548,\"height\":600,\"caption\":\"Monaco Tribune\"},\"image\":{\"@id\":\"https:\\\/\\\/www.monaco-tribune.com\\\/ru\\\/#\\\/schema\\\/logo\\\/image\\\/\"},\"sameAs\":[\"https:\\\/\\\/www.facebook.com\\\/MonacoTribune\",\"https:\\\/\\\/x.com\\\/MonacoTribune\",\"https:\\\/\\\/www.instagram.com\\\/monacotribune\\\/\",\"https:\\\/\\\/www.linkedin.com\\\/company\\\/monaco-tribune\",\"https:\\\/\\\/www.youtube.com\\\/channel\\\/UCHle1MnG6hw1y4lWKijVbMA\"]},{\"@type\":\"Person\",\"@id\":\"https:\\\/\\\/www.monaco-tribune.com\\\/ru\\\/#\\\/schema\\\/person\\\/6db631c784f2f0eff54c3ca4d1da2d49\",\"name\":\"Ana\u00efs Riu\",\"image\":{\"@type\":\"ImageObject\",\"inLanguage\":\"ru-RU\",\"@id\":\"https:\\\/\\\/secure.gravatar.com\\\/avatar\\\/9137eff67ff750f1997c171f45e5829ca4c8fa34729a8f8cd9dc85be7e50df7f?s=96&d=mm&r=g\",\"url\":\"https:\\\/\\\/secure.gravatar.com\\\/avatar\\\/9137eff67ff750f1997c171f45e5829ca4c8fa34729a8f8cd9dc85be7e50df7f?s=96&d=mm&r=g\",\"contentUrl\":\"https:\\\/\\\/secure.gravatar.com\\\/avatar\\\/9137eff67ff750f1997c171f45e5829ca4c8fa34729a8f8cd9dc85be7e50df7f?s=96&d=mm&r=g\",\"caption\":\"Ana\u00efs Riu\"},\"url\":\"https:\\\/\\\/www.monaco-tribune.com\\\/ru\\\/author\\\/anaisriu\\\/\"}]}<\/script>\n<!-- \/ Yoast SEO Premium plugin. -->","yoast_head_json":{"title":"\u00ab\u041b\u0438\u0445\u0438\u0435 \u0434\u0432\u0430\u0434\u0446\u0430\u0442\u044b\u0435 \u041a\u043e\u043a\u043e \u0428\u0430\u043d\u0435\u043b\u044c\u00bb: \u0442\u0432\u043e\u0440\u0447\u0435\u0441\u0442\u0432\u043e \u0432\u0435\u043b\u0438\u0447\u0430\u0439\u0448\u0435\u0433\u043e \u0434\u0438\u0437\u0430\u0439\u043d\u0435\u0440\u0430 XX-\u0433\u043e \u0432\u0435\u043a\u0430 \u2013 \u0432 \u0441\u0430\u043c\u043e\u043c \u0441\u0435\u0440\u0434\u0446\u0435 \u0412\u0438\u043b\u043b\u044b \u041f\u0430\u043b\u043e\u043c\u0430","description":"\u0413\u043b\u0430\u0432\u043d\u0430\u044f \u0432\u044b\u0441\u0442\u0430\u0432\u043a\u0430 \u0432 \u041d\u043e\u0432\u043e\u043c \u043d\u0430\u0446\u0438\u043e\u043d\u0430\u043b\u044c\u043d\u043e\u043c \u043c\u0443\u0437\u0435\u0435 \u041c\u043e\u043d\u0430\u043a\u043e \u043f\u0435\u0440\u0435\u0434\u0430\u0451\u0442 \u0443\u043d\u0438\u043a\u0430\u043b\u044c\u043d\u044b\u0439 \u0434\u0438\u0430\u043b\u043e\u0433 \u043c\u043e\u0434\u044b \u0438 \u0441\u043e\u0432\u0440\u0435\u043c\u0435\u043d\u043d\u043e\u0433\u043e \u0438\u0441\u043a\u0443\u0441\u0441\u0442\u0432\u0430. \u0411\u043e\u043b\u0435\u0435 200 \u044d\u043a\u0441\u043f\u043e\u043d\u0430\u0442\u043e\u0432 \u0440\u0430\u0441\u0441\u043a\u0430\u0437\u044b\u0432\u0430\u044e\u0442 \u0438\u0441\u0442\u043e\u0440\u0438\u044e","robots":{"index":"index","follow":"follow","max-snippet":"max-snippet:-1","max-image-preview":"max-image-preview:large","max-video-preview":"max-video-preview:-1"},"canonical":"https:\/\/www.monaco-tribune.com\/ru\/2025\/06\/lihie-dvadczatye-koko-shanel-tvorchestvo-velichajshego-dizajnera-xx-go-veka-v-samom-serdcze-villy-paloma\/","og_locale":"ru_RU","og_type":"article","og_title":"\u00ab\u041b\u0438\u0445\u0438\u0435 \u0434\u0432\u0430\u0434\u0446\u0430\u0442\u044b\u0435 \u041a\u043e\u043a\u043e \u0428\u0430\u043d\u0435\u043b\u044c\u00bb: \u0442\u0432\u043e\u0440\u0447\u0435\u0441\u0442\u0432\u043e \u0432\u0435\u043b\u0438\u0447\u0430\u0439\u0448\u0435\u0433\u043e \u0434\u0438\u0437\u0430\u0439\u043d\u0435\u0440\u0430 XX-\u0433\u043e \u0432\u0435\u043a\u0430 \u2013 \u0432 \u0441\u0430\u043c\u043e\u043c \u0441\u0435\u0440\u0434\u0446\u0435 \u0412\u0438\u043b\u043b\u044b \u041f\u0430\u043b\u043e\u043c\u0430 - Monaco Tribune","og_description":"\u0413\u043b\u0430\u0432\u043d\u0430\u044f \u0432\u044b\u0441\u0442\u0430\u0432\u043a\u0430 \u0432 \u041d\u043e\u0432\u043e\u043c \u043d\u0430\u0446\u0438\u043e\u043d\u0430\u043b\u044c\u043d\u043e\u043c \u043c\u0443\u0437\u0435\u0435 \u041c\u043e\u043d\u0430\u043a\u043e \u043f\u0435\u0440\u0435\u0434\u0430\u0451\u0442 \u0443\u043d\u0438\u043a\u0430\u043b\u044c\u043d\u044b\u0439 \u0434\u0438\u0430\u043b\u043e\u0433 \u043c\u043e\u0434\u044b \u0438 \u0441\u043e\u0432\u0440\u0435\u043c\u0435\u043d\u043d\u043e\u0433\u043e \u0438\u0441\u043a\u0443\u0441\u0441\u0442\u0432\u0430. \u0411\u043e\u043b\u0435\u0435 200 \u044d\u043a\u0441\u043f\u043e\u043d\u0430\u0442\u043e\u0432 \u0440\u0430\u0441\u0441\u043a\u0430\u0437\u044b\u0432\u0430\u044e\u0442 \u0438\u0441\u0442\u043e\u0440\u0438\u044e","og_url":"https:\/\/www.monaco-tribune.com\/ru\/2025\/06\/lihie-dvadczatye-koko-shanel-tvorchestvo-velichajshego-dizajnera-xx-go-veka-v-samom-serdcze-villy-paloma\/","og_site_name":"Monaco Tribune","article_publisher":"https:\/\/www.facebook.com\/MonacoTribune","article_published_time":"2025-06-19T09:54:13+00:00","article_modified_time":"2025-06-20T09:13:36+00:00","og_image":[{"width":2000,"height":1333,"url":"https:\/\/www.monaco-tribune.com\/wp-content\/uploads\/2025\/06\/nmnm_les-annees-folles-de-coco-chanel-002.jpg","type":"image\/jpeg"}],"author":"Ana\u00efs Riu","twitter_card":"summary_large_image","twitter_creator":"@MonacoTribune","twitter_site":"@MonacoTribune","schema":{"@context":"https:\/\/schema.org","@graph":[{"@type":"NewsArticle","@id":"https:\/\/www.monaco-tribune.com\/ru\/2025\/06\/lihie-dvadczatye-koko-shanel-tvorchestvo-velichajshego-dizajnera-xx-go-veka-v-samom-serdcze-villy-paloma\/#article","isPartOf":{"@id":"https:\/\/www.monaco-tribune.com\/ru\/2025\/06\/lihie-dvadczatye-koko-shanel-tvorchestvo-velichajshego-dizajnera-xx-go-veka-v-samom-serdcze-villy-paloma\/"},"author":{"name":"Ana\u00efs Riu","@id":"https:\/\/www.monaco-tribune.com\/ru\/#\/schema\/person\/6db631c784f2f0eff54c3ca4d1da2d49"},"headline":"\u00ab\u041b\u0438\u0445\u0438\u0435 \u0434\u0432\u0430\u0434\u0446\u0430\u0442\u044b\u0435 \u041a\u043e\u043a\u043e \u0428\u0430\u043d\u0435\u043b\u044c\u00bb: \u0442\u0432\u043e\u0440\u0447\u0435\u0441\u0442\u0432\u043e \u0432\u0435\u043b\u0438\u0447\u0430\u0439\u0448\u0435\u0433\u043e \u0434\u0438\u0437\u0430\u0439\u043d\u0435\u0440\u0430 XX-\u0433\u043e \u0432\u0435\u043a\u0430 \u2013 \u0432 \u0441\u0430\u043c\u043e\u043c \u0441\u0435\u0440\u0434\u0446\u0435 \u0412\u0438\u043b\u043b\u044b \u041f\u0430\u043b\u043e\u043c\u0430","datePublished":"2025-06-19T09:54:13+00:00","dateModified":"2025-06-20T09:13:36+00:00","mainEntityOfPage":{"@id":"https:\/\/www.monaco-tribune.com\/ru\/2025\/06\/lihie-dvadczatye-koko-shanel-tvorchestvo-velichajshego-dizajnera-xx-go-veka-v-samom-serdcze-villy-paloma\/"},"wordCount":488,"publisher":{"@id":"https:\/\/www.monaco-tribune.com\/ru\/#organization"},"image":{"@id":"https:\/\/www.monaco-tribune.com\/ru\/2025\/06\/lihie-dvadczatye-koko-shanel-tvorchestvo-velichajshego-dizajnera-xx-go-veka-v-samom-serdcze-villy-paloma\/#primaryimage"},"thumbnailUrl":"https:\/\/www.monaco-tribune.com\/wp-content\/uploads\/2025\/06\/nmnm_les-annees-folles-de-coco-chanel-002.jpg","keywords":["\u0418\u0441\u043a\u0443\u0441\u0441\u0442\u0432\u043e"],"articleSection":["\u041d\u043e\u0432\u043e\u0441\u0442\u0438","\u0427\u0435\u043c \u0437\u0430\u043d\u044f\u0442\u044c\u0441\u044f"],"inLanguage":"ru-RU","copyrightYear":"2025","copyrightHolder":{"@id":"https:\/\/www.monaco-tribune.com\/#organization"}},{"@type":"WebPage","@id":"https:\/\/www.monaco-tribune.com\/ru\/2025\/06\/lihie-dvadczatye-koko-shanel-tvorchestvo-velichajshego-dizajnera-xx-go-veka-v-samom-serdcze-villy-paloma\/","url":"https:\/\/www.monaco-tribune.com\/ru\/2025\/06\/lihie-dvadczatye-koko-shanel-tvorchestvo-velichajshego-dizajnera-xx-go-veka-v-samom-serdcze-villy-paloma\/","name":"\u00ab\u041b\u0438\u0445\u0438\u0435 \u0434\u0432\u0430\u0434\u0446\u0430\u0442\u044b\u0435 \u041a\u043e\u043a\u043e \u0428\u0430\u043d\u0435\u043b\u044c\u00bb: \u0442\u0432\u043e\u0440\u0447\u0435\u0441\u0442\u0432\u043e \u0432\u0435\u043b\u0438\u0447\u0430\u0439\u0448\u0435\u0433\u043e \u0434\u0438\u0437\u0430\u0439\u043d\u0435\u0440\u0430 XX-\u0433\u043e \u0432\u0435\u043a\u0430 \u2013 \u0432 \u0441\u0430\u043c\u043e\u043c \u0441\u0435\u0440\u0434\u0446\u0435 \u0412\u0438\u043b\u043b\u044b \u041f\u0430\u043b\u043e\u043c\u0430","isPartOf":{"@id":"https:\/\/www.monaco-tribune.com\/ru\/#website"},"primaryImageOfPage":{"@id":"https:\/\/www.monaco-tribune.com\/ru\/2025\/06\/lihie-dvadczatye-koko-shanel-tvorchestvo-velichajshego-dizajnera-xx-go-veka-v-samom-serdcze-villy-paloma\/#primaryimage"},"image":{"@id":"https:\/\/www.monaco-tribune.com\/ru\/2025\/06\/lihie-dvadczatye-koko-shanel-tvorchestvo-velichajshego-dizajnera-xx-go-veka-v-samom-serdcze-villy-paloma\/#primaryimage"},"thumbnailUrl":"https:\/\/www.monaco-tribune.com\/wp-content\/uploads\/2025\/06\/nmnm_les-annees-folles-de-coco-chanel-002.jpg","datePublished":"2025-06-19T09:54:13+00:00","dateModified":"2025-06-20T09:13:36+00:00","description":"\u0413\u043b\u0430\u0432\u043d\u0430\u044f \u0432\u044b\u0441\u0442\u0430\u0432\u043a\u0430 \u0432 \u041d\u043e\u0432\u043e\u043c \u043d\u0430\u0446\u0438\u043e\u043d\u0430\u043b\u044c\u043d\u043e\u043c \u043c\u0443\u0437\u0435\u0435 \u041c\u043e\u043d\u0430\u043a\u043e \u043f\u0435\u0440\u0435\u0434\u0430\u0451\u0442 \u0443\u043d\u0438\u043a\u0430\u043b\u044c\u043d\u044b\u0439 \u0434\u0438\u0430\u043b\u043e\u0433 \u043c\u043e\u0434\u044b \u0438 \u0441\u043e\u0432\u0440\u0435\u043c\u0435\u043d\u043d\u043e\u0433\u043e \u0438\u0441\u043a\u0443\u0441\u0441\u0442\u0432\u0430. \u0411\u043e\u043b\u0435\u0435 200 \u044d\u043a\u0441\u043f\u043e\u043d\u0430\u0442\u043e\u0432 \u0440\u0430\u0441\u0441\u043a\u0430\u0437\u044b\u0432\u0430\u044e\u0442 \u0438\u0441\u0442\u043e\u0440\u0438\u044e","breadcrumb":{"@id":"https:\/\/www.monaco-tribune.com\/ru\/2025\/06\/lihie-dvadczatye-koko-shanel-tvorchestvo-velichajshego-dizajnera-xx-go-veka-v-samom-serdcze-villy-paloma\/#breadcrumb"},"inLanguage":"ru-RU","potentialAction":[{"@type":"ReadAction","target":["https:\/\/www.monaco-tribune.com\/ru\/2025\/06\/lihie-dvadczatye-koko-shanel-tvorchestvo-velichajshego-dizajnera-xx-go-veka-v-samom-serdcze-villy-paloma\/"]}]},{"@type":"ImageObject","inLanguage":"ru-RU","@id":"https:\/\/www.monaco-tribune.com\/ru\/2025\/06\/lihie-dvadczatye-koko-shanel-tvorchestvo-velichajshego-dizajnera-xx-go-veka-v-samom-serdcze-villy-paloma\/#primaryimage","url":"https:\/\/www.monaco-tribune.com\/wp-content\/uploads\/2025\/06\/nmnm_les-annees-folles-de-coco-chanel-002.jpg","contentUrl":"https:\/\/www.monaco-tribune.com\/wp-content\/uploads\/2025\/06\/nmnm_les-annees-folles-de-coco-chanel-002.jpg","width":2000,"height":1333,"caption":"\u042d\u043a\u0441\u043f\u043e\u0437\u0438\u0446\u0438\u044f \u0432\u043e\u0437\u0440\u043e\u0436\u0434\u0430\u0435\u0442 \u0446\u0435\u043b\u0443\u044e \u044d\u043f\u043e\u0445\u0443, \u0432 \u043a\u043e\u0442\u043e\u0440\u0443\u044e \u0434\u0430\u043b\u044c\u043d\u043e\u0432\u0438\u0434\u043d\u0430\u044f \u0434\u0430\u043c\u0430 \u0438\u0437\u043e\u0431\u0440\u0435\u043b\u0430 \u0441\u043e\u0432\u0440\u0435\u043c\u0435\u043d\u043d\u043e\u0441\u0442\u044c \u00a9 \u041d\u043e\u0432\u044b\u0439 \u043d\u0430\u0446\u0438\u043e\u043d\u0430\u043b\u044c\u043d\u044b\u0439 \u043c\u0443\u0437\u0435\u0439 \u041c\u043e\u043d\u0430\u043a\u043e \u2013 \u0410\u043d\u0434\u0440\u0435\u0430 \u0420\u043e\u0441\u0441\u0435\u0442\u0442\u0438 (Andrea Rossetti) \/ \u042d\u043a\u0442\u043e\u0440 \u0428\u0438\u043a\u043e (H\u00e9ctor Chico)"},{"@type":"BreadcrumbList","@id":"https:\/\/www.monaco-tribune.com\/ru\/2025\/06\/lihie-dvadczatye-koko-shanel-tvorchestvo-velichajshego-dizajnera-xx-go-veka-v-samom-serdcze-villy-paloma\/#breadcrumb","itemListElement":[{"@type":"ListItem","position":1,"name":"Accueil","item":"https:\/\/www.monaco-tribune.com\/ru\/"},{"@type":"ListItem","position":2,"name":"\u00ab\u041b\u0438\u0445\u0438\u0435 \u0434\u0432\u0430\u0434\u0446\u0430\u0442\u044b\u0435 \u041a\u043e\u043a\u043e \u0428\u0430\u043d\u0435\u043b\u044c\u00bb: \u0442\u0432\u043e\u0440\u0447\u0435\u0441\u0442\u0432\u043e \u0432\u0435\u043b\u0438\u0447\u0430\u0439\u0448\u0435\u0433\u043e \u0434\u0438\u0437\u0430\u0439\u043d\u0435\u0440\u0430 XX-\u0433\u043e \u0432\u0435\u043a\u0430 \u2013 \u0432 \u0441\u0430\u043c\u043e\u043c \u0441\u0435\u0440\u0434\u0446\u0435 \u0412\u0438\u043b\u043b\u044b \u041f\u0430\u043b\u043e\u043c\u0430"}]},{"@type":"WebSite","@id":"https:\/\/www.monaco-tribune.com\/ru\/#website","url":"https:\/\/www.monaco-tribune.com\/ru\/","name":"Monaco Tribune","description":"Monaco : actualit\u00e9s \u00e9conomiques, politiques, culturelles et sportives de Monaco et de la French Riviera.","publisher":{"@id":"https:\/\/www.monaco-tribune.com\/ru\/#organization"},"potentialAction":[{"@type":"SearchAction","target":{"@type":"EntryPoint","urlTemplate":"https:\/\/www.monaco-tribune.com\/ru\/?s={search_term_string}"},"query-input":{"@type":"PropertyValueSpecification","valueRequired":true,"valueName":"search_term_string"}}],"inLanguage":"ru-RU"},{"@type":"Organization","@id":"https:\/\/www.monaco-tribune.com\/ru\/#organization","name":"Monaco Tribune","url":"https:\/\/www.monaco-tribune.com\/ru\/","logo":{"@type":"ImageObject","inLanguage":"ru-RU","@id":"https:\/\/www.monaco-tribune.com\/ru\/#\/schema\/logo\/image\/","url":"https:\/\/www.monaco-tribune.com\/wp-content\/uploads\/2022\/11\/logo-monaco-tribune.png","contentUrl":"https:\/\/www.monaco-tribune.com\/wp-content\/uploads\/2022\/11\/logo-monaco-tribune.png","width":1548,"height":600,"caption":"Monaco Tribune"},"image":{"@id":"https:\/\/www.monaco-tribune.com\/ru\/#\/schema\/logo\/image\/"},"sameAs":["https:\/\/www.facebook.com\/MonacoTribune","https:\/\/x.com\/MonacoTribune","https:\/\/www.instagram.com\/monacotribune\/","https:\/\/www.linkedin.com\/company\/monaco-tribune","https:\/\/www.youtube.com\/channel\/UCHle1MnG6hw1y4lWKijVbMA"]},{"@type":"Person","@id":"https:\/\/www.monaco-tribune.com\/ru\/#\/schema\/person\/6db631c784f2f0eff54c3ca4d1da2d49","name":"Ana\u00efs Riu","image":{"@type":"ImageObject","inLanguage":"ru-RU","@id":"https:\/\/secure.gravatar.com\/avatar\/9137eff67ff750f1997c171f45e5829ca4c8fa34729a8f8cd9dc85be7e50df7f?s=96&d=mm&r=g","url":"https:\/\/secure.gravatar.com\/avatar\/9137eff67ff750f1997c171f45e5829ca4c8fa34729a8f8cd9dc85be7e50df7f?s=96&d=mm&r=g","contentUrl":"https:\/\/secure.gravatar.com\/avatar\/9137eff67ff750f1997c171f45e5829ca4c8fa34729a8f8cd9dc85be7e50df7f?s=96&d=mm&r=g","caption":"Ana\u00efs Riu"},"url":"https:\/\/www.monaco-tribune.com\/ru\/author\/anaisriu\/"}]}},"_links":{"self":[{"href":"https:\/\/www.monaco-tribune.com\/ru\/wp-json\/wp\/v2\/posts\/300520","targetHints":{"allow":["GET"]}}],"collection":[{"href":"https:\/\/www.monaco-tribune.com\/ru\/wp-json\/wp\/v2\/posts"}],"about":[{"href":"https:\/\/www.monaco-tribune.com\/ru\/wp-json\/wp\/v2\/types\/post"}],"author":[{"embeddable":true,"href":"https:\/\/www.monaco-tribune.com\/ru\/wp-json\/wp\/v2\/users\/77"}],"replies":[{"embeddable":true,"href":"https:\/\/www.monaco-tribune.com\/ru\/wp-json\/wp\/v2\/comments?post=300520"}],"version-history":[{"count":2,"href":"https:\/\/www.monaco-tribune.com\/ru\/wp-json\/wp\/v2\/posts\/300520\/revisions"}],"predecessor-version":[{"id":300687,"href":"https:\/\/www.monaco-tribune.com\/ru\/wp-json\/wp\/v2\/posts\/300520\/revisions\/300687"}],"wp:featuredmedia":[{"embeddable":true,"href":"https:\/\/www.monaco-tribune.com\/ru\/wp-json\/wp\/v2\/media\/300214"}],"wp:attachment":[{"href":"https:\/\/www.monaco-tribune.com\/ru\/wp-json\/wp\/v2\/media?parent=300520"}],"wp:term":[{"taxonomy":"category","embeddable":true,"href":"https:\/\/www.monaco-tribune.com\/ru\/wp-json\/wp\/v2\/categories?post=300520"},{"taxonomy":"post_tag","embeddable":true,"href":"https:\/\/www.monaco-tribune.com\/ru\/wp-json\/wp\/v2\/tags?post=300520"},{"taxonomy":"sectag","embeddable":true,"href":"https:\/\/www.monaco-tribune.com\/ru\/wp-json\/wp\/v2\/post_sectags?post=300520"},{"taxonomy":"format","embeddable":true,"href":"https:\/\/www.monaco-tribune.com\/ru\/wp-json\/wp\/v2\/post_format?post=300520"}],"curies":[{"name":"wp","href":"https:\/\/api.w.org\/{rel}","templated":true}]}}