{"id":329144,"date":"2025-12-05T12:11:21","date_gmt":"2025-12-05T10:11:21","guid":{"rendered":"https:\/\/www.monaco-tribune.com\/2025\/12\/knyaz-alber-ii-na-pyatom-festivale-zvyozdnyh-shefov-monte-karlo\/"},"modified":"2025-12-05T12:11:26","modified_gmt":"2025-12-05T10:11:26","slug":"knyaz-alber-ii-na-pyatom-festivale-zvyozdnyh-shefov-monte-karlo","status":"publish","type":"post","link":"https:\/\/www.monaco-tribune.com\/ru\/2025\/12\/knyaz-alber-ii-na-pyatom-festivale-zvyozdnyh-shefov-monte-karlo\/","title":{"rendered":"\u041a\u043d\u044f\u0437\u044c \u0410\u043b\u044c\u0431\u0435\u0440 II \u043d\u0430 \u043f\u044f\u0442\u043e\u043c \u0424\u0435\u0441\u0442\u0438\u0432\u0430\u043b\u0435 \u0437\u0432\u0451\u0437\u0434\u043d\u044b\u0445 \u0448\u0435\u0444\u043e\u0432 \u041c\u043e\u043d\u0442\u0435-\u041a\u0430\u0440\u043b\u043e"},"content":{"rendered":"\n<p><strong>\u041f\u044f\u0442\u044b\u0439 \u0444\u0435\u0441\u0442\u0438\u0432\u0430\u043b\u044c \u0417\u0432\u0451\u0437\u0434\u043d\u044b\u0445 \u0448\u0435\u0444\u043e\u0432 \u041c\u043e\u043d\u0442\u0435-\u041a\u0430\u0440\u043b\u043e \u0437\u0430\u0432\u0435\u0440\u0448\u0438\u043b\u0441\u044f 29 \u043d\u043e\u044f\u0431\u0440\u044f \u0433\u0430\u043b\u0430-\u0443\u0436\u0438\u043d\u043e\u043c, \u0441\u043e\u0431\u0440\u0430\u0432\u0448\u0438\u043c \u043b\u0443\u0447\u0448\u0438\u0445 \u0448\u0435\u0444-\u043f\u043e\u0432\u0430\u0440\u043e\u0432 \u043a\u043e\u043d\u0446\u0435\u0440\u043d\u0430 SBM.<\/strong><\/p>\n\n<p>\u0412 \u044d\u0442\u0438 \u0432\u044b\u0445\u043e\u0434\u043d\u044b\u0435 250 \u0433\u043e\u0441\u0442\u0435\u0439 \u043e\u043f\u0440\u0435\u0434\u0435\u043b\u0451\u043d\u043d\u043e \u0441\u0438\u044f\u043b\u0438 \u043e\u0442 \u0441\u0447\u0430\u0441\u0442\u044c\u044f: \u0432 \u0441\u0443\u0431\u0431\u043e\u0442\u0443 \u0432\u0435\u0447\u0435\u0440\u043e\u043c \u0432 \u0417\u0432\u0451\u0437\u0434\u043d\u043e\u043c \u0437\u0430\u043b\u0435 \u043a\u043e\u043c\u043f\u043b\u0435\u043a\u0441\u0430 Sporting Monte-Carlo \u0441\u043e\u0441\u0442\u043e\u044f\u043b\u0441\u044f \u0442\u0440\u0430\u0434\u0438\u0446\u0438\u043e\u043d\u043d\u044b\u0439 \u0437\u0430\u043a\u043b\u044e\u0447\u0438\u0442\u0435\u043b\u044c\u043d\u044b\u0439 \u0443\u0436\u0438\u043d \u0424\u0435\u0441\u0442\u0438\u0432\u0430\u043b\u044f \u0437\u0432\u0451\u0437\u0434\u043d\u044b\u0445 \u0448\u0435\u0444\u043e\u0432. \u041d\u0430 \u044d\u0442\u043e\u043c \u044e\u0431\u0438\u043b\u0435\u0439\u043d\u043e\u043c \u043c\u0435\u0440\u043e\u043f\u0440\u0438\u044f\u0442\u0438\u0438 \u041a\u043d\u044f\u0437\u044f \u0410\u043b\u044c\u0431\u0435\u0440\u0430 II, \u043e\u0434\u0435\u0442\u043e\u0433\u043e \u0432 \u0447\u0435\u0440\u043d\u044b\u0439 \u043a\u043e\u0441\u0442\u044e\u043c \u0438 \u0433\u0430\u043b\u0441\u0442\u0443\u043a-\u0431\u0430\u0431\u043e\u0447\u043a\u0443, \u0441\u043e\u043f\u0440\u043e\u0432\u043e\u0436\u0434\u0430\u043b\u0438 \u041b\u0443\u0438 \u0414\u044e\u043a\u0440\u044e\u044d \u0441 \u0436\u0435\u043d\u043e\u0439\u00a0\u041c\u0430\u0440\u0438 \u0414\u044e\u043a\u043e\u044e\u044d, \u041f\u043e\u043b\u0438\u043d \u0414\u044e\u043a\u0440\u044e\u044d \u0438 \u041a\u0430\u043c\u0438\u0439 \u0413\u043e\u0442\u043b\u0438\u0431.<\/p>\n\n<p>\u0428\u0435\u0444-\u043f\u043e\u0432\u0430\u0440\u0430 \u0410\u043b\u0435\u043d \u0414\u044e\u043a\u0430\u0441\u0441, \u042d\u043c\u043c\u0430\u043d\u0443\u044d\u043b\u044c \u041f\u0438\u043b\u043e\u043d, \u042f\u043d\u043d\u0438\u043a \u0410\u043b\u043b\u0435\u043d\u043e, \u041c\u0430\u0440\u0441\u0435\u043b\u044c \u0420\u0430\u0432\u0435\u043d, \u0414\u043e\u043c\u0435\u043d\u0438\u043a\u043e \u0434&#8217;\u0410\u043d\u0442\u043e\u043d\u0438\u043e \u0438 \u0414\u043e\u043c\u0438\u043d\u0438\u043a \u041b\u043e\u0440\u0438 \u043f\u0440\u0438\u043b\u043e\u0436\u0438\u043b\u0438 \u0432\u0441\u0435 \u0443\u0441\u0438\u043b\u0438\u044f, \u0447\u0442\u043e\u0431\u044b \u0441\u043e\u0441\u0442\u0430\u0432\u0438\u0442\u044c \u043c\u0435\u043d\u044e \u0438\u0437 \u0441\u0435\u043c\u0438 \u0431\u043b\u044e\u0434.\u00a0\u0412 \u044d\u0442\u043e\u043c \u0433\u043e\u0434\u0443 \u043a \u0448\u0435\u0444\u0430\u043c \u043f\u0440\u0438\u0441\u043e\u0435\u0434\u0438\u043d\u0438\u043b\u0441\u044f <a href=\"https:\/\/www.monaco-tribune.com\/ru\/2025\/07\/prihodish-za-krasotoj-vozvrashhaeshsya-za-vkusom-sedrik-grole-darit-monako-svoyu-sladost-zhizni\/\">\u043a\u043e\u043d\u0434\u0438\u0442\u0435\u0440 \u0421\u0435\u0434\u0440\u0438\u043a \u0413\u0440\u043e\u043b\u0435<\/a>,\u00a0\u043f\u0440\u0435\u0434\u0441\u0442\u0430\u0432\u0438\u0432\u0448\u0438\u0439 \u043d\u0430 \u0434\u0435\u0441\u0435\u0440\u0442 \u043a\u043e\u043b\u043e\u0441\u0441\u0430\u043b\u044c\u043d\u044b\u0439 \u0442\u043e\u0440\u0442 Saint Honor\u00e9.<\/p>\n\n<figure class=\"wp-block-gallery has-nested-images columns-1 is-cropped wp-block-gallery-1 is-layout-flex wp-block-gallery-is-layout-flex\">\n<figure class=\"wp-block-image size-large\"><img loading=\"lazy\" decoding=\"async\" width=\"1024\" height=\"791\" data-id=\"328769\" src=\"https:\/\/www.monaco-tribune.com\/wp-content\/uploads\/2025\/12\/festival-des-etoiles-monte-carlo-2025-5eme-anniversaire-chef-marcel-ravin-entoure-de-son-equipe-@monte-carlo-sbm-19-grande-1024x791.jpeg\" alt=\"\" class=\"wp-image-328769\" srcset=\"https:\/\/www.monaco-tribune.com\/wp-content\/uploads\/2025\/12\/festival-des-etoiles-monte-carlo-2025-5eme-anniversaire-chef-marcel-ravin-entoure-de-son-equipe-@monte-carlo-sbm-19-grande-1024x791.jpeg 1024w, https:\/\/www.monaco-tribune.com\/wp-content\/uploads\/2025\/12\/festival-des-etoiles-monte-carlo-2025-5eme-anniversaire-chef-marcel-ravin-entoure-de-son-equipe-@monte-carlo-sbm-19-grande-388x300.jpeg 388w, https:\/\/www.monaco-tribune.com\/wp-content\/uploads\/2025\/12\/festival-des-etoiles-monte-carlo-2025-5eme-anniversaire-chef-marcel-ravin-entoure-de-son-equipe-@monte-carlo-sbm-19-grande.jpeg 1280w\" sizes=\"auto, (max-width: 1024px) 100vw, 1024px\" \/><\/figure>\n\n\n\n<figure class=\"wp-block-image size-large\"><img loading=\"lazy\" decoding=\"async\" width=\"1024\" height=\"760\" data-id=\"328773\" src=\"https:\/\/www.monaco-tribune.com\/wp-content\/uploads\/2025\/12\/festival-des-etoiles-monte-carlo-2025-5eme-anniversaire-chef-yannick-alleno-entoure-de-son-equipe-@monte-carlo-sbm29-grande-1024x760.jpeg\" alt=\"Le chef Yannick All&#xE9;no entour&#xE9; de son &#xE9;quipe &#xA9; MCSBM\" class=\"wp-image-328773\" srcset=\"https:\/\/www.monaco-tribune.com\/wp-content\/uploads\/2025\/12\/festival-des-etoiles-monte-carlo-2025-5eme-anniversaire-chef-yannick-alleno-entoure-de-son-equipe-@monte-carlo-sbm29-grande-1024x760.jpeg 1024w, https:\/\/www.monaco-tribune.com\/wp-content\/uploads\/2025\/12\/festival-des-etoiles-monte-carlo-2025-5eme-anniversaire-chef-yannick-alleno-entoure-de-son-equipe-@monte-carlo-sbm29-grande-404x300.jpeg 404w, https:\/\/www.monaco-tribune.com\/wp-content\/uploads\/2025\/12\/festival-des-etoiles-monte-carlo-2025-5eme-anniversaire-chef-yannick-alleno-entoure-de-son-equipe-@monte-carlo-sbm29-grande.jpeg 1280w\" sizes=\"auto, (max-width: 1024px) 100vw, 1024px\" \/><figcaption class=\"wp-element-caption\"><em>\u0428\u0435\u0444-\u043f\u043e\u0432\u0430\u0440 \u042f\u043d\u043d\u0438\u043a \u0410\u043b\u043b\u0435\u043d\u043e \u0432 \u043e\u043a\u0440\u0443\u0436\u0435\u043d\u0438\u0438 \u0441\u0432\u043e\u0435\u0439 \u043a\u043e\u043c\u0430\u043d\u0434\u044b<\/em> \u00a9 MCSBM<\/figcaption><\/figure>\n\n\n\n<figure class=\"wp-block-image size-large\"><img loading=\"lazy\" decoding=\"async\" width=\"842\" height=\"1024\" data-id=\"328777\" src=\"https:\/\/www.monaco-tribune.com\/wp-content\/uploads\/2025\/12\/festival-des-etoiles-monte-carlo-2025-5eme-anniversaire-pavyllon-monte-carlo-@monte-carlo-sbm-52-grande-842x1024.jpeg\" alt=\"\" class=\"wp-image-328777\" srcset=\"https:\/\/www.monaco-tribune.com\/wp-content\/uploads\/2025\/12\/festival-des-etoiles-monte-carlo-2025-5eme-anniversaire-pavyllon-monte-carlo-@monte-carlo-sbm-52-grande-842x1024.jpeg 842w, https:\/\/www.monaco-tribune.com\/wp-content\/uploads\/2025\/12\/festival-des-etoiles-monte-carlo-2025-5eme-anniversaire-pavyllon-monte-carlo-@monte-carlo-sbm-52-grande-247x300.jpeg 247w, https:\/\/www.monaco-tribune.com\/wp-content\/uploads\/2025\/12\/festival-des-etoiles-monte-carlo-2025-5eme-anniversaire-pavyllon-monte-carlo-@monte-carlo-sbm-52-grande.jpeg 1052w\" sizes=\"auto, (max-width: 842px) 100vw, 842px\" \/><\/figure>\n\n\n\n<figure class=\"wp-block-image size-large\"><img loading=\"lazy\" decoding=\"async\" width=\"1024\" height=\"683\" data-id=\"328765\" src=\"https:\/\/www.monaco-tribune.com\/wp-content\/uploads\/2025\/12\/festival-des-etoiles-monte-carlo-2025-5eme-anniversaire-chef-cedric-grolet-et-le-saint-honore-xxl-@monte-carlo-sbm-17-grande-1024x683.jpeg\" alt=\"C&#xE9;dric Grolet et son dessert XXL &#xA9; MCSBM\" class=\"wp-image-328765\" srcset=\"https:\/\/www.monaco-tribune.com\/wp-content\/uploads\/2025\/12\/festival-des-etoiles-monte-carlo-2025-5eme-anniversaire-chef-cedric-grolet-et-le-saint-honore-xxl-@monte-carlo-sbm-17-grande-1024x683.jpeg 1024w, https:\/\/www.monaco-tribune.com\/wp-content\/uploads\/2025\/12\/festival-des-etoiles-monte-carlo-2025-5eme-anniversaire-chef-cedric-grolet-et-le-saint-honore-xxl-@monte-carlo-sbm-17-grande-450x300.jpeg 450w, https:\/\/www.monaco-tribune.com\/wp-content\/uploads\/2025\/12\/festival-des-etoiles-monte-carlo-2025-5eme-anniversaire-chef-cedric-grolet-et-le-saint-honore-xxl-@monte-carlo-sbm-17-grande.jpeg 1280w\" sizes=\"auto, (max-width: 1024px) 100vw, 1024px\" \/><figcaption class=\"wp-element-caption\"><em>\u0421\u0435\u0434\u0440\u0438\u043a \u0413\u0440\u043e\u043b\u0435 \u0438 \u0435\u0433\u043e \u043a\u043e\u043b\u043e\u0441\u0441\u0430\u043b\u044c\u043d\u044b\u0439 \u0434\u0435\u0441\u0435\u0440\u0442<\/em>\u00a0\u00a9 MCSBM<\/figcaption><\/figure>\n<\/figure>\n\n<h2 class=\"wp-block-heading\" id=\"h-un-festival-jalonne-de-diners-prestigieux\">\u0424\u0435\u0441\u0442\u0438\u0432\u0430\u043b\u044c \u0441 \u043f\u0440\u0435\u0441\u0442\u0438\u0436\u043d\u044b\u043c\u0438 \u0443\u0436\u0438\u043d\u0430\u043c\u0438<\/h2>\n\n<p>\u0421 \u043c\u043e\u043c\u0435\u043d\u0442\u0430 \u0441\u0432\u043e\u0435\u0433\u043e \u043e\u0441\u043d\u043e\u0432\u0430\u043d\u0438\u044f \u0432 \u0430\u043f\u0440\u0435\u043b\u0435 \u0432 \u0440\u0435\u0441\u0442\u043e\u0440\u0430\u043d\u0435 Le Grill \u0441 \u0414\u043e\u043c\u0438\u043d\u0438\u043a\u043e\u043c \u041b\u043e\u0440\u0438 \u0438 \u041f\u044c\u0435\u0440\u043e\u043c \u0413\u0430\u043d\u044c\u0435\u0440\u043e\u043c \u044d\u0442\u043e\u0442 \u043f\u044f\u0442\u044b\u0439 \u0444\u0435\u0441\u0442\u0438\u0432\u0430\u043b\u044c \u043f\u0440\u0435\u0434\u043b\u043e\u0436\u0438\u043b \u0432 \u0437\u0430\u0432\u0435\u0434\u0435\u043d\u0438\u044f\u0445 \u043a\u043e\u043d\u0446\u0435\u0440\u043d\u0430 \u043d\u0435\u0441\u043a\u043e\u043b\u044c\u043a\u043e \u0443\u0436\u0438\u043d\u043e\u0432 \u0432 \u0444\u043e\u0440\u043c\u0430\u0442\u0435 \u00ab\u0432 \u0447\u0435\u0442\u044b\u0440\u0435 \u0440\u0443\u043a\u0438\u00bb. \u0412 \u043f\u0440\u043e\u0433\u0440\u0430\u043c\u043c\u0435 \u043f\u0440\u0438\u043d\u044f\u043b\u0438 \u0443\u0447\u0430\u0441\u0442\u0438\u0435 \u0410\u043b\u044c\u0431\u0435\u0440 \u0410\u0434\u0440\u0438\u0430 \u0432 Louis XV, \u0414\u0430\u0432\u0438\u0434 \u041e\u043b\u0434\u0430\u043d\u0438 \u0432 Pavyllon, \u0410\u043d\u043d-\u0421\u043e\u0444\u0438 \u041f\u0438\u043a \u0432 Blue Bay \u0438 \u0425\u0438\u0440\u043e\u0442\u0430\u043a\u0430 \u0412\u0430\u0434\u0430 \u0432 L\u2019Abysse.<\/p>\n\n<figure class=\"wp-block-embed is-type-wp-embed is-provider-monaco-tribune wp-block-embed-monaco-tribune\"><div class=\"wp-block-embed__wrapper\">\r\n<blockquote class=\"wp-embedded-content\" data-secret=\"TSMt0lRvSQ\"><a href=\"https:\/\/www.monaco-tribune.com\/2025\/12\/marcel-ravin-decore-de-lordre-du-merite-agricole-en-presence-du-prince-albert-ii\/\">Marcel Ravin d\u00e9cor\u00e9 de l&#8217;Ordre du M\u00e9rite agricole en pr\u00e9sence du Prince Albert II<\/a><\/blockquote><iframe class=\"wp-embedded-content\" sandbox=\"allow-scripts\" security=\"restricted\" style=\"position: absolute; visibility: hidden;\" title=\"\u00abMarcel Ravin d\u00e9cor\u00e9 de l&#8217;Ordre du M\u00e9rite agricole en pr\u00e9sence du Prince Albert II\u00bb &#8212; Monaco Tribune\" src=\"https:\/\/www.monaco-tribune.com\/2025\/12\/marcel-ravin-decore-de-lordre-du-merite-agricole-en-presence-du-prince-albert-ii\/embed\/#?secret=t8CKc9YVw1#?secret=TSMt0lRvSQ\" data-secret=\"TSMt0lRvSQ\" width=\"500\" height=\"282\" frameborder=\"0\" marginwidth=\"0\" marginheight=\"0\" scrolling=\"no\"><\/iframe>\r\n<\/div><\/figure><br>\n\n<p>\u0411\u043b\u0430\u0433\u043e\u0434\u0430\u0440\u044f \u043e\u0442\u043a\u0440\u044b\u0442\u0438\u044e \u043d\u043e\u0432\u044b\u0445 \u0437\u0430\u0432\u0435\u0434\u0435\u043d\u0438\u0439 \u043a\u043e\u043d\u0446\u0435\u0440\u043d Monte-Carlo Soci\u00e9t\u00e9 des Bains de Mer\u00a0<a href=\"https:\/\/www.monaco-tribune.com\/ru\/2025\/05\/finansovye-rezultaty-rekordnyj-god-dlya-sbm\/\">\u0442\u0435\u043f\u0435\u0440\u044c \u043d\u0430\u0441\u0447\u0438\u0442\u044b\u0432\u0430\u0435\u0442 \u0434\u0435\u0441\u044f\u0442\u044c \u0437\u0432\u0435\u0437\u0434 \u0432 \u0433\u0438\u0434\u0435 \u041c\u0438\u0448\u043b\u0435\u043d<\/a>, \u043f\u043e \u0441\u0440\u0430\u0432\u043d\u0435\u043d\u0438\u044e \u0441 \u0441\u0435\u043c\u044c\u044e \u0432 \u043f\u0440\u0435\u0434\u044b\u0434\u0443\u0449\u0438\u0435 \u0433\u043e\u0434\u044b.<\/p>\n\n<h2 class=\"wp-block-heading\" id=\"h-un-spectacle-entre-gastronomie-et-arts-vivants\">\u0428\u043e\u0443, \u0441\u043e\u0447\u0435\u0442\u0430\u044e\u0449\u0435\u0435 \u0433\u0430\u0441\u0442\u0440\u043e\u043d\u043e\u043c\u0438\u044e \u0438 \u0436\u0438\u0432\u043e\u0435 \u0438\u0441\u043a\u0443\u0441\u0441\u0442\u0432\u043e<\/h2>\n\n<p>\u0412\u0435\u0447\u0435\u0440 \u0441\u043e\u0447\u0435\u0442\u0430\u043b \u0432 \u0441\u0435\u0431\u0435 \u0438\u0437\u044b\u0441\u043a\u0430\u043d\u043d\u044b\u0439 \u0443\u0436\u0438\u043d \u0438 \u0440\u0430\u0437\u0432\u043b\u0435\u0447\u0435\u043d\u0438\u044f. \u0412\u044b\u0441\u0442\u0443\u043f\u0430\u043b \u0434\u0435\u0442\u0441\u043a\u0438\u0439 \u0445\u043e\u0440 \u041c\u0435\u0436\u0434\u0443\u043d\u0430\u0440\u043e\u0434\u043d\u043e\u0439 \u0448\u043a\u043e\u043b\u044b \u041c\u043e\u043d\u0430\u043a\u043e, \u0442\u0430\u043d\u0446\u043e\u0432\u0449\u0438\u0446\u0430 \u0414\u0435\u0441\u0438\u0441\u043b\u0430\u0432\u0430 \u041a\u0430\u043d\u044c\u0447\u0435\u0432\u0430 \u0438 \u0434\u0443\u044d\u0442 \u041c\u0430\u0440\u043a \u042d\u043c\u043c\u0430\u043d\u0443\u044d\u043b\u044c \u0417\u0430\u043d\u043e\u043b\u0438 \u0438 \u041a\u043b\u044d\u0440 \u0422\u0435\u0439\u0441\u044c\u0435\u0440, \u0430 \u0437\u0430\u0432\u0435\u0440\u0448\u0438\u043b\u0430 \u043f\u0440\u0430\u0437\u0434\u043d\u0435\u0441\u0442\u0432\u043e \u0433\u0440\u0443\u043f\u043f\u0430 Divas on the Floor. \u0428\u0435\u0441\u0442\u043e\u0439 \u0444\u0435\u0441\u0442\u0438\u0432\u0430\u043b\u044c \u0443\u0436\u0435 \u0430\u043d\u043e\u043d\u0441\u0438\u0440\u043e\u0432\u0430\u043d \u043d\u0430 2026 \u0433\u043e\u0434.<\/p>\n\n<figure class=\"wp-block-gallery has-nested-images columns-1 is-cropped wp-block-gallery-2 is-layout-flex wp-block-gallery-is-layout-flex\">\n<figure class=\"wp-block-image size-large\"><img loading=\"lazy\" decoding=\"async\" width=\"1024\" height=\"683\" data-id=\"328789\" src=\"https:\/\/www.monaco-tribune.com\/wp-content\/uploads\/2025\/12\/festival-des-etoiles-monte-carlo-2025-5eme-anniversaire-@monte-carlo-sbm-20-grande-1024x683.jpeg\" alt=\"\" class=\"wp-image-328789\" srcset=\"https:\/\/www.monaco-tribune.com\/wp-content\/uploads\/2025\/12\/festival-des-etoiles-monte-carlo-2025-5eme-anniversaire-@monte-carlo-sbm-20-grande-1024x683.jpeg 1024w, https:\/\/www.monaco-tribune.com\/wp-content\/uploads\/2025\/12\/festival-des-etoiles-monte-carlo-2025-5eme-anniversaire-@monte-carlo-sbm-20-grande-450x300.jpeg 450w, https:\/\/www.monaco-tribune.com\/wp-content\/uploads\/2025\/12\/festival-des-etoiles-monte-carlo-2025-5eme-anniversaire-@monte-carlo-sbm-20-grande.jpeg 1280w\" sizes=\"auto, (max-width: 1024px) 100vw, 1024px\" \/><\/figure>\n\n\n\n<figure class=\"wp-block-image size-large\"><img loading=\"lazy\" decoding=\"async\" width=\"1024\" height=\"683\" data-id=\"328795\" src=\"https:\/\/www.monaco-tribune.com\/wp-content\/uploads\/2025\/12\/festival-des-etoiles-monte-carlo-2025-5eme-anniversaire-@monte-carlo-sbm-7-grande-1024x683.jpeg\" alt=\"\" class=\"wp-image-328795\" srcset=\"https:\/\/www.monaco-tribune.com\/wp-content\/uploads\/2025\/12\/festival-des-etoiles-monte-carlo-2025-5eme-anniversaire-@monte-carlo-sbm-7-grande-1024x683.jpeg 1024w, https:\/\/www.monaco-tribune.com\/wp-content\/uploads\/2025\/12\/festival-des-etoiles-monte-carlo-2025-5eme-anniversaire-@monte-carlo-sbm-7-grande-450x300.jpeg 450w, https:\/\/www.monaco-tribune.com\/wp-content\/uploads\/2025\/12\/festival-des-etoiles-monte-carlo-2025-5eme-anniversaire-@monte-carlo-sbm-7-grande.jpeg 1280w\" sizes=\"auto, (max-width: 1024px) 100vw, 1024px\" \/><\/figure>\n\n\n\n<figure class=\"wp-block-image size-large\"><img loading=\"lazy\" decoding=\"async\" width=\"1024\" height=\"642\" data-id=\"328781\" src=\"https:\/\/www.monaco-tribune.com\/wp-content\/uploads\/2025\/12\/festival-des-etoiles-monte-carlo-2025-5eme-anniversaire-@monte-carlo-sbm-1-grande-1024x642.jpeg\" alt=\"\" class=\"wp-image-328781\" srcset=\"https:\/\/www.monaco-tribune.com\/wp-content\/uploads\/2025\/12\/festival-des-etoiles-monte-carlo-2025-5eme-anniversaire-@monte-carlo-sbm-1-grande-1024x642.jpeg 1024w, https:\/\/www.monaco-tribune.com\/wp-content\/uploads\/2025\/12\/festival-des-etoiles-monte-carlo-2025-5eme-anniversaire-@monte-carlo-sbm-1-grande-478x300.jpeg 478w, https:\/\/www.monaco-tribune.com\/wp-content\/uploads\/2025\/12\/festival-des-etoiles-monte-carlo-2025-5eme-anniversaire-@monte-carlo-sbm-1-grande.jpeg 1280w\" sizes=\"auto, (max-width: 1024px) 100vw, 1024px\" \/><figcaption class=\"wp-element-caption\">\u00a9 MCSBM<\/figcaption><\/figure>\n<\/figure>\n","protected":false},"excerpt":{"rendered":"<p>\u041f\u044f\u0442\u044b\u0439 \u0444\u0435\u0441\u0442\u0438\u0432\u0430\u043b\u044c \u0417\u0432\u0451\u0437\u0434\u043d\u044b\u0445 \u0448\u0435\u0444\u043e\u0432 \u041c\u043e\u043d\u0442\u0435-\u041a\u0430\u0440\u043b\u043e \u0437\u0430\u0432\u0435\u0440\u0448\u0438\u043b\u0441\u044f 29 \u043d\u043e\u044f\u0431\u0440\u044f \u0433\u0430\u043b\u0430-\u0443\u0436\u0438\u043d\u043e\u043c, \u0441\u043e\u0431\u0440\u0430\u0432\u0448\u0438\u043c \u043b\u0443\u0447\u0448\u0438\u0445 \u0448\u0435\u0444-\u043f\u043e\u0432\u0430\u0440\u043e\u0432 \u043a\u043e\u043d\u0446\u0435\u0440\u043d\u0430 SBM. \u0412 \u044d\u0442\u0438 \u0432\u044b\u0445\u043e\u0434\u043d\u044b\u0435 250 \u0433\u043e\u0441\u0442\u0435\u0439 \u043e\u043f\u0440\u0435\u0434\u0435\u043b\u0451\u043d\u043d\u043e [&hellip;]<\/p>\n","protected":false},"author":21,"featured_media":328764,"comment_status":"closed","ping_status":"closed","sticky":false,"template":"","format":"standard","meta":{"_acf_changed":false,"footnotes":""},"categories":[1728,1827,1730],"tags":[2900],"post_sectags":[5207],"post_format":[2490],"class_list":["post-329144","post","type-post","status-publish","format-standard","has-post-thumbnail","hentry","category-novosti","category-rekomenduem","category-chem-zanyatsya","tag-knyaz-alber-ii","sectag-festival-zvyozdnyh-shef-povarov","format-foto-ru"],"acf":[],"yoast_head":"<!-- This site is optimized with the Yoast SEO Premium plugin v26.8 (Yoast SEO v27.5) - https:\/\/yoast.com\/product\/yoast-seo-premium-wordpress\/ -->\n<title>\u041a\u043d\u044f\u0437\u044c \u0410\u043b\u044c\u0431\u0435\u0440 II \u043d\u0430 \u043f\u044f\u0442\u043e\u043c \u0424\u0435\u0441\u0442\u0438\u0432\u0430\u043b\u0435 \u0437\u0432\u0451\u0437\u0434\u043d\u044b\u0445 \u0448\u0435\u0444\u043e\u0432 \u041c\u043e\u043d\u0442\u0435-\u041a\u0430\u0440\u043b\u043e<\/title>\n<meta name=\"description\" content=\"\u041f\u044f\u0442\u044b\u0439 \u0444\u0435\u0441\u0442\u0438\u0432\u0430\u043b\u044c \u0417\u0432\u0451\u0437\u0434\u043d\u044b\u0445 \u0448\u0435\u0444\u043e\u0432 \u041c\u043e\u043d\u0442\u0435-\u041a\u0430\u0440\u043b\u043e \u0437\u0430\u0432\u0435\u0440\u0448\u0438\u043b\u0441\u044f 29 \u043d\u043e\u044f\u0431\u0440\u044f \u0433\u0430\u043b\u0430-\u0443\u0436\u0438\u043d\u043e\u043c, \u0441\u043e\u0431\u0440\u0430\u0432\u0448\u0438\u043c \u043b\u0443\u0447\u0448\u0438\u0445 \u0448\u0435\u0444-\u043f\u043e\u0432\u0430\u0440\u043e\u0432 \u043a\u043e\u043d\u0446\u0435\u0440\u043d\u0430 SBM. \u0412 \u044d\u0442\u0438 \u0432\u044b\u0445\u043e\u0434\u043d\u044b\u0435 250 \u0433\u043e\u0441\u0442\u0435\u0439\" \/>\n<meta name=\"robots\" content=\"index, follow, max-snippet:-1, max-image-preview:large, max-video-preview:-1\" \/>\n<link rel=\"canonical\" href=\"https:\/\/www.monaco-tribune.com\/ru\/2025\/12\/knyaz-alber-ii-na-pyatom-festivale-zvyozdnyh-shefov-monte-karlo\/\" \/>\n<meta property=\"og:locale\" content=\"ru_RU\" \/>\n<meta property=\"og:type\" content=\"article\" \/>\n<meta property=\"og:title\" content=\"\u041a\u043d\u044f\u0437\u044c \u0410\u043b\u044c\u0431\u0435\u0440 II \u043d\u0430 \u043f\u044f\u0442\u043e\u043c \u0424\u0435\u0441\u0442\u0438\u0432\u0430\u043b\u0435 \u0437\u0432\u0451\u0437\u0434\u043d\u044b\u0445 \u0448\u0435\u0444\u043e\u0432 \u041c\u043e\u043d\u0442\u0435-\u041a\u0430\u0440\u043b\u043e - Monaco Tribune\" \/>\n<meta property=\"og:description\" content=\"\u041f\u044f\u0442\u044b\u0439 \u0444\u0435\u0441\u0442\u0438\u0432\u0430\u043b\u044c \u0417\u0432\u0451\u0437\u0434\u043d\u044b\u0445 \u0448\u0435\u0444\u043e\u0432 \u041c\u043e\u043d\u0442\u0435-\u041a\u0430\u0440\u043b\u043e \u0437\u0430\u0432\u0435\u0440\u0448\u0438\u043b\u0441\u044f 29 \u043d\u043e\u044f\u0431\u0440\u044f \u0433\u0430\u043b\u0430-\u0443\u0436\u0438\u043d\u043e\u043c, \u0441\u043e\u0431\u0440\u0430\u0432\u0448\u0438\u043c \u043b\u0443\u0447\u0448\u0438\u0445 \u0448\u0435\u0444-\u043f\u043e\u0432\u0430\u0440\u043e\u0432 \u043a\u043e\u043d\u0446\u0435\u0440\u043d\u0430 SBM. \u0412 \u044d\u0442\u0438 \u0432\u044b\u0445\u043e\u0434\u043d\u044b\u0435 250 \u0433\u043e\u0441\u0442\u0435\u0439\" \/>\n<meta property=\"og:url\" content=\"https:\/\/www.monaco-tribune.com\/ru\/2025\/12\/knyaz-alber-ii-na-pyatom-festivale-zvyozdnyh-shefov-monte-karlo\/\" \/>\n<meta property=\"og:site_name\" content=\"Monaco Tribune\" \/>\n<meta property=\"article:publisher\" content=\"https:\/\/www.facebook.com\/MonacoTribune\" \/>\n<meta property=\"article:published_time\" content=\"2025-12-05T10:11:21+00:00\" \/>\n<meta property=\"article:modified_time\" content=\"2025-12-05T10:11:26+00:00\" \/>\n<meta property=\"og:image\" content=\"https:\/\/www.monaco-tribune.com\/wp-content\/uploads\/2025\/12\/gala-de-cloture-festival-des-etoiles-monte-carlo-@monte-carlo-sbm-4-grande.jpeg\" \/>\n\t<meta property=\"og:image:width\" content=\"1280\" \/>\n\t<meta property=\"og:image:height\" content=\"853\" \/>\n\t<meta property=\"og:image:type\" content=\"image\/jpeg\" \/>\n<meta name=\"author\" content=\"Monaco Tribune\" \/>\n<meta name=\"twitter:card\" content=\"summary_large_image\" \/>\n<meta name=\"twitter:creator\" content=\"@MonacoTribune\" \/>\n<meta name=\"twitter:site\" content=\"@MonacoTribune\" \/>\n<script type=\"application\/ld+json\" class=\"yoast-schema-graph\">{\"@context\":\"https:\\\/\\\/schema.org\",\"@graph\":[{\"@type\":\"NewsArticle\",\"@id\":\"https:\\\/\\\/www.monaco-tribune.com\\\/ru\\\/2025\\\/12\\\/knyaz-alber-ii-na-pyatom-festivale-zvyozdnyh-shefov-monte-karlo\\\/#article\",\"isPartOf\":{\"@id\":\"https:\\\/\\\/www.monaco-tribune.com\\\/ru\\\/2025\\\/12\\\/knyaz-alber-ii-na-pyatom-festivale-zvyozdnyh-shefov-monte-karlo\\\/\"},\"author\":{\"name\":\"Monaco Tribune\",\"@id\":\"https:\\\/\\\/www.monaco-tribune.com\\\/ru\\\/#\\\/schema\\\/person\\\/8f6ed8c063276e2397589eda5b7a2f2d\"},\"headline\":\"\u041a\u043d\u044f\u0437\u044c \u0410\u043b\u044c\u0431\u0435\u0440 II \u043d\u0430 \u043f\u044f\u0442\u043e\u043c \u0424\u0435\u0441\u0442\u0438\u0432\u0430\u043b\u0435 \u0437\u0432\u0451\u0437\u0434\u043d\u044b\u0445 \u0448\u0435\u0444\u043e\u0432 \u041c\u043e\u043d\u0442\u0435-\u041a\u0430\u0440\u043b\u043e\",\"datePublished\":\"2025-12-05T10:11:21+00:00\",\"dateModified\":\"2025-12-05T10:11:26+00:00\",\"mainEntityOfPage\":{\"@id\":\"https:\\\/\\\/www.monaco-tribune.com\\\/ru\\\/2025\\\/12\\\/knyaz-alber-ii-na-pyatom-festivale-zvyozdnyh-shefov-monte-karlo\\\/\"},\"wordCount\":261,\"publisher\":{\"@id\":\"https:\\\/\\\/www.monaco-tribune.com\\\/ru\\\/#organization\"},\"image\":{\"@id\":\"https:\\\/\\\/www.monaco-tribune.com\\\/ru\\\/2025\\\/12\\\/knyaz-alber-ii-na-pyatom-festivale-zvyozdnyh-shefov-monte-karlo\\\/#primaryimage\"},\"thumbnailUrl\":\"https:\\\/\\\/www.monaco-tribune.com\\\/wp-content\\\/uploads\\\/2025\\\/12\\\/gala-de-cloture-festival-des-etoiles-monte-carlo-@monte-carlo-sbm-4-grande.jpeg\",\"keywords\":[\"\u041a\u043d\u044f\u0437\u044c \u0410\u043b\u044c\u0431\u0435\u0440 II\"],\"articleSection\":[\"\u041d\u043e\u0432\u043e\u0441\u0442\u0438\",\"\u0420\u0435\u043a\u043e\u043c\u0435\u043d\u0434\u0443\u0435\u043c\",\"\u0427\u0435\u043c \u0437\u0430\u043d\u044f\u0442\u044c\u0441\u044f\"],\"inLanguage\":\"ru-RU\",\"copyrightYear\":\"2025\",\"copyrightHolder\":{\"@id\":\"https:\\\/\\\/www.monaco-tribune.com\\\/#organization\"}},{\"@type\":\"WebPage\",\"@id\":\"https:\\\/\\\/www.monaco-tribune.com\\\/ru\\\/2025\\\/12\\\/knyaz-alber-ii-na-pyatom-festivale-zvyozdnyh-shefov-monte-karlo\\\/\",\"url\":\"https:\\\/\\\/www.monaco-tribune.com\\\/ru\\\/2025\\\/12\\\/knyaz-alber-ii-na-pyatom-festivale-zvyozdnyh-shefov-monte-karlo\\\/\",\"name\":\"\u041a\u043d\u044f\u0437\u044c \u0410\u043b\u044c\u0431\u0435\u0440 II \u043d\u0430 \u043f\u044f\u0442\u043e\u043c \u0424\u0435\u0441\u0442\u0438\u0432\u0430\u043b\u0435 \u0437\u0432\u0451\u0437\u0434\u043d\u044b\u0445 \u0448\u0435\u0444\u043e\u0432 \u041c\u043e\u043d\u0442\u0435-\u041a\u0430\u0440\u043b\u043e\",\"isPartOf\":{\"@id\":\"https:\\\/\\\/www.monaco-tribune.com\\\/ru\\\/#website\"},\"primaryImageOfPage\":{\"@id\":\"https:\\\/\\\/www.monaco-tribune.com\\\/ru\\\/2025\\\/12\\\/knyaz-alber-ii-na-pyatom-festivale-zvyozdnyh-shefov-monte-karlo\\\/#primaryimage\"},\"image\":{\"@id\":\"https:\\\/\\\/www.monaco-tribune.com\\\/ru\\\/2025\\\/12\\\/knyaz-alber-ii-na-pyatom-festivale-zvyozdnyh-shefov-monte-karlo\\\/#primaryimage\"},\"thumbnailUrl\":\"https:\\\/\\\/www.monaco-tribune.com\\\/wp-content\\\/uploads\\\/2025\\\/12\\\/gala-de-cloture-festival-des-etoiles-monte-carlo-@monte-carlo-sbm-4-grande.jpeg\",\"datePublished\":\"2025-12-05T10:11:21+00:00\",\"dateModified\":\"2025-12-05T10:11:26+00:00\",\"description\":\"\u041f\u044f\u0442\u044b\u0439 \u0444\u0435\u0441\u0442\u0438\u0432\u0430\u043b\u044c \u0417\u0432\u0451\u0437\u0434\u043d\u044b\u0445 \u0448\u0435\u0444\u043e\u0432 \u041c\u043e\u043d\u0442\u0435-\u041a\u0430\u0440\u043b\u043e \u0437\u0430\u0432\u0435\u0440\u0448\u0438\u043b\u0441\u044f 29 \u043d\u043e\u044f\u0431\u0440\u044f \u0433\u0430\u043b\u0430-\u0443\u0436\u0438\u043d\u043e\u043c, \u0441\u043e\u0431\u0440\u0430\u0432\u0448\u0438\u043c \u043b\u0443\u0447\u0448\u0438\u0445 \u0448\u0435\u0444-\u043f\u043e\u0432\u0430\u0440\u043e\u0432 \u043a\u043e\u043d\u0446\u0435\u0440\u043d\u0430 SBM. \u0412 \u044d\u0442\u0438 \u0432\u044b\u0445\u043e\u0434\u043d\u044b\u0435 250 \u0433\u043e\u0441\u0442\u0435\u0439\",\"breadcrumb\":{\"@id\":\"https:\\\/\\\/www.monaco-tribune.com\\\/ru\\\/2025\\\/12\\\/knyaz-alber-ii-na-pyatom-festivale-zvyozdnyh-shefov-monte-karlo\\\/#breadcrumb\"},\"inLanguage\":\"ru-RU\",\"potentialAction\":[{\"@type\":\"ReadAction\",\"target\":[\"https:\\\/\\\/www.monaco-tribune.com\\\/ru\\\/2025\\\/12\\\/knyaz-alber-ii-na-pyatom-festivale-zvyozdnyh-shefov-monte-karlo\\\/\"]}]},{\"@type\":\"ImageObject\",\"inLanguage\":\"ru-RU\",\"@id\":\"https:\\\/\\\/www.monaco-tribune.com\\\/ru\\\/2025\\\/12\\\/knyaz-alber-ii-na-pyatom-festivale-zvyozdnyh-shefov-monte-karlo\\\/#primaryimage\",\"url\":\"https:\\\/\\\/www.monaco-tribune.com\\\/wp-content\\\/uploads\\\/2025\\\/12\\\/gala-de-cloture-festival-des-etoiles-monte-carlo-@monte-carlo-sbm-4-grande.jpeg\",\"contentUrl\":\"https:\\\/\\\/www.monaco-tribune.com\\\/wp-content\\\/uploads\\\/2025\\\/12\\\/gala-de-cloture-festival-des-etoiles-monte-carlo-@monte-carlo-sbm-4-grande.jpeg\",\"width\":1280,\"height\":853,\"caption\":\"\u041a\u043d\u044f\u0437\u044c \u0410\u043b\u044c\u0431\u0435\u0440 II \u0432 \u043e\u043a\u0440\u0443\u0436\u0435\u043d\u0438\u0438 \u0447\u043b\u0435\u043d\u043e\u0432 \u043a\u043d\u044f\u0436\u0435\u0441\u043a\u043e\u0439 \u0441\u0435\u043c\u044c\u0438 \u0438 \u0448\u0435\u0444-\u043f\u043e\u0432\u0430\u0440\u043e\u0432 \u043d\u0430 \u0437\u0430\u043a\u043b\u044e\u0447\u0438\u0442\u0435\u043b\u044c\u043d\u043e\u043c \u0433\u0430\u043b\u0430-\u0432\u0435\u0447\u0435\u0440\u0435 \u0424\u0435\u0441\u0442\u0438\u0432\u0430\u043b\u044f \u0437\u0432\u0451\u0437\u0434\u043d\u044b\u0445 \u0448\u0435\u0444\u043e\u0432 \u00a9 Monte-Carlo Soci\u00e9t\u00e9 des Bains de Mer\"},{\"@type\":\"BreadcrumbList\",\"@id\":\"https:\\\/\\\/www.monaco-tribune.com\\\/ru\\\/2025\\\/12\\\/knyaz-alber-ii-na-pyatom-festivale-zvyozdnyh-shefov-monte-karlo\\\/#breadcrumb\",\"itemListElement\":[{\"@type\":\"ListItem\",\"position\":1,\"name\":\"Accueil\",\"item\":\"https:\\\/\\\/www.monaco-tribune.com\\\/ru\\\/\"},{\"@type\":\"ListItem\",\"position\":2,\"name\":\"\u041a\u043d\u044f\u0437\u044c \u0410\u043b\u044c\u0431\u0435\u0440 II \u043d\u0430 \u043f\u044f\u0442\u043e\u043c \u0424\u0435\u0441\u0442\u0438\u0432\u0430\u043b\u0435 \u0437\u0432\u0451\u0437\u0434\u043d\u044b\u0445 \u0448\u0435\u0444\u043e\u0432 \u041c\u043e\u043d\u0442\u0435-\u041a\u0430\u0440\u043b\u043e\"}]},{\"@type\":\"WebSite\",\"@id\":\"https:\\\/\\\/www.monaco-tribune.com\\\/ru\\\/#website\",\"url\":\"https:\\\/\\\/www.monaco-tribune.com\\\/ru\\\/\",\"name\":\"Monaco Tribune\",\"description\":\"Monaco : actualit\u00e9s \u00e9conomiques, politiques, culturelles et sportives de Monaco et de la French Riviera.\",\"publisher\":{\"@id\":\"https:\\\/\\\/www.monaco-tribune.com\\\/ru\\\/#organization\"},\"potentialAction\":[{\"@type\":\"SearchAction\",\"target\":{\"@type\":\"EntryPoint\",\"urlTemplate\":\"https:\\\/\\\/www.monaco-tribune.com\\\/ru\\\/?s={search_term_string}\"},\"query-input\":{\"@type\":\"PropertyValueSpecification\",\"valueRequired\":true,\"valueName\":\"search_term_string\"}}],\"inLanguage\":\"ru-RU\"},{\"@type\":\"Organization\",\"@id\":\"https:\\\/\\\/www.monaco-tribune.com\\\/ru\\\/#organization\",\"name\":\"Monaco Tribune\",\"url\":\"https:\\\/\\\/www.monaco-tribune.com\\\/ru\\\/\",\"logo\":{\"@type\":\"ImageObject\",\"inLanguage\":\"ru-RU\",\"@id\":\"https:\\\/\\\/www.monaco-tribune.com\\\/ru\\\/#\\\/schema\\\/logo\\\/image\\\/\",\"url\":\"https:\\\/\\\/www.monaco-tribune.com\\\/wp-content\\\/uploads\\\/2022\\\/11\\\/logo-monaco-tribune.png\",\"contentUrl\":\"https:\\\/\\\/www.monaco-tribune.com\\\/wp-content\\\/uploads\\\/2022\\\/11\\\/logo-monaco-tribune.png\",\"width\":1548,\"height\":600,\"caption\":\"Monaco Tribune\"},\"image\":{\"@id\":\"https:\\\/\\\/www.monaco-tribune.com\\\/ru\\\/#\\\/schema\\\/logo\\\/image\\\/\"},\"sameAs\":[\"https:\\\/\\\/www.facebook.com\\\/MonacoTribune\",\"https:\\\/\\\/x.com\\\/MonacoTribune\",\"https:\\\/\\\/www.instagram.com\\\/monacotribune\\\/\",\"https:\\\/\\\/www.linkedin.com\\\/company\\\/monaco-tribune\",\"https:\\\/\\\/www.youtube.com\\\/channel\\\/UCHle1MnG6hw1y4lWKijVbMA\"]},{\"@type\":\"Person\",\"@id\":\"https:\\\/\\\/www.monaco-tribune.com\\\/ru\\\/#\\\/schema\\\/person\\\/8f6ed8c063276e2397589eda5b7a2f2d\",\"name\":\"Monaco Tribune\",\"image\":{\"@type\":\"ImageObject\",\"inLanguage\":\"ru-RU\",\"@id\":\"https:\\\/\\\/secure.gravatar.com\\\/avatar\\\/3010e6c5d6c8056ec1c25228fe68ea089879e5ae0de884e0247744ee988aaf6a?s=96&d=mm&r=g\",\"url\":\"https:\\\/\\\/secure.gravatar.com\\\/avatar\\\/3010e6c5d6c8056ec1c25228fe68ea089879e5ae0de884e0247744ee988aaf6a?s=96&d=mm&r=g\",\"contentUrl\":\"https:\\\/\\\/secure.gravatar.com\\\/avatar\\\/3010e6c5d6c8056ec1c25228fe68ea089879e5ae0de884e0247744ee988aaf6a?s=96&d=mm&r=g\",\"caption\":\"Monaco Tribune\"},\"url\":\"https:\\\/\\\/www.monaco-tribune.com\\\/ru\\\/author\\\/monaco-tribune\\\/\"}]}<\/script>\n<!-- \/ Yoast SEO Premium plugin. -->","yoast_head_json":{"title":"\u041a\u043d\u044f\u0437\u044c \u0410\u043b\u044c\u0431\u0435\u0440 II \u043d\u0430 \u043f\u044f\u0442\u043e\u043c \u0424\u0435\u0441\u0442\u0438\u0432\u0430\u043b\u0435 \u0437\u0432\u0451\u0437\u0434\u043d\u044b\u0445 \u0448\u0435\u0444\u043e\u0432 \u041c\u043e\u043d\u0442\u0435-\u041a\u0430\u0440\u043b\u043e","description":"\u041f\u044f\u0442\u044b\u0439 \u0444\u0435\u0441\u0442\u0438\u0432\u0430\u043b\u044c \u0417\u0432\u0451\u0437\u0434\u043d\u044b\u0445 \u0448\u0435\u0444\u043e\u0432 \u041c\u043e\u043d\u0442\u0435-\u041a\u0430\u0440\u043b\u043e \u0437\u0430\u0432\u0435\u0440\u0448\u0438\u043b\u0441\u044f 29 \u043d\u043e\u044f\u0431\u0440\u044f \u0433\u0430\u043b\u0430-\u0443\u0436\u0438\u043d\u043e\u043c, \u0441\u043e\u0431\u0440\u0430\u0432\u0448\u0438\u043c \u043b\u0443\u0447\u0448\u0438\u0445 \u0448\u0435\u0444-\u043f\u043e\u0432\u0430\u0440\u043e\u0432 \u043a\u043e\u043d\u0446\u0435\u0440\u043d\u0430 SBM. \u0412 \u044d\u0442\u0438 \u0432\u044b\u0445\u043e\u0434\u043d\u044b\u0435 250 \u0433\u043e\u0441\u0442\u0435\u0439","robots":{"index":"index","follow":"follow","max-snippet":"max-snippet:-1","max-image-preview":"max-image-preview:large","max-video-preview":"max-video-preview:-1"},"canonical":"https:\/\/www.monaco-tribune.com\/ru\/2025\/12\/knyaz-alber-ii-na-pyatom-festivale-zvyozdnyh-shefov-monte-karlo\/","og_locale":"ru_RU","og_type":"article","og_title":"\u041a\u043d\u044f\u0437\u044c \u0410\u043b\u044c\u0431\u0435\u0440 II \u043d\u0430 \u043f\u044f\u0442\u043e\u043c \u0424\u0435\u0441\u0442\u0438\u0432\u0430\u043b\u0435 \u0437\u0432\u0451\u0437\u0434\u043d\u044b\u0445 \u0448\u0435\u0444\u043e\u0432 \u041c\u043e\u043d\u0442\u0435-\u041a\u0430\u0440\u043b\u043e - Monaco Tribune","og_description":"\u041f\u044f\u0442\u044b\u0439 \u0444\u0435\u0441\u0442\u0438\u0432\u0430\u043b\u044c \u0417\u0432\u0451\u0437\u0434\u043d\u044b\u0445 \u0448\u0435\u0444\u043e\u0432 \u041c\u043e\u043d\u0442\u0435-\u041a\u0430\u0440\u043b\u043e \u0437\u0430\u0432\u0435\u0440\u0448\u0438\u043b\u0441\u044f 29 \u043d\u043e\u044f\u0431\u0440\u044f \u0433\u0430\u043b\u0430-\u0443\u0436\u0438\u043d\u043e\u043c, \u0441\u043e\u0431\u0440\u0430\u0432\u0448\u0438\u043c \u043b\u0443\u0447\u0448\u0438\u0445 \u0448\u0435\u0444-\u043f\u043e\u0432\u0430\u0440\u043e\u0432 \u043a\u043e\u043d\u0446\u0435\u0440\u043d\u0430 SBM. \u0412 \u044d\u0442\u0438 \u0432\u044b\u0445\u043e\u0434\u043d\u044b\u0435 250 \u0433\u043e\u0441\u0442\u0435\u0439","og_url":"https:\/\/www.monaco-tribune.com\/ru\/2025\/12\/knyaz-alber-ii-na-pyatom-festivale-zvyozdnyh-shefov-monte-karlo\/","og_site_name":"Monaco Tribune","article_publisher":"https:\/\/www.facebook.com\/MonacoTribune","article_published_time":"2025-12-05T10:11:21+00:00","article_modified_time":"2025-12-05T10:11:26+00:00","og_image":[{"width":1280,"height":853,"url":"https:\/\/www.monaco-tribune.com\/wp-content\/uploads\/2025\/12\/gala-de-cloture-festival-des-etoiles-monte-carlo-@monte-carlo-sbm-4-grande.jpeg","type":"image\/jpeg"}],"author":"Monaco Tribune","twitter_card":"summary_large_image","twitter_creator":"@MonacoTribune","twitter_site":"@MonacoTribune","schema":{"@context":"https:\/\/schema.org","@graph":[{"@type":"NewsArticle","@id":"https:\/\/www.monaco-tribune.com\/ru\/2025\/12\/knyaz-alber-ii-na-pyatom-festivale-zvyozdnyh-shefov-monte-karlo\/#article","isPartOf":{"@id":"https:\/\/www.monaco-tribune.com\/ru\/2025\/12\/knyaz-alber-ii-na-pyatom-festivale-zvyozdnyh-shefov-monte-karlo\/"},"author":{"name":"Monaco Tribune","@id":"https:\/\/www.monaco-tribune.com\/ru\/#\/schema\/person\/8f6ed8c063276e2397589eda5b7a2f2d"},"headline":"\u041a\u043d\u044f\u0437\u044c \u0410\u043b\u044c\u0431\u0435\u0440 II \u043d\u0430 \u043f\u044f\u0442\u043e\u043c \u0424\u0435\u0441\u0442\u0438\u0432\u0430\u043b\u0435 \u0437\u0432\u0451\u0437\u0434\u043d\u044b\u0445 \u0448\u0435\u0444\u043e\u0432 \u041c\u043e\u043d\u0442\u0435-\u041a\u0430\u0440\u043b\u043e","datePublished":"2025-12-05T10:11:21+00:00","dateModified":"2025-12-05T10:11:26+00:00","mainEntityOfPage":{"@id":"https:\/\/www.monaco-tribune.com\/ru\/2025\/12\/knyaz-alber-ii-na-pyatom-festivale-zvyozdnyh-shefov-monte-karlo\/"},"wordCount":261,"publisher":{"@id":"https:\/\/www.monaco-tribune.com\/ru\/#organization"},"image":{"@id":"https:\/\/www.monaco-tribune.com\/ru\/2025\/12\/knyaz-alber-ii-na-pyatom-festivale-zvyozdnyh-shefov-monte-karlo\/#primaryimage"},"thumbnailUrl":"https:\/\/www.monaco-tribune.com\/wp-content\/uploads\/2025\/12\/gala-de-cloture-festival-des-etoiles-monte-carlo-@monte-carlo-sbm-4-grande.jpeg","keywords":["\u041a\u043d\u044f\u0437\u044c \u0410\u043b\u044c\u0431\u0435\u0440 II"],"articleSection":["\u041d\u043e\u0432\u043e\u0441\u0442\u0438","\u0420\u0435\u043a\u043e\u043c\u0435\u043d\u0434\u0443\u0435\u043c","\u0427\u0435\u043c \u0437\u0430\u043d\u044f\u0442\u044c\u0441\u044f"],"inLanguage":"ru-RU","copyrightYear":"2025","copyrightHolder":{"@id":"https:\/\/www.monaco-tribune.com\/#organization"}},{"@type":"WebPage","@id":"https:\/\/www.monaco-tribune.com\/ru\/2025\/12\/knyaz-alber-ii-na-pyatom-festivale-zvyozdnyh-shefov-monte-karlo\/","url":"https:\/\/www.monaco-tribune.com\/ru\/2025\/12\/knyaz-alber-ii-na-pyatom-festivale-zvyozdnyh-shefov-monte-karlo\/","name":"\u041a\u043d\u044f\u0437\u044c \u0410\u043b\u044c\u0431\u0435\u0440 II \u043d\u0430 \u043f\u044f\u0442\u043e\u043c \u0424\u0435\u0441\u0442\u0438\u0432\u0430\u043b\u0435 \u0437\u0432\u0451\u0437\u0434\u043d\u044b\u0445 \u0448\u0435\u0444\u043e\u0432 \u041c\u043e\u043d\u0442\u0435-\u041a\u0430\u0440\u043b\u043e","isPartOf":{"@id":"https:\/\/www.monaco-tribune.com\/ru\/#website"},"primaryImageOfPage":{"@id":"https:\/\/www.monaco-tribune.com\/ru\/2025\/12\/knyaz-alber-ii-na-pyatom-festivale-zvyozdnyh-shefov-monte-karlo\/#primaryimage"},"image":{"@id":"https:\/\/www.monaco-tribune.com\/ru\/2025\/12\/knyaz-alber-ii-na-pyatom-festivale-zvyozdnyh-shefov-monte-karlo\/#primaryimage"},"thumbnailUrl":"https:\/\/www.monaco-tribune.com\/wp-content\/uploads\/2025\/12\/gala-de-cloture-festival-des-etoiles-monte-carlo-@monte-carlo-sbm-4-grande.jpeg","datePublished":"2025-12-05T10:11:21+00:00","dateModified":"2025-12-05T10:11:26+00:00","description":"\u041f\u044f\u0442\u044b\u0439 \u0444\u0435\u0441\u0442\u0438\u0432\u0430\u043b\u044c \u0417\u0432\u0451\u0437\u0434\u043d\u044b\u0445 \u0448\u0435\u0444\u043e\u0432 \u041c\u043e\u043d\u0442\u0435-\u041a\u0430\u0440\u043b\u043e \u0437\u0430\u0432\u0435\u0440\u0448\u0438\u043b\u0441\u044f 29 \u043d\u043e\u044f\u0431\u0440\u044f \u0433\u0430\u043b\u0430-\u0443\u0436\u0438\u043d\u043e\u043c, \u0441\u043e\u0431\u0440\u0430\u0432\u0448\u0438\u043c \u043b\u0443\u0447\u0448\u0438\u0445 \u0448\u0435\u0444-\u043f\u043e\u0432\u0430\u0440\u043e\u0432 \u043a\u043e\u043d\u0446\u0435\u0440\u043d\u0430 SBM. \u0412 \u044d\u0442\u0438 \u0432\u044b\u0445\u043e\u0434\u043d\u044b\u0435 250 \u0433\u043e\u0441\u0442\u0435\u0439","breadcrumb":{"@id":"https:\/\/www.monaco-tribune.com\/ru\/2025\/12\/knyaz-alber-ii-na-pyatom-festivale-zvyozdnyh-shefov-monte-karlo\/#breadcrumb"},"inLanguage":"ru-RU","potentialAction":[{"@type":"ReadAction","target":["https:\/\/www.monaco-tribune.com\/ru\/2025\/12\/knyaz-alber-ii-na-pyatom-festivale-zvyozdnyh-shefov-monte-karlo\/"]}]},{"@type":"ImageObject","inLanguage":"ru-RU","@id":"https:\/\/www.monaco-tribune.com\/ru\/2025\/12\/knyaz-alber-ii-na-pyatom-festivale-zvyozdnyh-shefov-monte-karlo\/#primaryimage","url":"https:\/\/www.monaco-tribune.com\/wp-content\/uploads\/2025\/12\/gala-de-cloture-festival-des-etoiles-monte-carlo-@monte-carlo-sbm-4-grande.jpeg","contentUrl":"https:\/\/www.monaco-tribune.com\/wp-content\/uploads\/2025\/12\/gala-de-cloture-festival-des-etoiles-monte-carlo-@monte-carlo-sbm-4-grande.jpeg","width":1280,"height":853,"caption":"\u041a\u043d\u044f\u0437\u044c \u0410\u043b\u044c\u0431\u0435\u0440 II \u0432 \u043e\u043a\u0440\u0443\u0436\u0435\u043d\u0438\u0438 \u0447\u043b\u0435\u043d\u043e\u0432 \u043a\u043d\u044f\u0436\u0435\u0441\u043a\u043e\u0439 \u0441\u0435\u043c\u044c\u0438 \u0438 \u0448\u0435\u0444-\u043f\u043e\u0432\u0430\u0440\u043e\u0432 \u043d\u0430 \u0437\u0430\u043a\u043b\u044e\u0447\u0438\u0442\u0435\u043b\u044c\u043d\u043e\u043c \u0433\u0430\u043b\u0430-\u0432\u0435\u0447\u0435\u0440\u0435 \u0424\u0435\u0441\u0442\u0438\u0432\u0430\u043b\u044f \u0437\u0432\u0451\u0437\u0434\u043d\u044b\u0445 \u0448\u0435\u0444\u043e\u0432 \u00a9 Monte-Carlo Soci\u00e9t\u00e9 des Bains de Mer"},{"@type":"BreadcrumbList","@id":"https:\/\/www.monaco-tribune.com\/ru\/2025\/12\/knyaz-alber-ii-na-pyatom-festivale-zvyozdnyh-shefov-monte-karlo\/#breadcrumb","itemListElement":[{"@type":"ListItem","position":1,"name":"Accueil","item":"https:\/\/www.monaco-tribune.com\/ru\/"},{"@type":"ListItem","position":2,"name":"\u041a\u043d\u044f\u0437\u044c \u0410\u043b\u044c\u0431\u0435\u0440 II \u043d\u0430 \u043f\u044f\u0442\u043e\u043c \u0424\u0435\u0441\u0442\u0438\u0432\u0430\u043b\u0435 \u0437\u0432\u0451\u0437\u0434\u043d\u044b\u0445 \u0448\u0435\u0444\u043e\u0432 \u041c\u043e\u043d\u0442\u0435-\u041a\u0430\u0440\u043b\u043e"}]},{"@type":"WebSite","@id":"https:\/\/www.monaco-tribune.com\/ru\/#website","url":"https:\/\/www.monaco-tribune.com\/ru\/","name":"Monaco Tribune","description":"Monaco : actualit\u00e9s \u00e9conomiques, politiques, culturelles et sportives de Monaco et de la French Riviera.","publisher":{"@id":"https:\/\/www.monaco-tribune.com\/ru\/#organization"},"potentialAction":[{"@type":"SearchAction","target":{"@type":"EntryPoint","urlTemplate":"https:\/\/www.monaco-tribune.com\/ru\/?s={search_term_string}"},"query-input":{"@type":"PropertyValueSpecification","valueRequired":true,"valueName":"search_term_string"}}],"inLanguage":"ru-RU"},{"@type":"Organization","@id":"https:\/\/www.monaco-tribune.com\/ru\/#organization","name":"Monaco Tribune","url":"https:\/\/www.monaco-tribune.com\/ru\/","logo":{"@type":"ImageObject","inLanguage":"ru-RU","@id":"https:\/\/www.monaco-tribune.com\/ru\/#\/schema\/logo\/image\/","url":"https:\/\/www.monaco-tribune.com\/wp-content\/uploads\/2022\/11\/logo-monaco-tribune.png","contentUrl":"https:\/\/www.monaco-tribune.com\/wp-content\/uploads\/2022\/11\/logo-monaco-tribune.png","width":1548,"height":600,"caption":"Monaco Tribune"},"image":{"@id":"https:\/\/www.monaco-tribune.com\/ru\/#\/schema\/logo\/image\/"},"sameAs":["https:\/\/www.facebook.com\/MonacoTribune","https:\/\/x.com\/MonacoTribune","https:\/\/www.instagram.com\/monacotribune\/","https:\/\/www.linkedin.com\/company\/monaco-tribune","https:\/\/www.youtube.com\/channel\/UCHle1MnG6hw1y4lWKijVbMA"]},{"@type":"Person","@id":"https:\/\/www.monaco-tribune.com\/ru\/#\/schema\/person\/8f6ed8c063276e2397589eda5b7a2f2d","name":"Monaco Tribune","image":{"@type":"ImageObject","inLanguage":"ru-RU","@id":"https:\/\/secure.gravatar.com\/avatar\/3010e6c5d6c8056ec1c25228fe68ea089879e5ae0de884e0247744ee988aaf6a?s=96&d=mm&r=g","url":"https:\/\/secure.gravatar.com\/avatar\/3010e6c5d6c8056ec1c25228fe68ea089879e5ae0de884e0247744ee988aaf6a?s=96&d=mm&r=g","contentUrl":"https:\/\/secure.gravatar.com\/avatar\/3010e6c5d6c8056ec1c25228fe68ea089879e5ae0de884e0247744ee988aaf6a?s=96&d=mm&r=g","caption":"Monaco Tribune"},"url":"https:\/\/www.monaco-tribune.com\/ru\/author\/monaco-tribune\/"}]}},"_links":{"self":[{"href":"https:\/\/www.monaco-tribune.com\/ru\/wp-json\/wp\/v2\/posts\/329144","targetHints":{"allow":["GET"]}}],"collection":[{"href":"https:\/\/www.monaco-tribune.com\/ru\/wp-json\/wp\/v2\/posts"}],"about":[{"href":"https:\/\/www.monaco-tribune.com\/ru\/wp-json\/wp\/v2\/types\/post"}],"author":[{"embeddable":true,"href":"https:\/\/www.monaco-tribune.com\/ru\/wp-json\/wp\/v2\/users\/21"}],"replies":[{"embeddable":true,"href":"https:\/\/www.monaco-tribune.com\/ru\/wp-json\/wp\/v2\/comments?post=329144"}],"version-history":[{"count":3,"href":"https:\/\/www.monaco-tribune.com\/ru\/wp-json\/wp\/v2\/posts\/329144\/revisions"}],"predecessor-version":[{"id":329147,"href":"https:\/\/www.monaco-tribune.com\/ru\/wp-json\/wp\/v2\/posts\/329144\/revisions\/329147"}],"wp:featuredmedia":[{"embeddable":true,"href":"https:\/\/www.monaco-tribune.com\/ru\/wp-json\/wp\/v2\/media\/328764"}],"wp:attachment":[{"href":"https:\/\/www.monaco-tribune.com\/ru\/wp-json\/wp\/v2\/media?parent=329144"}],"wp:term":[{"taxonomy":"category","embeddable":true,"href":"https:\/\/www.monaco-tribune.com\/ru\/wp-json\/wp\/v2\/categories?post=329144"},{"taxonomy":"post_tag","embeddable":true,"href":"https:\/\/www.monaco-tribune.com\/ru\/wp-json\/wp\/v2\/tags?post=329144"},{"taxonomy":"sectag","embeddable":true,"href":"https:\/\/www.monaco-tribune.com\/ru\/wp-json\/wp\/v2\/post_sectags?post=329144"},{"taxonomy":"format","embeddable":true,"href":"https:\/\/www.monaco-tribune.com\/ru\/wp-json\/wp\/v2\/post_format?post=329144"}],"curies":[{"name":"wp","href":"https:\/\/api.w.org\/{rel}","templated":true}]}}